{"id":18349,"date":"2015-01-10T13:50:56","date_gmt":"2015-01-10T12:50:56","guid":{"rendered":"http:\/\/www.loucamino.com\/?p=18349"},"modified":"2015-01-10T13:52:16","modified_gmt":"2015-01-10T12:52:16","slug":"objectif3280-la-4e-edition-sera-lancee-samedi-17-janvier","status":"publish","type":"post","link":"https:\/\/www.loucamino.com\/?p=18349","title":{"rendered":"Objectif3280 : la 4e \u00e9dition sera lanc\u00e9e samedi 17 janvier"},"content":{"rendered":"<ul class=\"wpsocialite social-buttons large\"><\/ul><p>(English version in the previous post)<\/p>\n<p>Un petit rappel pour ceux qui n&rsquo;en ont jamais entendu parler&#8230;<\/p>\n<h3><strong><em>QUOI\u00a0? <\/em><\/strong><\/h3>\n<p>Objectif<strong>3280<\/strong> est un <strong>projet photographique participatif, mondial, en ligne, en temps r\u00e9el<\/strong> et limit\u00e9 o\u00f9 toutes les photos post\u00e9es sont, de g\u00e9n\u00e9ration en g\u00e9n\u00e9ration, <strong>li\u00e9es les unes aux autres par des associations d\u2019id\u00e9es<\/strong>. Po\u00e9tique et ludique, Objectif<strong>3280<\/strong> nous invite, tous \u00e2ges et toutes pratiques photographiques confondus, \u00e0 partager nos imaginaires tout en composant collectivement des histoires in\u00e9dites. Et ainsi \u00e0 cr\u00e9er un superbe arbre \u00e9cho-photographique\u00a0!<\/p>\n<h3><strong><em>QUAND\u00a0?<\/em><\/strong><\/h3>\n<p>Motiv\u00e9es par le succ\u00e8s des 3 premi\u00e8res \u00e9ditions, <strong>Lou Camino et Coralie Vincent lancent la 4<sup>e<\/sup>\u00a0\u00e9dition d\u2019<\/strong>Objectif<strong>3280 le samedi 17 janvier 2015<\/strong>. Elle s\u2019ach\u00e8vera le samedi 14 f\u00e9vrier (N\u2019h\u00e9sitez pas \u00e0 diff\u00e9rer votre soir\u00e9e de Saint-Valentin pour vivre pleinement sa derni\u00e8re journ\u00e9e\u2026). Un mois de surchauffe photographique jalonn\u00e9 de 7 \u00e9tapes cl\u00e9s\u00a0: les passages d\u2019une g\u00e9n\u00e9ration \u00e0 l\u2019autre\u00a0!<\/p>\n<h3><strong><em>O\u00d9\u00a0?<\/em><\/strong><\/h3>\n<p>Sur le tout nouveau site trilingue d\u00e9di\u00e9 \u00e0 ce projet unique\u00a0au monde (enfin, si vous en connaissez d\u2019autres, dites-le nous\u00a0!) : <a title=\"Site d'Objectif3280\" href=\"http:\/\/www.objectif3280.com\" target=\"_blank\"><strong>www.objectif3280.com<\/strong><\/a><\/p>\n<h3><strong><em>QUI\u00a0?<\/em><\/strong><\/h3>\n<p>Toute personne dot\u00e9e d\u2019un <strong>cerveau<\/strong>, en mesure de faire des associations d\u2019id\u00e9es en regardant une image, disposant elle-m\u00eame de <strong>photographies<\/strong> \u2013 num\u00e9riques, argentiques, pas de discrimination\u00a0! \u2013 et d\u2019un ordinateur connect\u00e9 \u00e0 Internet peut <strong>participer<\/strong>. Enfin, doit participer\u00a0!<\/p>\n<h3><strong><em>COMMENT\u00a0?<\/em><\/strong><\/h3>\n<p>En allant sur le site d\u2019Objectif<strong>3280<\/strong> et en suivant les instructions\u00a0! Tout le monde est d\u2019accord sur un point\u00a0: \u00ab\u00a0<strong>c\u2019est super facile d\u00e8s lors qu\u2019on a compris comment cela fonctionne\u00a0!<\/strong>\u00a0\u00bb. Mais rassurez-vous, c\u2019est assez instinctif\u00a0! D\u2019autant que nous veillons, \u00e0 l\u2019issue de chaque \u00e9dition, \u00e0 rendre l\u2019interface de participation toujours plus ergonomique et agr\u00e9able\u00a0!<\/p>\n<h3><strong><em>CR\u00c2NONS UN PEU\u00a0TOUT DE M\u00caME<\/em><\/strong><\/h3>\n<p>Objectif<strong>3280<\/strong>, c\u2019est d\u00e9j\u00e0 3 \u00e9ditions\u00a0; <strong>544<\/strong> participants (le plus au Nord a post\u00e9 du Svalbard, le plus au Sud des Iles Kerguelen\u00a0!)\u00a0; <strong>45<\/strong> pays repr\u00e9sent\u00e9s\u00a0; 4 122 \u00e9chos post\u00e9s, 2 163 photopo\u00e8mes compos\u00e9s\u00a0; des familles engag\u00e9es sur 3 g\u00e9n\u00e9rations&#8230;<\/p>\n<p>&nbsp;<\/p>\n<h2>Pour r\u00e9sumer, Objectif<strong>3280<\/strong> est un projet artistique\u00a0:<\/h2>\n<ul>\n<li><strong>Utopique<\/strong> : cr\u00e9er une \u0153uvre po\u00e9tico-photographique avec des inconnus sur la base d\u2019associations d\u2019id\u00e9es<\/li>\n<li><strong>Viral\u00a0<\/strong>: figurez-vous que certains m\u2019ont rapport\u00e9 avoir mis leur r\u00e9veil \u00e0 6h du matin pour \u00eatre s\u00fbr d\u2019avoir une place dans les toutes premi\u00e8res g\u00e9n\u00e9rations\u00a0(peu nombreuses, elles en effet sont tr\u00e8s pris\u00e9es) ! C\u2019est dire\u2026<\/li>\n<li><strong>G\u00e9n\u00e9reux<\/strong>: pl\u00e9bisciter le collectif sans mettre qui que ce soit en avant en particulier parce que l\u2019individualisme, c\u2019est comme les <em>selfies<\/em>, c\u2019est <em>has been<\/em>, alors que cr\u00e9er ensemble, c\u2019est ben plus trippant\u00a0!<\/li>\n<li><strong>Gourmand\u00a0<\/strong>: pour chaque photo post\u00e9e par une personne, trois autres peuvent inventer la suite, ouvrant ainsi, g\u00e9n\u00e9ration apr\u00e8s g\u00e9n\u00e9ration (8 exactement), le champ des possibles tout en illustrant la diversit\u00e9 et la richesse des points de vue\u00a0! C\u2019est ce que l\u2019on appelle un projet exponentiel\u00a0!<\/li>\n<li><strong>Interg\u00e9n\u00e9rationnel<\/strong> : c\u2019est l\u2019essence m\u00eame d\u2019Objectif<strong>3280<\/strong> qui trouve un \u00e9cho \u00e0 travers ses participants, \u00e2g\u00e9s de 9 \u00e0 75 ans, dont plusieurs familles pr\u00e9sentes sur 3 g\u00e9n\u00e9rations.<\/li>\n<li><strong>Fou<\/strong> : il faut l\u2019\u00eatre un peu pour vouloir r\u00e9unir 3 280 photos en 30 jours et autant de belles histoires ! Donc partagez, partagez, partagez pour qu\u2019Objectif<strong>3280 <\/strong>r\u00e9sonne toujours plus aux 4 ronds du monde\u00a0!<\/li>\n<\/ul>\n<p>&nbsp;<\/p>\n<h4><strong>Calendrier pr\u00e9visionnel modulable (date d\u2019ouvertures des g\u00e9n\u00e9rations, nombre maximum d\u2019\u00e9chos possibles par g\u00e9n\u00e9ration et d\u2019\u00e9chos autoris\u00e9s par participant)<\/strong><\/h4>\n<p><a href=\"http:\/\/www.loucamino.com\/wp-content\/uploads\/2015\/01\/calendrier_O3280.png\"><img loading=\"lazy\" class=\"aligncenter wp-image-18350\" src=\"http:\/\/www.loucamino.com\/wp-content\/uploads\/2015\/01\/calendrier_O3280.png\" alt=\"calendrier Objectif3280\" width=\"550\" height=\"151\" srcset=\"https:\/\/www.loucamino.com\/wp-content\/uploads\/2015\/01\/calendrier_O3280.png 957w, https:\/\/www.loucamino.com\/wp-content\/uploads\/2015\/01\/calendrier_O3280-300x82.png 300w\" sizes=\"(max-width: 550px) 100vw, 550px\" \/><\/a><\/p>\n<p>Si les g\u00e9n\u00e9rations sont compl\u00e8tes, l\u2019arbre portera 3 280 photos, d\u2019o\u00f9 le nom du projet\u00a0!<\/p>\n<p><strong>Rendez-vous le 17 janvier pour d\u00e9couvrir la photo originelle d\u2019o\u00f9 tout d\u00e9coulera\u00a0!<\/strong><\/p>\n<p>&nbsp;<\/p>\n<div id=\"iLikeThis-18349\" class=\"iLikeThis\"><span class=\"counter\"><a onclick=\"likeThis(18349);\" class=\"image\">3<\/a><\/span><\/div>\n<p><a href=\"http:\/\/www.facebook.com\/share.php?u=https%3A%2F%2Fwww.loucamino.com%2F%3Fp%3D18349&amp;t=Objectif3280%20%3A%20la%204e%20%C3%A9dition%20sera%20lanc%C3%A9e%20samedi%2017%20janvier\" id=\"facebook_share_both_18349\" style=\"font-size:11px; line-height:13px; font-family:'lucida grande',tahoma,verdana,arial,sans-serif; text-decoration:none; padding:2px 0 0 20px; height:16px; background:url(http:\/\/b.static.ak.fbcdn.net\/images\/share\/facebook_share_icon.gif) no-repeat top left;\">Share on Facebook<\/a><br \/>\n\t<script type=\"text\/javascript\">\n\t<!--\n\tvar button = document.getElementById('facebook_share_link_18349') || document.getElementById('facebook_share_icon_18349') || document.getElementById('facebook_share_both_18349') || document.getElementById('facebook_share_button_18349');\n\tif (button) {\n\t\tbutton.onclick = function(e) {\n\t\t\tvar url = this.href.replace(\/share\\.php\/, 'sharer.php');\n\t\t\twindow.open(url,'sharer','toolbar=0,status=0,width=626,height=436');\n\t\t\treturn false;\n\t\t}\n\t\n\t\tif (button.id === 'facebook_share_button_18349') {\n\t\t\tbutton.onmouseover = function(){\n\t\t\t\tthis.style.color='#fff';\n\t\t\t\tthis.style.borderColor = '#295582';\n\t\t\t\tthis.style.backgroundColor = '#3b5998';\n\t\t\t}\n\t\t\tbutton.onmouseout = function(){\n\t\t\t\tthis.style.color = '#3b5998';\n\t\t\t\tthis.style.borderColor = '#d8dfea';\n\t\t\t\tthis.style.backgroundColor = '#fff';\n\t\t\t}\n\t\t}\n\t}\n\t-->\n\t<\/script><\/p>\n","protected":false},"excerpt":{"rendered":"<p>(English version in the previous post) Un petit rappel pour ceux qui n&rsquo;en ont jamais entendu parler&#8230; QUOI\u00a0? Objectif3280 est un projet photographique participatif, mondial, en ligne, en temps r\u00e9el et limit\u00e9 o\u00f9 toutes les photos post\u00e9es sont, de g\u00e9n\u00e9ration en g\u00e9n\u00e9ration, li\u00e9es les unes aux autres par des associations d\u2019id\u00e9es. Po\u00e9tique et ludique, Objectif3280 [&hellip;]<\/p>\n<a href=\"http:\/\/www.facebook.com\/share.php?u=https%3A%2F%2Fwww.loucamino.com%2F%3Fp%3D18349&amp;t=Objectif3280%20%3A%20la%204e%20%C3%A9dition%20sera%20lanc%C3%A9e%20samedi%2017%20janvier\" id=\"facebook_share_both_18349\" style=\"font-size:11px; line-height:13px; font-family:'lucida grande',tahoma,verdana,arial,sans-serif; text-decoration:none; padding:2px 0 0 20px; height:16px; background:url(http:\/\/b.static.ak.fbcdn.net\/images\/share\/facebook_share_icon.gif) no-repeat top left;\">Share on Facebook<\/a>\r\n\t<script type=\"text\/javascript\">\r\n\t<!--\r\n\tvar button = document.getElementById('facebook_share_link_18349') || document.getElementById('facebook_share_icon_18349') || document.getElementById('facebook_share_both_18349') || document.getElementById('facebook_share_button_18349');\r\n\tif (button) {\r\n\t\tbutton.onclick = function(e) {\r\n\t\t\tvar url = this.href.replace(\/share\\.php\/, 'sharer.php');\r\n\t\t\twindow.open(url,'sharer','toolbar=0,status=0,width=626,height=436');\r\n\t\t\treturn false;\r\n\t\t}\r\n\t\r\n\t\tif (button.id === 'facebook_share_button_18349') {\r\n\t\t\tbutton.onmouseover = function(){\r\n\t\t\t\tthis.style.color='#fff';\r\n\t\t\t\tthis.style.borderColor = '#295582';\r\n\t\t\t\tthis.style.backgroundColor = '#3b5998';\r\n\t\t\t}\r\n\t\t\tbutton.onmouseout = function(){\r\n\t\t\t\tthis.style.color = '#3b5998';\r\n\t\t\t\tthis.style.borderColor = '#d8dfea';\r\n\t\t\t\tthis.style.backgroundColor = '#fff';\r\n\t\t\t}\r\n\t\t}\r\n\t}\r\n\t-->\r\n\t<\/script>\r\n\t","protected":false},"author":1,"featured_media":0,"comment_status":"open","ping_status":"open","sticky":false,"template":"","format":"standard","meta":{"ngg_post_thumbnail":0},"categories":[1],"tags":[2990,2991,2597,1844,272,2489,2604],"_links":{"self":[{"href":"https:\/\/www.loucamino.com\/index.php?rest_route=\/wp\/v2\/posts\/18349"}],"collection":[{"href":"https:\/\/www.loucamino.com\/index.php?rest_route=\/wp\/v2\/posts"}],"about":[{"href":"https:\/\/www.loucamino.com\/index.php?rest_route=\/wp\/v2\/types\/post"}],"author":[{"embeddable":true,"href":"https:\/\/www.loucamino.com\/index.php?rest_route=\/wp\/v2\/users\/1"}],"replies":[{"embeddable":true,"href":"https:\/\/www.loucamino.com\/index.php?rest_route=%2Fwp%2Fv2%2Fcomments&post=18349"}],"version-history":[{"count":6,"href":"https:\/\/www.loucamino.com\/index.php?rest_route=\/wp\/v2\/posts\/18349\/revisions"}],"predecessor-version":[{"id":18361,"href":"https:\/\/www.loucamino.com\/index.php?rest_route=\/wp\/v2\/posts\/18349\/revisions\/18361"}],"wp:attachment":[{"href":"https:\/\/www.loucamino.com\/index.php?rest_route=%2Fwp%2Fv2%2Fmedia&parent=18349"}],"wp:term":[{"taxonomy":"category","embeddable":true,"href":"https:\/\/www.loucamino.com\/index.php?rest_route=%2Fwp%2Fv2%2Fcategories&post=18349"},{"taxonomy":"post_tag","embeddable":true,"href":"https:\/\/www.loucamino.com\/index.php?rest_route=%2Fwp%2Fv2%2Ftags&post=18349"}],"curies":[{"name":"wp","href":"https:\/\/api.w.org\/{rel}","templated":true}]}}