{"id":16084,"date":"2014-01-28T12:15:03","date_gmt":"2014-01-28T11:15:03","guid":{"rendered":"http:\/\/www.loucamino.com\/?p=16084"},"modified":"2014-01-28T18:40:48","modified_gmt":"2014-01-28T17:40:48","slug":"objectif3280-19-sur-une-branche-perchee-avec-line-francillon","status":"publish","type":"post","link":"https:\/\/www.loucamino.com\/?p=16084","title":{"rendered":"Objectif3280 #19 Sur une branche, perch\u00e9e avec\u2026 Line Francillon"},"content":{"rendered":"<ul class=\"wpsocialite social-buttons large\"><\/ul><p>Apr\u00e8s une petite pause post-f\u00eates meilleurs v\u0153ux et puis voil\u00e0, Line Francillon se pose quelques minutes sur la branche&#8230;<\/p>\n<p><b>Quelle est la place de la photographie dans ta vie ?<\/b><br \/>\nJe fais et je vois des photographies depuis longtemps, depuis tout le temps en fait, j&rsquo;ai commenc\u00e9 sans y penser, car mon p\u00e8re est artiste photographe, et travaillait dans un laboratoire argentique. Les images, l&rsquo;appareil photo, le cadre, le temps, le choix, la chimie\u2026 C&rsquo;est une pratique naturelle pour moi, mais\u00a0qui est devenue de plus en plus consciente\u00a0et\u00a0qui a \u00e9volu\u00e9 avec la d\u00e9couverte d&rsquo;autres arts visuels. Ce qui m&rsquo;int\u00e9resse dans la photo, c&rsquo;est l&rsquo;invention, et cela dans le r\u00e9el. Une histoire de rencontre des \u00e9l\u00e9ments, de lumi\u00e8re, d&rsquo;attente, d&rsquo;instant, d&rsquo;intuition. Cette pratique oblige \u00e0 trouver son \u00ab\u00a0point de vue\u00a0\u00bb sur les choses, sur ce qui nous entoure. En photo, tu es oblig\u00e9 de regarder autour de toi, c&rsquo;est un art solitaire, mais en m\u00eame temps tu te connectes avec le monde.\u00a0Cela parait superficiel, on ne capte que la surface des choses, mais parfois une image prend du sens, elle existe, elle s&rsquo;affranchit de toi et de son contexte.<br \/>\nLa mani\u00e8re dont je fais des images est tr\u00e8s instinctive, et en m\u00eame temps profonde. Je ne comprends pas tout, cela me d\u00e9passe. Dans mon travail de transmission de la photographie notamment, avec diff\u00e9rents publics, j&rsquo;essaie de faire sortir les choses les plus personnelles, les plus particuli\u00e8res. La prouesse technique et les photos d\u00e9j\u00e0 vues mille fois\u00a0m&rsquo;ont toujours ennuy\u00e9e, car je ne sens personne derri\u00e8re l&rsquo;image, sinon la \u00ab\u00a0norme\u00a0\u00bb de ce qui doit \u00eatre beau et acceptable esth\u00e9tiquement.<br \/>\nBref, la photo est pour moi un moyen de percevoir le monde de mani\u00e8re intense, d&rsquo;\u00eatre dans la vie. C&rsquo;est une exploration sans fin.<\/p>\n<p><b>Quelle est l&rsquo;histoire de ta photo (<a title=\"Objectif3280 : la fabrique du paysage\" href=\"http:\/\/www.loucamino.com\/?page_id=14816&amp;ligne=8&amp;img=791\" target=\"_blank\"><i>La fabrique du paysage<\/i><\/a>)\u00a0?<\/b><br \/>\nCela fait deux \u00e9t\u00e9s que je voyage en Islande, et \u00e0 chaque fois j&rsquo;ai fait des photos dans cet endroit.\u00a0Il s&rsquo;agit d&rsquo;une maquette de l&rsquo;\u00eele. J&rsquo;ai tout de suite aim\u00e9 les reliefs \u00e0 contrejour et le rapport d&rsquo;\u00e9chelle avec les visiteurs. L&rsquo;id\u00e9e de construction du paysage m&rsquo;est venue. Et ce qui est \u00e9tonnant, c&rsquo;est que je suis tomb\u00e9e sur l&rsquo;atelier de construction de ces maquettes par hasard, dans un village. Je suis en train de d\u00e9velopper une s\u00e9rie sur la repr\u00e9sentation du paysage, et cette photo y trouvera s\u00fbrement sa place.<\/p>\n<p><b>Quelle connexion avec celle de la g\u00e9n\u00e9ration pr\u00e9c\u00e9dente (<i>La terre vue du ciel<\/i><\/b><b><i> <\/i><\/b><b>de Camille Ganivet<i>) <\/i><\/b><b>?<\/b><br \/>\nLa photo vue d&rsquo;avion de Camille Ganivet m&rsquo;a plu car elle est tr\u00e8s simple, la terre en jaune, la mer en bleu. Cela m&rsquo;a fait penser \u00e0 la repr\u00e9sentation du monde dans les Atlas, alors j&rsquo;ai pens\u00e9 \u00e0 cette photo.<\/p>\n<p>&nbsp;<\/p>\n<p>Vous pouvez d\u00e9couvrir le travail de Line en allant <a href=\"http:\/\/www.linefrancillon.com\" title=\"Site Line Francillon\" target=\"_blank\">sur son site<\/a>.<\/p>\n<p>Line Francillon expose prochainement quelques photographies \u00e0 Orl\u00e9ans\u00a0:<br \/>\n\u00ab\u00a0Incidences\u00a0\u00bb, installation de Line Francillon \u00e0 <a title=\"Site de l'identit\u00e9 remarquable\" href=\"http:\/\/identiteremarquable.over-blog.org\" target=\"_blank\">L\u2019identit\u00e9 remarquable<\/a>, Orl\u00e9ans<br \/>\nVernissage samedi 1<sup>er<\/sup> f\u00e9vrier \u00e0 18h ; visible tout le mois de f\u00e9vrier, 7j\/7, 24h\/24<br \/>\n4 rue du Bourdon Blanc, Orl\u00e9ans<\/p>\n<div id=\"iLikeThis-16084\" class=\"iLikeThis\"><span class=\"counter\"><a onclick=\"likeThis(16084);\" class=\"image\">3<\/a><\/span><\/div>\n<p><a href=\"http:\/\/www.facebook.com\/share.php?u=https%3A%2F%2Fwww.loucamino.com%2F%3Fp%3D16084&amp;t=Objectif3280%20%2319%20Sur%20une%20branche%2C%20perch%C3%A9e%20avec%E2%80%A6%20Line%20Francillon\" id=\"facebook_share_both_16084\" style=\"font-size:11px; line-height:13px; font-family:'lucida grande',tahoma,verdana,arial,sans-serif; text-decoration:none; padding:2px 0 0 20px; height:16px; background:url(http:\/\/b.static.ak.fbcdn.net\/images\/share\/facebook_share_icon.gif) no-repeat top left;\">Share on Facebook<\/a><br \/>\n\t<script type=\"text\/javascript\">\n\t<!--\n\tvar button = document.getElementById('facebook_share_link_16084') || document.getElementById('facebook_share_icon_16084') || document.getElementById('facebook_share_both_16084') || document.getElementById('facebook_share_button_16084');\n\tif (button) {\n\t\tbutton.onclick = function(e) {\n\t\t\tvar url = this.href.replace(\/share\\.php\/, 'sharer.php');\n\t\t\twindow.open(url,'sharer','toolbar=0,status=0,width=626,height=436');\n\t\t\treturn false;\n\t\t}\n\t\n\t\tif (button.id === 'facebook_share_button_16084') {\n\t\t\tbutton.onmouseover = function(){\n\t\t\t\tthis.style.color='#fff';\n\t\t\t\tthis.style.borderColor = '#295582';\n\t\t\t\tthis.style.backgroundColor = '#3b5998';\n\t\t\t}\n\t\t\tbutton.onmouseout = function(){\n\t\t\t\tthis.style.color = '#3b5998';\n\t\t\t\tthis.style.borderColor = '#d8dfea';\n\t\t\t\tthis.style.backgroundColor = '#fff';\n\t\t\t}\n\t\t}\n\t}\n\t-->\n\t<\/script><\/p>\n","protected":false},"excerpt":{"rendered":"<p>Apr\u00e8s une petite pause post-f\u00eates meilleurs v\u0153ux et puis voil\u00e0, Line Francillon se pose quelques minutes sur la branche&#8230; Quelle est la place de la photographie dans ta vie ? Je fais et je vois des photographies depuis longtemps, depuis tout le temps en fait, j&rsquo;ai commenc\u00e9 sans y penser, car mon p\u00e8re est artiste [&hellip;]<\/p>\n<a href=\"http:\/\/www.facebook.com\/share.php?u=https%3A%2F%2Fwww.loucamino.com%2F%3Fp%3D16084&amp;t=Objectif3280%20%2319%20Sur%20une%20branche%2C%20perch%C3%A9e%20avec%E2%80%A6%20Line%20Francillon\" id=\"facebook_share_both_16084\" style=\"font-size:11px; line-height:13px; font-family:'lucida grande',tahoma,verdana,arial,sans-serif; text-decoration:none; padding:2px 0 0 20px; height:16px; background:url(http:\/\/b.static.ak.fbcdn.net\/images\/share\/facebook_share_icon.gif) no-repeat top left;\">Share on Facebook<\/a>\r\n\t<script type=\"text\/javascript\">\r\n\t<!--\r\n\tvar button = document.getElementById('facebook_share_link_16084') || document.getElementById('facebook_share_icon_16084') || document.getElementById('facebook_share_both_16084') || document.getElementById('facebook_share_button_16084');\r\n\tif (button) {\r\n\t\tbutton.onclick = function(e) {\r\n\t\t\tvar url = this.href.replace(\/share\\.php\/, 'sharer.php');\r\n\t\t\twindow.open(url,'sharer','toolbar=0,status=0,width=626,height=436');\r\n\t\t\treturn false;\r\n\t\t}\r\n\t\r\n\t\tif (button.id === 'facebook_share_button_16084') {\r\n\t\t\tbutton.onmouseover = function(){\r\n\t\t\t\tthis.style.color='#fff';\r\n\t\t\t\tthis.style.borderColor = '#295582';\r\n\t\t\t\tthis.style.backgroundColor = '#3b5998';\r\n\t\t\t}\r\n\t\t\tbutton.onmouseout = function(){\r\n\t\t\t\tthis.style.color = '#3b5998';\r\n\t\t\t\tthis.style.borderColor = '#d8dfea';\r\n\t\t\t\tthis.style.backgroundColor = '#fff';\r\n\t\t\t}\r\n\t\t}\r\n\t}\r\n\t-->\r\n\t<\/script>\r\n\t","protected":false},"author":1,"featured_media":0,"comment_status":"open","ping_status":"closed","sticky":false,"template":"","format":"standard","meta":{"ngg_post_thumbnail":0},"categories":[1,2585],"tags":[468,1209,1817,2597,272,2489,1208],"_links":{"self":[{"href":"https:\/\/www.loucamino.com\/index.php?rest_route=\/wp\/v2\/posts\/16084"}],"collection":[{"href":"https:\/\/www.loucamino.com\/index.php?rest_route=\/wp\/v2\/posts"}],"about":[{"href":"https:\/\/www.loucamino.com\/index.php?rest_route=\/wp\/v2\/types\/post"}],"author":[{"embeddable":true,"href":"https:\/\/www.loucamino.com\/index.php?rest_route=\/wp\/v2\/users\/1"}],"replies":[{"embeddable":true,"href":"https:\/\/www.loucamino.com\/index.php?rest_route=%2Fwp%2Fv2%2Fcomments&post=16084"}],"version-history":[{"count":6,"href":"https:\/\/www.loucamino.com\/index.php?rest_route=\/wp\/v2\/posts\/16084\/revisions"}],"predecessor-version":[{"id":16092,"href":"https:\/\/www.loucamino.com\/index.php?rest_route=\/wp\/v2\/posts\/16084\/revisions\/16092"}],"wp:attachment":[{"href":"https:\/\/www.loucamino.com\/index.php?rest_route=%2Fwp%2Fv2%2Fmedia&parent=16084"}],"wp:term":[{"taxonomy":"category","embeddable":true,"href":"https:\/\/www.loucamino.com\/index.php?rest_route=%2Fwp%2Fv2%2Fcategories&post=16084"},{"taxonomy":"post_tag","embeddable":true,"href":"https:\/\/www.loucamino.com\/index.php?rest_route=%2Fwp%2Fv2%2Ftags&post=16084"}],"curies":[{"name":"wp","href":"https:\/\/api.w.org\/{rel}","templated":true}]}}