{"id":15854,"date":"2013-12-20T10:32:53","date_gmt":"2013-12-20T09:32:53","guid":{"rendered":"http:\/\/www.loucamino.com\/?p=15854"},"modified":"2013-12-20T10:32:53","modified_gmt":"2013-12-20T09:32:53","slug":"objectif3280-17-sur-une-branche-perchee-avec-laurence-serfaty","status":"publish","type":"post","link":"https:\/\/www.loucamino.com\/?p=15854","title":{"rendered":"Objectif3280 #17 Sur une branche, perch\u00e9e avec\u2026 Laurence Serfaty"},"content":{"rendered":"<ul class=\"wpsocialite social-buttons large\"><\/ul><p>A <a title=\"Site de Laurence Serfaty\" href=\"http:\/\/laurenceserfaty.unblog.fr\/\" target=\"_blank\">Laurence Serfaty<\/a> de monter sur la branche&#8230; Laurence, une grande fid\u00e8le d&rsquo;Objectif3280 puisqu&rsquo;elle participe depuis la 2e g\u00e9n\u00e9ration de la 1re \u00e9dition en 2010 et qu&rsquo;elle a fait monter un nombre non n\u00e9gligeable de personnes sur cet arbre collectif !<\/p>\n<p><strong>Quelle est la place de la photographie dans ta vie ?<\/strong><br \/>\nJ\u2019ai eu mon premier Instamatic Kodak \u00e0 12 ans, un cadeau de mon p\u00e8re pour mon anniversaire, je crois. Je n\u2019avais pas du tout le sens du cadre. J\u2019ai commenc\u00e9 \u00e0 comprendre comment composer une photo en visitant les ch\u00e2teaux de la Loire. C\u2019est l\u00e0 que j\u2019ai r\u00e9alis\u00e9 qu\u2019il fallait chercher des angles originaux, des points de vue diff\u00e9rents et ne pas se contenter de faire \u201cclic\u201d face au monument. Je ne prends pas de photos r\u00e9guli\u00e8rement, je ne pars pas en chasse \u00e0 la bonne photo et je n\u2019ai jamais eu un excellent mat\u00e9riel. D\u2019ailleurs, l\u2019envie d\u2019acqu\u00e9rir un meilleur \u00e9quipement commence \u00e0 me d\u00e9manger. Aujourd\u2019hui, je fais pas mal de photos avec mon Iphone et avec un petit Canon num\u00e9rique. J\u2019ai du mal \u00e0 prendre des photos quand les \u00e9motions que je ressens sont intenses parce que je pr\u00e9f\u00e8re vivre le moment plut\u00f4t que de chercher \u00e0 en pr\u00e9server une trace en image. Quand j\u2019observe les gens et leur appareil photo, je me demande souvent combien de photos sont prises chaque jour dans le monde, surtout depuis l\u2019invention du num\u00e9rique. Je me demande ce que deviennent ces clich\u00e9s, s\u2019ils sont regard\u00e9s au retour des voyages. Je me demande aussi parfois sur combien de photos de touristes nous figurons puisqu\u2019il nous arrive si souvent de passer dans le champ d\u2019un appareil. Les photographes que j\u2019aime dans le d\u00e9sordre : Salgado, Reza, les deux photographes qui ont provoqu\u00e9 les \u00e9motions les plus fortes et Riboud, Dorothea Lange, Depardon, Capa. M\u00eame si je suis sensible \u00e0 la composition graphique d\u2019une photo, ce sont toujours les photos de gens qui me touchent le plus.<\/p>\n<p><strong>Quelle est l\u2019histoire de ta photo (<a title=\"Objectif3280 : voilier du nord\" href=\"http:\/\/www.loucamino.com\/?page_id=14816&amp;ligne=2&amp;img=2\" target=\"_blank\"><em>Voilier du nord<\/em><\/a>)<em> <\/em>?<\/strong><br \/>\nLa photo a \u00e9t\u00e9 prise \u00e0 Stockholm, d\u00e9but mars 2011. J\u2019avais eu la chance d\u2019y \u00eatre invit\u00e9e \u00e0 l\u2019occasion d\u2019un festival de films scientifiques (o\u00f9 l\u2019un de mes films \u00e9tait projet\u00e9). Deux jours plus t\u00f4t, je me trouvais \u00e0 Louxor et le choc thermique fut un peu vertigineux. Mais, \u00e0 part la temp\u00e9rature, je notais des ressemblances : des voiliers (\/\/ des felouques sur le Nil) et des ob\u00e9lisques (si si, il y a en a 2 ou 3, aussi kitschs que contemporains, le long du port, \u00e0 Stockholm). A l\u2019instar d\u201903280, je remarquais les \u00e9chos visuels entre ces deux villes si \u00e9loign\u00e9es.<\/p>\n<p><strong>Quelle connexion avec celle de la g\u00e9n\u00e9ration pr\u00e9c\u00e9dente\u00a0(<em>Another day on earth<\/em> de Lou Camino)\u00a0?<\/strong><br \/>\nBateaux sur l\u2019eau, immeubles \u00e0 l\u2019arri\u00e8re-plan, ciels&#8230; il s\u2019agit surtout d\u2019une connexion \u201cconceptuelle\u201d. Parce que l\u2019\u00e9cho graphique ou l\u2019\u00e9cho en termes de teintes n\u2019est pas flagrant (doux euph\u00e9misme). Je dois avouer aussi ma h\u00e2te dans le choix de cette photo de 2\u00e8me g\u00e9n\u00e9ration : je participe \u00e0 03280 depuis la 1\u00e8re \u00e9dition et, comme une gamine, j\u2019\u00e9tais press\u00e9e de jouer d\u00e8s cette premi\u00e8re \u00e9tape ! Ceci dit, quand je vois les photopo\u00e8mes parmi lesquels elle figure, je me dis que mon choix pr\u00e9cipit\u00e9 n\u2019est pas si inopportun \ud83d\ude09<\/p>\n<div id=\"iLikeThis-15854\" class=\"iLikeThis\"><span class=\"counter\"><a onclick=\"likeThis(15854);\" class=\"image\">5<\/a><\/span><\/div>\n<p><a href=\"http:\/\/www.facebook.com\/share.php?u=https%3A%2F%2Fwww.loucamino.com%2F%3Fp%3D15854&amp;t=Objectif3280%20%2317%20Sur%20une%20branche%2C%20perch%C3%A9e%20avec%E2%80%A6%20Laurence%20Serfaty\" id=\"facebook_share_both_15854\" style=\"font-size:11px; line-height:13px; font-family:'lucida grande',tahoma,verdana,arial,sans-serif; text-decoration:none; padding:2px 0 0 20px; height:16px; background:url(http:\/\/b.static.ak.fbcdn.net\/images\/share\/facebook_share_icon.gif) no-repeat top left;\">Share on Facebook<\/a><br \/>\n\t<script type=\"text\/javascript\">\n\t<!--\n\tvar button = document.getElementById('facebook_share_link_15854') || document.getElementById('facebook_share_icon_15854') || document.getElementById('facebook_share_both_15854') || document.getElementById('facebook_share_button_15854');\n\tif (button) {\n\t\tbutton.onclick = function(e) {\n\t\t\tvar url = this.href.replace(\/share\\.php\/, 'sharer.php');\n\t\t\twindow.open(url,'sharer','toolbar=0,status=0,width=626,height=436');\n\t\t\treturn false;\n\t\t}\n\t\n\t\tif (button.id === 'facebook_share_button_15854') {\n\t\t\tbutton.onmouseover = function(){\n\t\t\t\tthis.style.color='#fff';\n\t\t\t\tthis.style.borderColor = '#295582';\n\t\t\t\tthis.style.backgroundColor = '#3b5998';\n\t\t\t}\n\t\t\tbutton.onmouseout = function(){\n\t\t\t\tthis.style.color = '#3b5998';\n\t\t\t\tthis.style.borderColor = '#d8dfea';\n\t\t\t\tthis.style.backgroundColor = '#fff';\n\t\t\t}\n\t\t}\n\t}\n\t-->\n\t<\/script><\/p>\n","protected":false},"excerpt":{"rendered":"<p>A Laurence Serfaty de monter sur la branche&#8230; Laurence, une grande fid\u00e8le d&rsquo;Objectif3280 puisqu&rsquo;elle participe depuis la 2e g\u00e9n\u00e9ration de la 1re \u00e9dition en 2010 et qu&rsquo;elle a fait monter un nombre non n\u00e9gligeable de personnes sur cet arbre collectif ! Quelle est la place de la photographie dans ta vie ? J\u2019ai eu mon [&hellip;]<\/p>\n<a href=\"http:\/\/www.facebook.com\/share.php?u=https%3A%2F%2Fwww.loucamino.com%2F%3Fp%3D15854&amp;t=Objectif3280%20%2317%20Sur%20une%20branche%2C%20perch%C3%A9e%20avec%E2%80%A6%20Laurence%20Serfaty\" id=\"facebook_share_both_15854\" style=\"font-size:11px; line-height:13px; font-family:'lucida grande',tahoma,verdana,arial,sans-serif; text-decoration:none; padding:2px 0 0 20px; height:16px; background:url(http:\/\/b.static.ak.fbcdn.net\/images\/share\/facebook_share_icon.gif) no-repeat top left;\">Share on Facebook<\/a>\r\n\t<script type=\"text\/javascript\">\r\n\t<!--\r\n\tvar button = document.getElementById('facebook_share_link_15854') || document.getElementById('facebook_share_icon_15854') || document.getElementById('facebook_share_both_15854') || document.getElementById('facebook_share_button_15854');\r\n\tif (button) {\r\n\t\tbutton.onclick = function(e) {\r\n\t\t\tvar url = this.href.replace(\/share\\.php\/, 'sharer.php');\r\n\t\t\twindow.open(url,'sharer','toolbar=0,status=0,width=626,height=436');\r\n\t\t\treturn false;\r\n\t\t}\r\n\t\r\n\t\tif (button.id === 'facebook_share_button_15854') {\r\n\t\t\tbutton.onmouseover = function(){\r\n\t\t\t\tthis.style.color='#fff';\r\n\t\t\t\tthis.style.borderColor = '#295582';\r\n\t\t\t\tthis.style.backgroundColor = '#3b5998';\r\n\t\t\t}\r\n\t\t\tbutton.onmouseout = function(){\r\n\t\t\t\tthis.style.color = '#3b5998';\r\n\t\t\t\tthis.style.borderColor = '#d8dfea';\r\n\t\t\t\tthis.style.backgroundColor = '#fff';\r\n\t\t\t}\r\n\t\t}\r\n\t}\r\n\t-->\r\n\t<\/script>\r\n\t","protected":false},"author":1,"featured_media":0,"comment_status":"open","ping_status":"closed","sticky":false,"template":"","format":"standard","meta":{"ngg_post_thumbnail":0},"categories":[1,2585],"tags":[1196,468,775,2597,272,2489,1208],"_links":{"self":[{"href":"https:\/\/www.loucamino.com\/index.php?rest_route=\/wp\/v2\/posts\/15854"}],"collection":[{"href":"https:\/\/www.loucamino.com\/index.php?rest_route=\/wp\/v2\/posts"}],"about":[{"href":"https:\/\/www.loucamino.com\/index.php?rest_route=\/wp\/v2\/types\/post"}],"author":[{"embeddable":true,"href":"https:\/\/www.loucamino.com\/index.php?rest_route=\/wp\/v2\/users\/1"}],"replies":[{"embeddable":true,"href":"https:\/\/www.loucamino.com\/index.php?rest_route=%2Fwp%2Fv2%2Fcomments&post=15854"}],"version-history":[{"count":1,"href":"https:\/\/www.loucamino.com\/index.php?rest_route=\/wp\/v2\/posts\/15854\/revisions"}],"predecessor-version":[{"id":15855,"href":"https:\/\/www.loucamino.com\/index.php?rest_route=\/wp\/v2\/posts\/15854\/revisions\/15855"}],"wp:attachment":[{"href":"https:\/\/www.loucamino.com\/index.php?rest_route=%2Fwp%2Fv2%2Fmedia&parent=15854"}],"wp:term":[{"taxonomy":"category","embeddable":true,"href":"https:\/\/www.loucamino.com\/index.php?rest_route=%2Fwp%2Fv2%2Fcategories&post=15854"},{"taxonomy":"post_tag","embeddable":true,"href":"https:\/\/www.loucamino.com\/index.php?rest_route=%2Fwp%2Fv2%2Ftags&post=15854"}],"curies":[{"name":"wp","href":"https:\/\/api.w.org\/{rel}","templated":true}]}}