{"id":15839,"date":"2013-12-18T18:39:40","date_gmt":"2013-12-18T17:39:40","guid":{"rendered":"http:\/\/www.loucamino.com\/?p=15839"},"modified":"2013-12-18T18:43:15","modified_gmt":"2013-12-18T17:43:15","slug":"objectif3280-16-sur-une-branche-perchee-avec-laure-colmant","status":"publish","type":"post","link":"https:\/\/www.loucamino.com\/?p=15839","title":{"rendered":"Objectif3280 #16 Sur une branche, perch\u00e9e avec\u2026 Laure Colmant"},"content":{"rendered":"<ul class=\"wpsocialite social-buttons large\"><\/ul><p><a title=\"Site de Laure Colmant\" href=\"http:\/\/racontars.akynou.fr\/\" target=\"_blank\">Laure Colmant<\/a>, dont c&rsquo;est la premi\u00e8re participation, m&rsquo;a envoy\u00e9 trois histoires en me proposant de choisir l&rsquo;une d&rsquo;entre elles. Mais pourquoi choisir ? C&rsquo;est d&rsquo;ailleurs une question que je me pose r\u00e9guli\u00e8rement&#8230; Les voici donc toutes les trois&#8230;<\/p>\n<p><strong>Quelle est la place de la photographie dans votre vie ?<\/strong><br \/>\nOmnipr\u00e9sente. C&rsquo;est une histoire d&rsquo;enfant. Ma s\u0153ur et moi avions gagn\u00e9 un appareil photo qu&rsquo;elle s&rsquo;est r\u00e9serv\u00e9 arguant que je ne savais pas l&rsquo;utiliser, alors que j&rsquo;adorais cela. Parce que j&rsquo;avais bien compris que c&rsquo;\u00e9tait une possibilit\u00e9 de raconter des histoires. D\u00e8s que j&rsquo;ai pu avoir un appareil \u00e0 moi (un vieux Kodak anglais, \u00e0 chambre utilisant de vieilles pellicules de 620), j&rsquo;ai mis mon monde en images. Et je n&rsquo;ai pas arr\u00eat\u00e9 depuis.<\/p>\n<p><strong>L&rsquo;histoire de <em><a title=\"Objectif3280 : plongeon\" href=\"http:\/\/www.loucamino.com\/?page_id=14816&amp;ligne=7&amp;img=662\" target=\"_blank\">Plongeon<\/a>\u2026<\/em><\/strong><br \/>\nNous \u00e9tions en Guadeloupe, sur la plage de Bois-Jolan. C&rsquo;est une plage o\u00f9 l&rsquo;on a de l&rsquo;eau au mollet pendant des kilom\u00e8tres, parfaites pour les enfants, sans trop de courants. A cette heure l\u00e0 (aux alentours de 17 heures) la lumi\u00e8re devient dor\u00e9e et c&rsquo;est un moment id\u00e9al pour les photos. Dans l&rsquo;eau, les zones plus sombres sont des petites dunes de sables couvertes d&rsquo;herbe marine. Les parties plus claires sont un peu plus profondes, et il n&rsquo;y a que du sable. Ma derni\u00e8re passait des heures \u00e0 jouer, elle grimpait sur un monticule pour \u00ab\u00a0plonger\u00a0\u00bb dans les parties plus profondes. Et \u00e7a faisait des grands splasch\u2026 Je l&rsquo;observais depuis un moment, me demandant comment elle arrivait \u00e0 ne pas se faire mal. A un moment il y a eu ce bateau au fond, la ligne parfaite de son corps tendu, la ligne d&rsquo;horizon de la mer\u2026 j&rsquo;ai attrap\u00e9 mon appareil photo. C&rsquo;est devenu ma photo de vacances. Celle que je regarde quand, au c\u0153ur de l&rsquo;hiver, j&rsquo;ai besoin d&rsquo;un bon coup de chaleur.<\/p>\n<p><strong>La connexion avec la photo de la g\u00e9n\u00e9ration pr\u00e9c\u00e9dente\u00a0(<em>Notre p\u00e8re est Ouf !<\/em><\/strong><em> <\/em><strong>de fx gillibert)\u00a0?<\/strong><br \/>\nLa photo pr\u00e9c\u00e9dente repr\u00e9sentait des gens jouant sur la plage et j&rsquo;ai tout de suite reconnu l&rsquo;eau de la mer Cara\u00efbes. Alors j&rsquo;ai pens\u00e9 \u00e0 ma photo f\u00e9tiche.<\/p>\n<p>&nbsp;<\/p>\n<p><strong>L&rsquo;histoire de <a title=\"Objectif3280 : trois petits lutins \u00e0 la plage\" href=\"http:\/\/www.loucamino.com\/?page_id=14816&amp;ligne=8&amp;img=445\" target=\"_blank\"><em>Trois petits lutins \u00e0 la plage<\/em><\/a><\/strong><br \/>\nVacances de P\u00e2ques \u00e0 Tarragone. Il ne faisait pas tr\u00e8s beau comme souvent en avril. Nous sommes partis nous promener sur la plage. Comme la pluie mena\u00e7ait, nos trois filles avaient enfil\u00e9 leurs imperm\u00e9ables. Elles ont commenc\u00e9 \u00e0 jouer dans le sable, chacune dans leur coin la moyenne, la grande et la plus petite. Trois petites lutines plant\u00e9es sur le sable comme des nains dans le jardin. C&rsquo;\u00e9tait amusant et joli. Il n&rsquo;y avait plus qu&rsquo;\u00e0 prendre la photo.<\/p>\n<p><strong>La connexion avec la photo de la g\u00e9n\u00e9ration pr\u00e9c\u00e9dente\u00a0(<em>Poup\u00e9es dans une vitrine<\/em> de C\u00e9line Loisel)<\/strong><br \/>\nLa photo pr\u00e9c\u00e9dente repr\u00e9sentait trois poup\u00e9es semblables, mais habill\u00e9es de robes de diff\u00e9rentes couleurs, pr\u00e9sent\u00e9es en triangle. C&rsquo;\u00e9tait comme une \u00e9vidence.<\/p>\n<p>&nbsp;<\/p>\n<p><strong>L&rsquo;histoire de <a title=\"Objectif3280 : dans les bras de la justice\" href=\"http:\/\/www.loucamino.com\/?page_id=14816&amp;ligne=8&amp;img=1943\" target=\"_blank\"><em>Dans les bras de la justice<\/em><\/a><\/strong><br \/>\nJ&rsquo;ai suivi la manifestation contre le CEP. Les manifestations sont souvent l&rsquo;occasion de prendre des photos int\u00e9ressantes. Arriv\u00e9e place de la R\u00e9publique, il y avait ce gar\u00e7on install\u00e9 dans les bras de la statue, comme dans les bras de sa m\u00e8re. Le symbole \u00e9tait fort. J&rsquo;ai post\u00e9 cette photo sur mon compte Flickr et il se trouve, par le plus grand des hasards, que la maman de ce jeune homme a vu la photo. Et que, toujours par le plus grand des hasards, elle se soit adress\u00e9e \u00e0 un de mes amis pour essayer de retrouver la photographe qui \u00e9tait moi. Il m&rsquo;a transmis son mail et je lui ai envoy\u00e9 le fichier original.<\/p>\n<p><strong>La connexion avec la photo de la g\u00e9n\u00e9ration pr\u00e9c\u00e9dente\u00a0(<em>Reine du sable<\/em><\/strong><em> <\/em><strong>de Gildas Roudaut<\/strong>)\u00a0?<strong><\/strong><br \/>\nEn fait, j&rsquo;aime beaucoup ce jeu des associations. Je regarde les photos des cercles pr\u00e9c\u00e9dents et certaines me renvoient imm\u00e9diatement \u00e0 une image que j&rsquo;ai faite. C&rsquo;est ce qui s&rsquo;est pass\u00e9 avec celle-ci. Cette femme, allong\u00e9e souriante sur une statue de sable, m&rsquo;a renvoy\u00e9e au gar\u00e7on assis confiant dans les bras de la statue de pierre.<\/p>\n<div id=\"iLikeThis-15839\" class=\"iLikeThis\"><span class=\"counter\"><a onclick=\"likeThis(15839);\" class=\"image\">4<\/a><\/span><\/div>\n<p><a href=\"http:\/\/www.facebook.com\/share.php?u=https%3A%2F%2Fwww.loucamino.com%2F%3Fp%3D15839&amp;t=Objectif3280%20%2316%20Sur%20une%20branche%2C%20perch%C3%A9e%20avec%E2%80%A6%20Laure%20Colmant\" id=\"facebook_share_both_15839\" style=\"font-size:11px; line-height:13px; font-family:'lucida grande',tahoma,verdana,arial,sans-serif; text-decoration:none; padding:2px 0 0 20px; height:16px; background:url(http:\/\/b.static.ak.fbcdn.net\/images\/share\/facebook_share_icon.gif) no-repeat top left;\">Share on Facebook<\/a><br \/>\n\t<script type=\"text\/javascript\">\n\t<!--\n\tvar button = document.getElementById('facebook_share_link_15839') || document.getElementById('facebook_share_icon_15839') || document.getElementById('facebook_share_both_15839') || document.getElementById('facebook_share_button_15839');\n\tif (button) {\n\t\tbutton.onclick = function(e) {\n\t\t\tvar url = this.href.replace(\/share\\.php\/, 'sharer.php');\n\t\t\twindow.open(url,'sharer','toolbar=0,status=0,width=626,height=436');\n\t\t\treturn false;\n\t\t}\n\t\n\t\tif (button.id === 'facebook_share_button_15839') {\n\t\t\tbutton.onmouseover = function(){\n\t\t\t\tthis.style.color='#fff';\n\t\t\t\tthis.style.borderColor = '#295582';\n\t\t\t\tthis.style.backgroundColor = '#3b5998';\n\t\t\t}\n\t\t\tbutton.onmouseout = function(){\n\t\t\t\tthis.style.color = '#3b5998';\n\t\t\t\tthis.style.borderColor = '#d8dfea';\n\t\t\t\tthis.style.backgroundColor = '#fff';\n\t\t\t}\n\t\t}\n\t}\n\t-->\n\t<\/script><\/p>\n","protected":false},"excerpt":{"rendered":"<p>Laure Colmant, dont c&rsquo;est la premi\u00e8re participation, m&rsquo;a envoy\u00e9 trois histoires en me proposant de choisir l&rsquo;une d&rsquo;entre elles. Mais pourquoi choisir ? C&rsquo;est d&rsquo;ailleurs une question que je me pose r\u00e9guli\u00e8rement&#8230; Les voici donc toutes les trois&#8230; Quelle est la place de la photographie dans votre vie ? Omnipr\u00e9sente. C&rsquo;est une histoire d&rsquo;enfant. Ma [&hellip;]<\/p>\n<a href=\"http:\/\/www.facebook.com\/share.php?u=https%3A%2F%2Fwww.loucamino.com%2F%3Fp%3D15839&amp;t=Objectif3280%20%2316%20Sur%20une%20branche%2C%20perch%C3%A9e%20avec%E2%80%A6%20Laure%20Colmant\" id=\"facebook_share_both_15839\" style=\"font-size:11px; line-height:13px; font-family:'lucida grande',tahoma,verdana,arial,sans-serif; text-decoration:none; padding:2px 0 0 20px; height:16px; background:url(http:\/\/b.static.ak.fbcdn.net\/images\/share\/facebook_share_icon.gif) no-repeat top left;\">Share on Facebook<\/a>\r\n\t<script type=\"text\/javascript\">\r\n\t<!--\r\n\tvar button = document.getElementById('facebook_share_link_15839') || document.getElementById('facebook_share_icon_15839') || document.getElementById('facebook_share_both_15839') || document.getElementById('facebook_share_button_15839');\r\n\tif (button) {\r\n\t\tbutton.onclick = function(e) {\r\n\t\t\tvar url = this.href.replace(\/share\\.php\/, 'sharer.php');\r\n\t\t\twindow.open(url,'sharer','toolbar=0,status=0,width=626,height=436');\r\n\t\t\treturn false;\r\n\t\t}\r\n\t\r\n\t\tif (button.id === 'facebook_share_button_15839') {\r\n\t\t\tbutton.onmouseover = function(){\r\n\t\t\t\tthis.style.color='#fff';\r\n\t\t\t\tthis.style.borderColor = '#295582';\r\n\t\t\t\tthis.style.backgroundColor = '#3b5998';\r\n\t\t\t}\r\n\t\t\tbutton.onmouseout = function(){\r\n\t\t\t\tthis.style.color = '#3b5998';\r\n\t\t\t\tthis.style.borderColor = '#d8dfea';\r\n\t\t\t\tthis.style.backgroundColor = '#fff';\r\n\t\t\t}\r\n\t\t}\r\n\t}\r\n\t-->\r\n\t<\/script>\r\n\t","protected":false},"author":1,"featured_media":0,"comment_status":"open","ping_status":"closed","sticky":false,"template":"","format":"standard","meta":{"ngg_post_thumbnail":0},"categories":[1,2585],"tags":[468,1209,2644,2597,272,2489,1208],"_links":{"self":[{"href":"https:\/\/www.loucamino.com\/index.php?rest_route=\/wp\/v2\/posts\/15839"}],"collection":[{"href":"https:\/\/www.loucamino.com\/index.php?rest_route=\/wp\/v2\/posts"}],"about":[{"href":"https:\/\/www.loucamino.com\/index.php?rest_route=\/wp\/v2\/types\/post"}],"author":[{"embeddable":true,"href":"https:\/\/www.loucamino.com\/index.php?rest_route=\/wp\/v2\/users\/1"}],"replies":[{"embeddable":true,"href":"https:\/\/www.loucamino.com\/index.php?rest_route=%2Fwp%2Fv2%2Fcomments&post=15839"}],"version-history":[{"count":3,"href":"https:\/\/www.loucamino.com\/index.php?rest_route=\/wp\/v2\/posts\/15839\/revisions"}],"predecessor-version":[{"id":15842,"href":"https:\/\/www.loucamino.com\/index.php?rest_route=\/wp\/v2\/posts\/15839\/revisions\/15842"}],"wp:attachment":[{"href":"https:\/\/www.loucamino.com\/index.php?rest_route=%2Fwp%2Fv2%2Fmedia&parent=15839"}],"wp:term":[{"taxonomy":"category","embeddable":true,"href":"https:\/\/www.loucamino.com\/index.php?rest_route=%2Fwp%2Fv2%2Fcategories&post=15839"},{"taxonomy":"post_tag","embeddable":true,"href":"https:\/\/www.loucamino.com\/index.php?rest_route=%2Fwp%2Fv2%2Ftags&post=15839"}],"curies":[{"name":"wp","href":"https:\/\/api.w.org\/{rel}","templated":true}]}}