{"id":15831,"date":"2013-12-17T19:34:13","date_gmt":"2013-12-17T18:34:13","guid":{"rendered":"http:\/\/www.loucamino.com\/?p=15831"},"modified":"2013-12-17T19:37:39","modified_gmt":"2013-12-17T18:37:39","slug":"objectif3280-15-sur-une-branche-perchee-avec-marie-france-guerrier","status":"publish","type":"post","link":"https:\/\/www.loucamino.com\/?p=15831","title":{"rendered":"Objectif3280 #15 Sur une branche, perch\u00e9e avec\u2026 Marie-France Guerrier"},"content":{"rendered":"<ul class=\"wpsocialite social-buttons large\"><\/ul><p>C&rsquo;est au tour de Marie-France Guerrier, dont c&rsquo;est la 3e participation \u00e0 Objectif3280, une fid\u00e8le donc, de monter sur la branche&#8230;<\/p>\n<p><strong>Quelle est la place de la photographie dans votre vie ?<\/strong><br \/>\nLa place des souvenirs qui prolongent les voyages, les rencontres, une petite balade, des moments choisis ou tout simplement un moment de contemplation\u00a0dans des lieux diff\u00e9rents qui vont de mon jardin aux magnifiques paysages et personnes rencontr\u00e9es sur les multiples chemins de notre belle plan\u00e8te Terre.<br \/>\nSouvenirs des lieux bien s\u00fbr mais surtout souvenirs des ressentis au moment o\u00f9 l&rsquo;on appuie sur le d\u00e9clic. Des photos coup de c\u0153ur plut\u00f4t que des photos techniques. D&rsquo;ailleurs je n&rsquo;ai qu&rsquo;un simple appareil num\u00e9rique que je tra\u00eene depuis de nombreuses ann\u00e9es.<br \/>\nDepuis une dizaine d&rsquo;ann\u00e9es, j&rsquo;ai la chance d&rsquo;avoir la libert\u00e9 de prendre le temps pour voyager (plut\u00f4t adepte des vols secs, sacs au dos) et de faire des rencontres qui chaque fois me renvoient \u00e0 un nouveau voyage, de nouvelles rencontres, de nouvelles photos.<br \/>\nJe constitue mon r\u00e9servoir de souvenirs qui agr\u00e9menteront mes vieilles ann\u00e9es quand je ne pourrai plus partir. J&rsquo;ai autant de plaisir \u00e0 voir mes photos que celles de tous ceux qui sont dans la m\u00eame d\u00e9marche.<\/p>\n<p><strong>Quelle est l&rsquo;histoire de votre photo (<a title=\"Objectif3280 : Rouge sur blanc...\" href=\"http:\/\/www.loucamino.com\/?page_id=14816&amp;ligne=7&amp;img=83\" target=\"_blank\"><em>Rouge sur blanc, une fleur en bordure des icebergs<\/em><\/a>)\u00a0?<\/strong><br \/>\nOn pourrait croire \u00e0 un montage&#8230; et non&#8230;\u00a0Splendeur de la nature.<br \/>\nA fin d&rsquo;un voyage chilien qui nous avait men\u00e9s de Valparaiso \u00e0 la Patagonie, avec un break \u00e0 Chilo\u00e9, apr\u00e8s avoir d\u00e9couvert une nature majestueuse lors des randonn\u00e9es dans les parcs nationaux tout au long de notre descente le long de la \u00a0Cordill\u00e8re des Andes,\u00a0nous sommes partis pour le Torr\u00e9s del Paine avec ses pics, ses lacs glaciaires et ses glaciers.<br \/>\nComme le montre cette photo, nous avions un temps splendide pour cette journ\u00e9e au bord du Glacier Grey. Chacun de nous est parti de son c\u00f4t\u00e9 pour un apr\u00e8s midi \u00ab\u00a0temps libre\u00a0\u00bb. La fin de voyage arrivait avec quelques regrets que cela ne dure pas plus longtemps. Et aussi l&rsquo;intime conviction que ces endroits magnifiques \u00e9taient, comme beaucoup d&rsquo;autres \u00e0 travers les mondes, un patrimoine essentiel que nous devions prot\u00e9ger pour laisser aux g\u00e9n\u00e9rations suivantes les m\u00eames opportunit\u00e9s que nous avons de pouvoir admirer de tels lieux.<br \/>\nAu d\u00e9tour du chemin, je d\u00e9couvre cet arbuste en aplomb sur le glacier. Il m&rsquo;a fallu un certain temps et de nombreuses prises accompagn\u00e9es de quelques glissades sur les galets de la berge bien \u00ab\u00a0pentue\u00a0\u00bb.\u00a0Cette fleur d&rsquo;un rouge \u00e9clatant triomphait du climat extr\u00eame.<\/p>\n<p><strong>Quelle connexion avec celle de la g\u00e9n\u00e9ration pr\u00e9c\u00e9dente\u00a0(<em>Torres del Paine National Park<\/em> de Jean-Philippe Le Moigne<\/strong>)<em> <\/em><strong>?<\/strong><br \/>\nLa majestueuse beaut\u00e9 de la nature, quel que soit l&rsquo;endroit, pourvu qu&rsquo;on prenne le temps d&rsquo;observer, de fl\u00e2ner, d&rsquo;\u00e9couter le vent.<\/p>\n<div id=\"iLikeThis-15831\" class=\"iLikeThis\"><span class=\"counter\"><a onclick=\"likeThis(15831);\" class=\"image\">3<\/a><\/span><\/div>\n<p><a href=\"http:\/\/www.facebook.com\/share.php?u=https%3A%2F%2Fwww.loucamino.com%2F%3Fp%3D15831&amp;t=Objectif3280%20%2315%20Sur%20une%20branche%2C%20perch%C3%A9e%20avec%E2%80%A6%20Marie-France%20Guerrier\" id=\"facebook_share_both_15831\" style=\"font-size:11px; line-height:13px; font-family:'lucida grande',tahoma,verdana,arial,sans-serif; text-decoration:none; padding:2px 0 0 20px; height:16px; background:url(http:\/\/b.static.ak.fbcdn.net\/images\/share\/facebook_share_icon.gif) no-repeat top left;\">Share on Facebook<\/a><br \/>\n\t<script type=\"text\/javascript\">\n\t<!--\n\tvar button = document.getElementById('facebook_share_link_15831') || document.getElementById('facebook_share_icon_15831') || document.getElementById('facebook_share_both_15831') || document.getElementById('facebook_share_button_15831');\n\tif (button) {\n\t\tbutton.onclick = function(e) {\n\t\t\tvar url = this.href.replace(\/share\\.php\/, 'sharer.php');\n\t\t\twindow.open(url,'sharer','toolbar=0,status=0,width=626,height=436');\n\t\t\treturn false;\n\t\t}\n\t\n\t\tif (button.id === 'facebook_share_button_15831') {\n\t\t\tbutton.onmouseover = function(){\n\t\t\t\tthis.style.color='#fff';\n\t\t\t\tthis.style.borderColor = '#295582';\n\t\t\t\tthis.style.backgroundColor = '#3b5998';\n\t\t\t}\n\t\t\tbutton.onmouseout = function(){\n\t\t\t\tthis.style.color = '#3b5998';\n\t\t\t\tthis.style.borderColor = '#d8dfea';\n\t\t\t\tthis.style.backgroundColor = '#fff';\n\t\t\t}\n\t\t}\n\t}\n\t-->\n\t<\/script><\/p>\n","protected":false},"excerpt":{"rendered":"<p>C&rsquo;est au tour de Marie-France Guerrier, dont c&rsquo;est la 3e participation \u00e0 Objectif3280, une fid\u00e8le donc, de monter sur la branche&#8230; Quelle est la place de la photographie dans votre vie ? La place des souvenirs qui prolongent les voyages, les rencontres, une petite balade, des moments choisis ou tout simplement un moment de contemplation\u00a0dans [&hellip;]<\/p>\n<a href=\"http:\/\/www.facebook.com\/share.php?u=https%3A%2F%2Fwww.loucamino.com%2F%3Fp%3D15831&amp;t=Objectif3280%20%2315%20Sur%20une%20branche%2C%20perch%C3%A9e%20avec%E2%80%A6%20Marie-France%20Guerrier\" id=\"facebook_share_both_15831\" style=\"font-size:11px; line-height:13px; font-family:'lucida grande',tahoma,verdana,arial,sans-serif; text-decoration:none; padding:2px 0 0 20px; height:16px; background:url(http:\/\/b.static.ak.fbcdn.net\/images\/share\/facebook_share_icon.gif) no-repeat top left;\">Share on Facebook<\/a>\r\n\t<script type=\"text\/javascript\">\r\n\t<!--\r\n\tvar button = document.getElementById('facebook_share_link_15831') || document.getElementById('facebook_share_icon_15831') || document.getElementById('facebook_share_both_15831') || document.getElementById('facebook_share_button_15831');\r\n\tif (button) {\r\n\t\tbutton.onclick = function(e) {\r\n\t\t\tvar url = this.href.replace(\/share\\.php\/, 'sharer.php');\r\n\t\t\twindow.open(url,'sharer','toolbar=0,status=0,width=626,height=436');\r\n\t\t\treturn false;\r\n\t\t}\r\n\t\r\n\t\tif (button.id === 'facebook_share_button_15831') {\r\n\t\t\tbutton.onmouseover = function(){\r\n\t\t\t\tthis.style.color='#fff';\r\n\t\t\t\tthis.style.borderColor = '#295582';\r\n\t\t\t\tthis.style.backgroundColor = '#3b5998';\r\n\t\t\t}\r\n\t\t\tbutton.onmouseout = function(){\r\n\t\t\t\tthis.style.color = '#3b5998';\r\n\t\t\t\tthis.style.borderColor = '#d8dfea';\r\n\t\t\t\tthis.style.backgroundColor = '#fff';\r\n\t\t\t}\r\n\t\t}\r\n\t}\r\n\t-->\r\n\t<\/script>\r\n\t","protected":false},"author":1,"featured_media":0,"comment_status":"open","ping_status":"closed","sticky":false,"template":"","format":"standard","meta":{"ngg_post_thumbnail":0},"categories":[1,2585],"tags":[468,1209,2640,2597,272,2489,1208],"_links":{"self":[{"href":"https:\/\/www.loucamino.com\/index.php?rest_route=\/wp\/v2\/posts\/15831"}],"collection":[{"href":"https:\/\/www.loucamino.com\/index.php?rest_route=\/wp\/v2\/posts"}],"about":[{"href":"https:\/\/www.loucamino.com\/index.php?rest_route=\/wp\/v2\/types\/post"}],"author":[{"embeddable":true,"href":"https:\/\/www.loucamino.com\/index.php?rest_route=\/wp\/v2\/users\/1"}],"replies":[{"embeddable":true,"href":"https:\/\/www.loucamino.com\/index.php?rest_route=%2Fwp%2Fv2%2Fcomments&post=15831"}],"version-history":[{"count":3,"href":"https:\/\/www.loucamino.com\/index.php?rest_route=\/wp\/v2\/posts\/15831\/revisions"}],"predecessor-version":[{"id":15834,"href":"https:\/\/www.loucamino.com\/index.php?rest_route=\/wp\/v2\/posts\/15831\/revisions\/15834"}],"wp:attachment":[{"href":"https:\/\/www.loucamino.com\/index.php?rest_route=%2Fwp%2Fv2%2Fmedia&parent=15831"}],"wp:term":[{"taxonomy":"category","embeddable":true,"href":"https:\/\/www.loucamino.com\/index.php?rest_route=%2Fwp%2Fv2%2Fcategories&post=15831"},{"taxonomy":"post_tag","embeddable":true,"href":"https:\/\/www.loucamino.com\/index.php?rest_route=%2Fwp%2Fv2%2Ftags&post=15831"}],"curies":[{"name":"wp","href":"https:\/\/api.w.org\/{rel}","templated":true}]}}