{"id":15819,"date":"2013-12-16T14:51:51","date_gmt":"2013-12-16T13:51:51","guid":{"rendered":"http:\/\/www.loucamino.com\/?p=15819"},"modified":"2013-12-16T14:56:38","modified_gmt":"2013-12-16T13:56:38","slug":"objectif3280-14-sur-une-branche-perchee-avec-regis-desailly","status":"publish","type":"post","link":"https:\/\/www.loucamino.com\/?p=15819","title":{"rendered":"Objectif3280 #14 Sur une branche, perch\u00e9e avec\u2026 R\u00e9gis Desailly"},"content":{"rendered":"<ul class=\"wpsocialite social-buttons large\"><\/ul><p>R\u00e9gis Desailly, dont c&rsquo;est la premi\u00e8re participation, se pose quelques instants sur la branche&#8230;<\/p>\n<p><strong>Quel est le r\u00f4le de la photographie dans votre vie\u00a0?<\/strong><br \/>\nJe pratique la photo depuis une trentaine d\u2019ann\u00e9es en tant qu\u2019amateur. J\u2019y consacre une grande partie de mes loisirs. Je suis un amoureux de l\u2019image, de toutes les images. J\u2019admire tous les styles, le noir et blanc, la couleur\u00a0; tous les supports ont ma faveur\u00a0: les livres, les expositions, la toile\u2026 Chaque jour, des \u0153uvres photographiques cajolent mon regard, et je r\u00eave de celui o\u00f9 peut-\u00eatre\u2026 je serai bon\u2026<\/p>\n<p><strong>Quelle est l&rsquo;histoire de votre photo (<\/a><em><a title=\"Objectif3280 : libert\u00e9 ch\u00e9rie\" href=\"http:\/\/www.loucamino.com\/?page_id=14816&amp;ligne=8&amp;img=344\" target=\"_blank\">Libert\u00e9 ch\u00e9rie<\/a><\/em>) ?<\/strong><br \/>\nElle a \u00e9t\u00e9 prise lors de mon p\u00e9riple p\u00e9ruvien en ao\u00fbt 2013. Cette personne regardait un match de foot qui se d\u00e9roulait dans le stade du village. Il \u00e9tait plac\u00e9 c\u00f4t\u00e9 ext\u00e9rieur\u2026 En voyant le grillage marquer sa peau, l\u2019id\u00e9e m\u2019est venue qu\u2019un cadrage bien pens\u00e9 pouvait brouiller le message de cette photo. Compassion, tristesse, r\u00e9volte sont les termes employ\u00e9s dans les commentaires qu\u2019a suscit\u00e9 cette image post\u00e9e sur un site d\u2019\u00e9change. Il existe donc un monde entre la r\u00e9alit\u00e9 et le message que l\u2019on veut promouvoir\u2026<\/p>\n<p><strong>Quelle connexion avec celle de la g\u00e9n\u00e9ration pr\u00e9c\u00e9dente (<em>La vie sur un fil<\/em> d\u2019Astrid)\u00a0?<\/strong><br \/>\nJ\u2019ai choisi cette image pour marquer le contraste avec la photo source. Dans celle-ci l\u2019oiseau malgr\u00e9 un environnement \u00a0inqui\u00e9tant est libre de ses mouvements. Dans la mienne le personnage semble emprisonn\u00e9 pour longtemps derri\u00e8re cette cl\u00f4ture.<\/p>\n<div id=\"iLikeThis-15819\" class=\"iLikeThis\"><span class=\"counter\"><a onclick=\"likeThis(15819);\" class=\"image\">5<\/a><\/span><\/div>\n<p><a href=\"http:\/\/www.facebook.com\/share.php?u=https%3A%2F%2Fwww.loucamino.com%2F%3Fp%3D15819&amp;t=Objectif3280%20%2314%20Sur%20une%20branche%2C%20perch%C3%A9e%20avec%E2%80%A6%20R%C3%A9gis%20Desailly\" id=\"facebook_share_both_15819\" style=\"font-size:11px; line-height:13px; font-family:'lucida grande',tahoma,verdana,arial,sans-serif; text-decoration:none; padding:2px 0 0 20px; height:16px; background:url(http:\/\/b.static.ak.fbcdn.net\/images\/share\/facebook_share_icon.gif) no-repeat top left;\">Share on Facebook<\/a><br \/>\n\t<script type=\"text\/javascript\">\n\t<!--\n\tvar button = document.getElementById('facebook_share_link_15819') || document.getElementById('facebook_share_icon_15819') || document.getElementById('facebook_share_both_15819') || document.getElementById('facebook_share_button_15819');\n\tif (button) {\n\t\tbutton.onclick = function(e) {\n\t\t\tvar url = this.href.replace(\/share\\.php\/, 'sharer.php');\n\t\t\twindow.open(url,'sharer','toolbar=0,status=0,width=626,height=436');\n\t\t\treturn false;\n\t\t}\n\t\n\t\tif (button.id === 'facebook_share_button_15819') {\n\t\t\tbutton.onmouseover = function(){\n\t\t\t\tthis.style.color='#fff';\n\t\t\t\tthis.style.borderColor = '#295582';\n\t\t\t\tthis.style.backgroundColor = '#3b5998';\n\t\t\t}\n\t\t\tbutton.onmouseout = function(){\n\t\t\t\tthis.style.color = '#3b5998';\n\t\t\t\tthis.style.borderColor = '#d8dfea';\n\t\t\t\tthis.style.backgroundColor = '#fff';\n\t\t\t}\n\t\t}\n\t}\n\t-->\n\t<\/script><\/p>\n","protected":false},"excerpt":{"rendered":"<p>R\u00e9gis Desailly, dont c&rsquo;est la premi\u00e8re participation, se pose quelques instants sur la branche&#8230; Quel est le r\u00f4le de la photographie dans votre vie\u00a0? Je pratique la photo depuis une trentaine d\u2019ann\u00e9es en tant qu\u2019amateur. J\u2019y consacre une grande partie de mes loisirs. Je suis un amoureux de l\u2019image, de toutes les images. J\u2019admire tous [&hellip;]<\/p>\n<a href=\"http:\/\/www.facebook.com\/share.php?u=https%3A%2F%2Fwww.loucamino.com%2F%3Fp%3D15819&amp;t=Objectif3280%20%2314%20Sur%20une%20branche%2C%20perch%C3%A9e%20avec%E2%80%A6%20R%C3%A9gis%20Desailly\" id=\"facebook_share_both_15819\" style=\"font-size:11px; line-height:13px; font-family:'lucida grande',tahoma,verdana,arial,sans-serif; text-decoration:none; padding:2px 0 0 20px; height:16px; background:url(http:\/\/b.static.ak.fbcdn.net\/images\/share\/facebook_share_icon.gif) no-repeat top left;\">Share on Facebook<\/a>\r\n\t<script type=\"text\/javascript\">\r\n\t<!--\r\n\tvar button = document.getElementById('facebook_share_link_15819') || document.getElementById('facebook_share_icon_15819') || document.getElementById('facebook_share_both_15819') || document.getElementById('facebook_share_button_15819');\r\n\tif (button) {\r\n\t\tbutton.onclick = function(e) {\r\n\t\t\tvar url = this.href.replace(\/share\\.php\/, 'sharer.php');\r\n\t\t\twindow.open(url,'sharer','toolbar=0,status=0,width=626,height=436');\r\n\t\t\treturn false;\r\n\t\t}\r\n\t\r\n\t\tif (button.id === 'facebook_share_button_15819') {\r\n\t\t\tbutton.onmouseover = function(){\r\n\t\t\t\tthis.style.color='#fff';\r\n\t\t\t\tthis.style.borderColor = '#295582';\r\n\t\t\t\tthis.style.backgroundColor = '#3b5998';\r\n\t\t\t}\r\n\t\t\tbutton.onmouseout = function(){\r\n\t\t\t\tthis.style.color = '#3b5998';\r\n\t\t\t\tthis.style.borderColor = '#d8dfea';\r\n\t\t\t\tthis.style.backgroundColor = '#fff';\r\n\t\t\t}\r\n\t\t}\r\n\t}\r\n\t-->\r\n\t<\/script>\r\n\t","protected":false},"author":1,"featured_media":0,"comment_status":"open","ping_status":"closed","sticky":false,"template":"","format":"standard","meta":{"ngg_post_thumbnail":0},"categories":[1,2585],"tags":[468,1209,2597,272,2638,1208],"_links":{"self":[{"href":"https:\/\/www.loucamino.com\/index.php?rest_route=\/wp\/v2\/posts\/15819"}],"collection":[{"href":"https:\/\/www.loucamino.com\/index.php?rest_route=\/wp\/v2\/posts"}],"about":[{"href":"https:\/\/www.loucamino.com\/index.php?rest_route=\/wp\/v2\/types\/post"}],"author":[{"embeddable":true,"href":"https:\/\/www.loucamino.com\/index.php?rest_route=\/wp\/v2\/users\/1"}],"replies":[{"embeddable":true,"href":"https:\/\/www.loucamino.com\/index.php?rest_route=%2Fwp%2Fv2%2Fcomments&post=15819"}],"version-history":[{"count":5,"href":"https:\/\/www.loucamino.com\/index.php?rest_route=\/wp\/v2\/posts\/15819\/revisions"}],"predecessor-version":[{"id":15824,"href":"https:\/\/www.loucamino.com\/index.php?rest_route=\/wp\/v2\/posts\/15819\/revisions\/15824"}],"wp:attachment":[{"href":"https:\/\/www.loucamino.com\/index.php?rest_route=%2Fwp%2Fv2%2Fmedia&parent=15819"}],"wp:term":[{"taxonomy":"category","embeddable":true,"href":"https:\/\/www.loucamino.com\/index.php?rest_route=%2Fwp%2Fv2%2Fcategories&post=15819"},{"taxonomy":"post_tag","embeddable":true,"href":"https:\/\/www.loucamino.com\/index.php?rest_route=%2Fwp%2Fv2%2Ftags&post=15819"}],"curies":[{"name":"wp","href":"https:\/\/api.w.org\/{rel}","templated":true}]}}