{"id":15815,"date":"2013-12-16T14:25:38","date_gmt":"2013-12-16T13:25:38","guid":{"rendered":"http:\/\/www.loucamino.com\/?p=15815"},"modified":"2013-12-16T14:47:09","modified_gmt":"2013-12-16T13:47:09","slug":"objectif3280-13-sur-une-branche-perchee-avec-dorian-maigues","status":"publish","type":"post","link":"https:\/\/www.loucamino.com\/?p=15815","title":{"rendered":"Objectif3280 #13 Sur une branche, perch\u00e9e avec\u2026 Dorian Maigues"},"content":{"rendered":"<ul class=\"wpsocialite social-buttons large\"><\/ul><p>Dorian Maigues se pr\u00eate au jeu des questions r\u00e9ponses&#8230;<\/p>\n<p><strong>Quel est le r\u00f4le de la photographie dans votre vie\u00a0?<\/strong><br \/>\nJ&rsquo;ai toujours mon appareil photo dans mon sac, c\u2019est un tout petit compact num\u00e9rique sans pr\u00e9tentions mais qui capte assez bien la lumi\u00e8re je trouve. Du coup, je peux le sortir rapidement et discr\u00e8tement. Lorsqu\u2019un lieu, un moment, une sc\u00e8ne, un d\u00e9tail me surprennent, me plaisent ou me touchent, je peux les \u00ab\u00a0capturer\u00a0\u00bb facilement.<br \/>\nJe n\u2019y connais pas grand-chose techniquement, je n\u2019ai jamais eu \u00e0 faire de mise au point, \u00e0 r\u00e9gler des focales ou quoi que ce soit.<br \/>\nMais j\u2019ai une pratique presque quotidienne de la photographie, soit pour mon travail (architecte paysagiste), soit pour moi.<br \/>\nDepuis quelques ann\u00e9es, j\u2019essaye de m\u2019appliquer dans le cadrage et la composition. Le num\u00e9rique permettrait de photographier \u00e0 l\u2019infini, alors j\u2019essaye de prendre le temps pour trouver l\u2019essentiel de ce que je veux saisir, comme si j\u2019avais une pellicule et que les clich\u00e9s m\u2019\u00e9taient compt\u00e9s. Des fois \u00e7a marche, des fois je me dis que j\u2019aurais peut-\u00eatre mieux fait de mitrailler\u2026<\/p>\n<p><strong>Quelle est l&rsquo;histoire de votre photo (<a title=\"Objectif3280 : palimpseste\" href=\"http:\/\/www.loucamino.com\/?page_id=14816&amp;ligne=6&amp;img=193\" target=\"_blank\"><em>Palimpseste<\/em><\/a>) ?<\/strong><br \/>\nDans les sujets qui m\u2019int\u00e9ressent, je suis plus dans une logique d&rsquo;accumulation, de s\u00e9rie. Depuis quelques ann\u00e9es, je suis obnubil\u00e9 par la po\u00e9tique des murs aveugles (les pignons d\u2019immeubles laiss\u00e9s bruts en attente d\u2019\u00eatre combl\u00e9s, les murs d\u00e9molis qui gardent les traces des anciens papiers peints\u2026) qui contrastent avec l\u2019extr\u00eame attention accord\u00e9e aux fa\u00e7ades cisel\u00e9es. La photo \u00ab\u00a0palimpseste\u00a0\u00bb est donc embl\u00e9matique de cette collection qui commence \u00e0 se dessiner.<\/p>\n<p><strong>Quelle connexion avec celle de la g\u00e9n\u00e9ration pr\u00e9c\u00e9dente (<em>Pastels du pass\u00e9<\/em> de C\u00e9dric M\u00e9nard)<em> <\/em>?<\/strong><br \/>\nLa connexion avec la photo pr\u00e9c\u00e9dente \u00e0 Istanbul \u00e9tait donc toute trouv\u00e9e\u00a0!<\/p>\n<div id=\"iLikeThis-15815\" class=\"iLikeThis\"><span class=\"counter\"><a onclick=\"likeThis(15815);\" class=\"image\">3<\/a><\/span><\/div>\n<p><a href=\"http:\/\/www.facebook.com\/share.php?u=https%3A%2F%2Fwww.loucamino.com%2F%3Fp%3D15815&amp;t=Objectif3280%20%2313%20Sur%20une%20branche%2C%20perch%C3%A9e%20avec%E2%80%A6%20Dorian%20Maigues\" id=\"facebook_share_both_15815\" style=\"font-size:11px; line-height:13px; font-family:'lucida grande',tahoma,verdana,arial,sans-serif; text-decoration:none; padding:2px 0 0 20px; height:16px; background:url(http:\/\/b.static.ak.fbcdn.net\/images\/share\/facebook_share_icon.gif) no-repeat top left;\">Share on Facebook<\/a><br \/>\n\t<script type=\"text\/javascript\">\n\t<!--\n\tvar button = document.getElementById('facebook_share_link_15815') || document.getElementById('facebook_share_icon_15815') || document.getElementById('facebook_share_both_15815') || document.getElementById('facebook_share_button_15815');\n\tif (button) {\n\t\tbutton.onclick = function(e) {\n\t\t\tvar url = this.href.replace(\/share\\.php\/, 'sharer.php');\n\t\t\twindow.open(url,'sharer','toolbar=0,status=0,width=626,height=436');\n\t\t\treturn false;\n\t\t}\n\t\n\t\tif (button.id === 'facebook_share_button_15815') {\n\t\t\tbutton.onmouseover = function(){\n\t\t\t\tthis.style.color='#fff';\n\t\t\t\tthis.style.borderColor = '#295582';\n\t\t\t\tthis.style.backgroundColor = '#3b5998';\n\t\t\t}\n\t\t\tbutton.onmouseout = function(){\n\t\t\t\tthis.style.color = '#3b5998';\n\t\t\t\tthis.style.borderColor = '#d8dfea';\n\t\t\t\tthis.style.backgroundColor = '#fff';\n\t\t\t}\n\t\t}\n\t}\n\t-->\n\t<\/script><\/p>\n","protected":false},"excerpt":{"rendered":"<p>Dorian Maigues se pr\u00eate au jeu des questions r\u00e9ponses&#8230; Quel est le r\u00f4le de la photographie dans votre vie\u00a0? J&rsquo;ai toujours mon appareil photo dans mon sac, c\u2019est un tout petit compact num\u00e9rique sans pr\u00e9tentions mais qui capte assez bien la lumi\u00e8re je trouve. Du coup, je peux le sortir rapidement et discr\u00e8tement. Lorsqu\u2019un lieu, [&hellip;]<\/p>\n<a href=\"http:\/\/www.facebook.com\/share.php?u=https%3A%2F%2Fwww.loucamino.com%2F%3Fp%3D15815&amp;t=Objectif3280%20%2313%20Sur%20une%20branche%2C%20perch%C3%A9e%20avec%E2%80%A6%20Dorian%20Maigues\" id=\"facebook_share_both_15815\" style=\"font-size:11px; line-height:13px; font-family:'lucida grande',tahoma,verdana,arial,sans-serif; text-decoration:none; padding:2px 0 0 20px; height:16px; background:url(http:\/\/b.static.ak.fbcdn.net\/images\/share\/facebook_share_icon.gif) no-repeat top left;\">Share on Facebook<\/a>\r\n\t<script type=\"text\/javascript\">\r\n\t<!--\r\n\tvar button = document.getElementById('facebook_share_link_15815') || document.getElementById('facebook_share_icon_15815') || document.getElementById('facebook_share_both_15815') || document.getElementById('facebook_share_button_15815');\r\n\tif (button) {\r\n\t\tbutton.onclick = function(e) {\r\n\t\t\tvar url = this.href.replace(\/share\\.php\/, 'sharer.php');\r\n\t\t\twindow.open(url,'sharer','toolbar=0,status=0,width=626,height=436');\r\n\t\t\treturn false;\r\n\t\t}\r\n\t\r\n\t\tif (button.id === 'facebook_share_button_15815') {\r\n\t\t\tbutton.onmouseover = function(){\r\n\t\t\t\tthis.style.color='#fff';\r\n\t\t\t\tthis.style.borderColor = '#295582';\r\n\t\t\t\tthis.style.backgroundColor = '#3b5998';\r\n\t\t\t}\r\n\t\t\tbutton.onmouseout = function(){\r\n\t\t\t\tthis.style.color = '#3b5998';\r\n\t\t\t\tthis.style.borderColor = '#d8dfea';\r\n\t\t\t\tthis.style.backgroundColor = '#fff';\r\n\t\t\t}\r\n\t\t}\r\n\t}\r\n\t-->\r\n\t<\/script>\r\n\t","protected":false},"author":1,"featured_media":0,"comment_status":"open","ping_status":"closed","sticky":false,"template":"","format":"standard","meta":{"ngg_post_thumbnail":0},"categories":[1,2585],"tags":[468,2637,1209,2597,272,2489,1208],"_links":{"self":[{"href":"https:\/\/www.loucamino.com\/index.php?rest_route=\/wp\/v2\/posts\/15815"}],"collection":[{"href":"https:\/\/www.loucamino.com\/index.php?rest_route=\/wp\/v2\/posts"}],"about":[{"href":"https:\/\/www.loucamino.com\/index.php?rest_route=\/wp\/v2\/types\/post"}],"author":[{"embeddable":true,"href":"https:\/\/www.loucamino.com\/index.php?rest_route=\/wp\/v2\/users\/1"}],"replies":[{"embeddable":true,"href":"https:\/\/www.loucamino.com\/index.php?rest_route=%2Fwp%2Fv2%2Fcomments&post=15815"}],"version-history":[{"count":3,"href":"https:\/\/www.loucamino.com\/index.php?rest_route=\/wp\/v2\/posts\/15815\/revisions"}],"predecessor-version":[{"id":15817,"href":"https:\/\/www.loucamino.com\/index.php?rest_route=\/wp\/v2\/posts\/15815\/revisions\/15817"}],"wp:attachment":[{"href":"https:\/\/www.loucamino.com\/index.php?rest_route=%2Fwp%2Fv2%2Fmedia&parent=15815"}],"wp:term":[{"taxonomy":"category","embeddable":true,"href":"https:\/\/www.loucamino.com\/index.php?rest_route=%2Fwp%2Fv2%2Fcategories&post=15815"},{"taxonomy":"post_tag","embeddable":true,"href":"https:\/\/www.loucamino.com\/index.php?rest_route=%2Fwp%2Fv2%2Ftags&post=15815"}],"curies":[{"name":"wp","href":"https:\/\/api.w.org\/{rel}","templated":true}]}}