{"id":15785,"date":"2013-12-15T18:56:02","date_gmt":"2013-12-15T17:56:02","guid":{"rendered":"http:\/\/www.loucamino.com\/?p=15785"},"modified":"2013-12-15T18:56:02","modified_gmt":"2013-12-15T17:56:02","slug":"objectif3280-12-sur-une-branche-perchee-avec-magali-deschamps","status":"publish","type":"post","link":"https:\/\/www.loucamino.com\/?p=15785","title":{"rendered":"Objectif3280 #12 Sur une branche, perch\u00e9e avec\u2026 Magali Deschamps"},"content":{"rendered":"<ul class=\"wpsocialite social-buttons large\"><\/ul><p>A Magali Deschamps de se pr\u00eater au jeu de la branche. Magali, pr\u00e9sente depuis la 1re \u00e9dition : merci pour cette fid\u00e9lit\u00e9 !<\/p>\n<p><strong>Quel est le r\u00f4le de la photographie dans ta vie\u00a0?<\/strong><br \/>\n\u00ab\u00a0Amatrice du dimanche sachant appr\u00e9cier les belles photos\u00a0\u00bb, je pense&#8230; Je photographie essentiellement quand je suis en voyage, et de pr\u00e9f\u00e9rence seule\u00a0: c&rsquo;est l\u00e0 que je r\u00e9ussis les photos dont je suis le plus fi\u00e8re apr\u00e8s coup. Pour les \u00ab\u00a0portraits\u00a0\u00bb je ne suis malheureusement pas tr\u00e8s dou\u00e9e&#8230;<br \/>\nPhotographier a pour moi un aspect extr\u00eamement m\u00e9ditatif, \u00e0 la limite de l&rsquo;autisme, mais du coup tr\u00e8s reposant&#8230; pour cela il faut du temps et ne pas \u00eatre press\u00e9, donc en vacances dans 99% des cas!&#8230; \ud83d\ude09<br \/>\nEnsuite je prends malheureusement rarement le temps de regarder toutes ces images que je ram\u00e8ne&#8230;<br \/>\nMais c&rsquo;est justement l\u00e0 que le projet Objectif3280 est toujours le bienvenu\u00a0: enfin une bonne raison de fouiller dans son disque dur !!!<\/p>\n<p>&nbsp;<br \/>\n<strong>Quelle est l\u2019histoire de ta photo (<a title=\"Objectif3280 : derri\u00e8re la vitre\" href=\"http:\/\/www.loucamino.com\/?page_id=14816&amp;ligne=8&amp;img=239\" target=\"_blank\"><em>Derri\u00e8re la vitre<\/em><\/a>)\u00a0?<\/strong><br \/>\nPour cette \u00e9dition d&rsquo;Objectif3280, je me suis (par jeu&#8230; : je n&rsquo;ai eu cette id\u00e9e qu&rsquo;\u00e0 la 3 ou 4\u00e8me photo post\u00e9e) plus ou moins donn\u00e9e la contrainte artistique de ne poster que des images d&rsquo;un seul et m\u00eame voyage ! Et j&rsquo;ai r\u00e9ussi ! \ud83d\ude09<br \/>\nLa photo post\u00e9e en G8-239 a donc \u00e9t\u00e9 prise \u00e0 T\u00e9neriffe, comme toutes les autres que j&rsquo;ai post\u00e9es&#8230; Un \u00e9lan de piti\u00e9 pour ce perroquet (\u00e0 moins qu&rsquo;il ne s&rsquo;agisse d&rsquo;une perruche ?) doublement enferm\u00e9 dans sa cage et derri\u00e8re cette fen\u00eatre, par un magnifique jour d&rsquo;\u00e9t\u00e9&#8230; et la fascination pour le graphisme de cette sc\u00e8ne.<\/p>\n<p>&nbsp;<br \/>\n<strong>Quelle est la connexion avec celle de la g\u00e9n\u00e9ration pr\u00e9c\u00e9dente (<\/strong><strong><em>theaterundorchesterheidelberg <\/em><\/strong><strong>de Thomas Bouyssi\u00e9)\u00a0?<\/strong><br \/>\nL\u00e0 c&rsquo;est beaucoup moins \u00e9vident pour un spectateur de l&rsquo;ext\u00e9rieur (ce pourquoi j&rsquo;ai choisi cette photo&#8230;). L&rsquo;image pr\u00e9c\u00e9dente a \u00e9t\u00e9 prise par un ami sur mon lieu de travail (!)\u00a0: un th\u00e9\u00e2tre d&rsquo;architecture moderne, avec ces \u00ab\u00a0alv\u00e9oles\u00a0\u00bb de bois aux murs qui lui donne un quadrillage graphiquement tr\u00e8s int\u00e9ressant&#8230;<br \/>\nLe rappel du quadrillage est je pense \u00e9vident&#8230; Mais il y a aussi ce qu&rsquo;on ne peut pas voir sur la premi\u00e8re photo&#8230; : si on avait la possibilit\u00e9 de tourner l\u00e9g\u00e8rement la t\u00eate vers la droite, on apercevrait le vitrage de la cabine technique, derri\u00e8re lequel travaillent les techniciens charg\u00e9s de la lumi\u00e8re, et parfois, le cas \u00e9ch\u00e9ant, du surtitrage, de la vid\u00e9o ou du son&#8230; et sur sc\u00e8ne, le com\u00e9dien ou le chanteur qui rejoue la m\u00eame repr\u00e9sentation pour la \u00e9ni\u00e8me fois ou justement \u00ab\u00a0r\u00e9p\u00e8te\u00a0\u00bb pour la prochaine premi\u00e8re&#8230; M\u00eame s&rsquo;il n&rsquo;est que rarement d\u00e9guis\u00e9 en perroquet ! \ud83d\ude09 Mais heureusement, on ne parle pas de \u00ab\u00a0cage de sc\u00e8ne\u00a0\u00bb en allemand, contrairement au fran\u00e7ais&#8230; \ud83d\ude09<\/p>\n<div id=\"iLikeThis-15785\" class=\"iLikeThis\"><span class=\"counter\"><a onclick=\"likeThis(15785);\" class=\"image\">2<\/a><\/span><\/div>\n<p><a href=\"http:\/\/www.facebook.com\/share.php?u=https%3A%2F%2Fwww.loucamino.com%2F%3Fp%3D15785&amp;t=Objectif3280%20%2312%20Sur%20une%20branche%2C%20perch%C3%A9e%20avec%E2%80%A6%20Magali%20Deschamps\" id=\"facebook_share_both_15785\" style=\"font-size:11px; line-height:13px; font-family:'lucida grande',tahoma,verdana,arial,sans-serif; text-decoration:none; padding:2px 0 0 20px; height:16px; background:url(http:\/\/b.static.ak.fbcdn.net\/images\/share\/facebook_share_icon.gif) no-repeat top left;\">Share on Facebook<\/a><br \/>\n\t<script type=\"text\/javascript\">\n\t<!--\n\tvar button = document.getElementById('facebook_share_link_15785') || document.getElementById('facebook_share_icon_15785') || document.getElementById('facebook_share_both_15785') || document.getElementById('facebook_share_button_15785');\n\tif (button) {\n\t\tbutton.onclick = function(e) {\n\t\t\tvar url = this.href.replace(\/share\\.php\/, 'sharer.php');\n\t\t\twindow.open(url,'sharer','toolbar=0,status=0,width=626,height=436');\n\t\t\treturn false;\n\t\t}\n\t\n\t\tif (button.id === 'facebook_share_button_15785') {\n\t\t\tbutton.onmouseover = function(){\n\t\t\t\tthis.style.color='#fff';\n\t\t\t\tthis.style.borderColor = '#295582';\n\t\t\t\tthis.style.backgroundColor = '#3b5998';\n\t\t\t}\n\t\t\tbutton.onmouseout = function(){\n\t\t\t\tthis.style.color = '#3b5998';\n\t\t\t\tthis.style.borderColor = '#d8dfea';\n\t\t\t\tthis.style.backgroundColor = '#fff';\n\t\t\t}\n\t\t}\n\t}\n\t-->\n\t<\/script><\/p>\n","protected":false},"excerpt":{"rendered":"<p>A Magali Deschamps de se pr\u00eater au jeu de la branche. Magali, pr\u00e9sente depuis la 1re \u00e9dition : merci pour cette fid\u00e9lit\u00e9 ! Quel est le r\u00f4le de la photographie dans ta vie\u00a0? \u00ab\u00a0Amatrice du dimanche sachant appr\u00e9cier les belles photos\u00a0\u00bb, je pense&#8230; Je photographie essentiellement quand je suis en voyage, et de pr\u00e9f\u00e9rence seule\u00a0: [&hellip;]<\/p>\n<a href=\"http:\/\/www.facebook.com\/share.php?u=https%3A%2F%2Fwww.loucamino.com%2F%3Fp%3D15785&amp;t=Objectif3280%20%2312%20Sur%20une%20branche%2C%20perch%C3%A9e%20avec%E2%80%A6%20Magali%20Deschamps\" id=\"facebook_share_both_15785\" style=\"font-size:11px; line-height:13px; font-family:'lucida grande',tahoma,verdana,arial,sans-serif; text-decoration:none; padding:2px 0 0 20px; height:16px; background:url(http:\/\/b.static.ak.fbcdn.net\/images\/share\/facebook_share_icon.gif) no-repeat top left;\">Share on Facebook<\/a>\r\n\t<script type=\"text\/javascript\">\r\n\t<!--\r\n\tvar button = document.getElementById('facebook_share_link_15785') || document.getElementById('facebook_share_icon_15785') || document.getElementById('facebook_share_both_15785') || document.getElementById('facebook_share_button_15785');\r\n\tif (button) {\r\n\t\tbutton.onclick = function(e) {\r\n\t\t\tvar url = this.href.replace(\/share\\.php\/, 'sharer.php');\r\n\t\t\twindow.open(url,'sharer','toolbar=0,status=0,width=626,height=436');\r\n\t\t\treturn false;\r\n\t\t}\r\n\t\r\n\t\tif (button.id === 'facebook_share_button_15785') {\r\n\t\t\tbutton.onmouseover = function(){\r\n\t\t\t\tthis.style.color='#fff';\r\n\t\t\t\tthis.style.borderColor = '#295582';\r\n\t\t\t\tthis.style.backgroundColor = '#3b5998';\r\n\t\t\t}\r\n\t\t\tbutton.onmouseout = function(){\r\n\t\t\t\tthis.style.color = '#3b5998';\r\n\t\t\t\tthis.style.borderColor = '#d8dfea';\r\n\t\t\t\tthis.style.backgroundColor = '#fff';\r\n\t\t\t}\r\n\t\t}\r\n\t}\r\n\t-->\r\n\t<\/script>\r\n\t","protected":false},"author":1,"featured_media":0,"comment_status":"open","ping_status":"closed","sticky":false,"template":"","format":"standard","meta":{"ngg_post_thumbnail":0},"categories":[1,2585],"tags":[1196,468,1209,2636,2597,272,2489,1208],"_links":{"self":[{"href":"https:\/\/www.loucamino.com\/index.php?rest_route=\/wp\/v2\/posts\/15785"}],"collection":[{"href":"https:\/\/www.loucamino.com\/index.php?rest_route=\/wp\/v2\/posts"}],"about":[{"href":"https:\/\/www.loucamino.com\/index.php?rest_route=\/wp\/v2\/types\/post"}],"author":[{"embeddable":true,"href":"https:\/\/www.loucamino.com\/index.php?rest_route=\/wp\/v2\/users\/1"}],"replies":[{"embeddable":true,"href":"https:\/\/www.loucamino.com\/index.php?rest_route=%2Fwp%2Fv2%2Fcomments&post=15785"}],"version-history":[{"count":1,"href":"https:\/\/www.loucamino.com\/index.php?rest_route=\/wp\/v2\/posts\/15785\/revisions"}],"predecessor-version":[{"id":15786,"href":"https:\/\/www.loucamino.com\/index.php?rest_route=\/wp\/v2\/posts\/15785\/revisions\/15786"}],"wp:attachment":[{"href":"https:\/\/www.loucamino.com\/index.php?rest_route=%2Fwp%2Fv2%2Fmedia&parent=15785"}],"wp:term":[{"taxonomy":"category","embeddable":true,"href":"https:\/\/www.loucamino.com\/index.php?rest_route=%2Fwp%2Fv2%2Fcategories&post=15785"},{"taxonomy":"post_tag","embeddable":true,"href":"https:\/\/www.loucamino.com\/index.php?rest_route=%2Fwp%2Fv2%2Ftags&post=15785"}],"curies":[{"name":"wp","href":"https:\/\/api.w.org\/{rel}","templated":true}]}}