{"id":15744,"date":"2013-12-12T23:58:12","date_gmt":"2013-12-12T22:58:12","guid":{"rendered":"http:\/\/www.loucamino.com\/?p=15744"},"modified":"2013-12-13T00:21:23","modified_gmt":"2013-12-12T23:21:23","slug":"objectif3280-9-sur-une-branche-perchee-avec-daniel-beziz","status":"publish","type":"post","link":"https:\/\/www.loucamino.com\/?p=15744","title":{"rendered":"Objectif3280 #9 Sur une branche, perch\u00e9e avec\u2026 Daniel Beziz"},"content":{"rendered":"<ul class=\"wpsocialite social-buttons large\"><\/ul><p>Un peu \u00e0 l&rsquo;instar de R\u00e9va de Col il y a 2 jours, Daniel Beziz nous conte l&rsquo;histoire de plusieurs de ses photographies&#8230;<\/p>\n<p><strong>Quel est le r\u00f4le de la photographie dans votre vie\u00a0?<\/strong><br \/>\nJ&rsquo;ai \u00e9t\u00e9 assez surpris d&rsquo;entendre dans une \u00e9tude r\u00e9cente que des gens prennent des photos pour ne pas avoir \u00e0 graver leurs souvenirs dans leurs esprits.<br \/>\nPour moi, c&rsquo;est tout l&rsquo;inverse.<br \/>\nUne photo va faire resurgir un instant fig\u00e9 et joindre avec elle dans mon souvenir les odeurs, les bruits, les sentiments, l&rsquo;ambiance non pas de ce seul moment, mais de toute l&rsquo;action qui l&rsquo;a pr\u00e9c\u00e9d\u00e9e et celle qui va suivre. Plus belle sera la photo, plus fort sera le souvenir&#8230;<br \/>\nIl y a aussi quelque chose que je ne saurais expliquer. Je suis sujet au vertige, mais pour aboutir au cadre que j&rsquo;ai en t\u00eate, je me suis d\u00e9j\u00e0 pench\u00e9 au bord d&rsquo;un pr\u00e9cipice, l&rsquo;\u0153il coll\u00e9 au viseur. La peur du vide \u00e9tant supplant\u00e9e par la volont\u00e9 de r\u00e9ussir ma photo !<\/p>\n<p><strong>L\u2019histoire de<\/strong> <a title=\"Objectif3280 : Memories of love\" href=\"http:\/\/www.loucamino.com\/?page_id=14816&amp;ligne=4&amp;img=11\" target=\"_blank\"><strong><em>Memories of Love<\/em><\/strong> <\/a><br \/>\nEn suivant un petit chemin en surplomb de la mer du c\u00f4t\u00e9 de la Soufri\u00e8re \u00e0 Sainte Lucie, il y avait ce canot un peu ab\u00eem\u00e9 en cale s\u00e8che, avec de jolies couleurs qui ressortaient vivement, et ce nom tellement appropri\u00e9, \u00ab\u00a0Memories of Love\u00a0\u00bb. Je n&rsquo;ai pas pu r\u00e9sister&#8230;<\/p>\n<p><strong>Quelle association d&rsquo;id\u00e9e avec celle de la g\u00e9n\u00e9ration pr\u00e9c\u00e9dente <\/strong>(<strong><em>Le long de la c\u00f4te turque <\/em>de C\u00e9dric M\u00e9nard)\u00a0?<\/strong><br \/>\nLa c\u00f4te et les montagnes de la photo de C\u00e9dric M\u00e9nard m&rsquo;ont rappel\u00e9 Sainte Lucie, et le motif du cordage transversal sur le voilier se retrouve sur ma photo. Mais il s&rsquo;agit simplement d&rsquo;une corde \u00e0 linge avec quelques v\u00eatement qui prennent le vent&#8230;<\/p>\n<p><strong>L\u2019histoire de <\/strong><a title=\"Objectif3280 : still standing\" href=\"http:\/\/www.loucamino.com\/?page_id=14816&amp;ligne=6&amp;img=82\" target=\"_blank\"><strong><em>Still Standing\u2026<\/em><\/strong><\/a><br \/>\nAu sommet de l&rsquo;Acropole, on trouve le Parth\u00e9non, le temple d&rsquo;Ath\u00e9na, et beaucoup de piliers et blocs de pierres \u00e9parpill\u00e9s. Et surplombant tout cela, le drapeau grec flotte. Au milieu de cette terrible crise \u00e9conomique qui gr\u00e8ve le pays, j&rsquo;ai trouv\u00e9 cette image assez forte. Le drapeau surgissant des ruines, la Gr\u00e8ce toujours debout.<\/p>\n<p><strong>Quelle association d&rsquo;id\u00e9e avec celle de la g\u00e9n\u00e9ration pr\u00e9c\u00e9dente <\/strong><strong>(<em>Stripes<\/em> de Laurent Mrn)\u00a0?<\/strong><br \/>\nLe motif des cabines des plages de Cabourg m&rsquo;a tout de suite interpell\u00e9. Ce sont les m\u00eames rayures que l&rsquo;on retrouve sur le drapeau grec&#8230;<br \/>\n<\/p>\n<p><strong>L\u2019histoire de <\/strong><a title=\"Objectif3280 : Memorial Day\" href=\"http:\/\/www.loucamino.com\/?page_id=14816&amp;ligne=7&amp;img=464\" target=\"_blank\"><strong><em>Memorial Day<\/em><\/strong><\/a><strong><\/strong><br \/>\nMemorial Day, aux USA, c&rsquo;est le dernier lundi de Mai. Durant toute la semaine qui pr\u00e9c\u00e8de, partout dans le pays, on c\u00e9l\u00e8bre et on prend soin des soldats des diff\u00e9rents corps de l&rsquo;arm\u00e9e, et encore plus particuli\u00e8rement des v\u00e9t\u00e9rans. Il r\u00e8gne \u00e0 la fois une atmosph\u00e8re de recueillement, de respect, et de joie de vivre plus vivace qu&rsquo;\u00e0 l&rsquo;habitude \u00e0 New York.<br \/>\nDurant ces quelques jours, les drapeaux sont de sortie un peu partout, et les hommages nombreux. Sur le Rockefeller plaza, \u00e0 la nuit tomb\u00e9e, il y avait une vraie magie \u00e0 voir ces drapeaux \u00e9clair\u00e9s avec l&rsquo;immeuble Rockefeller qui les domine. La photo n&rsquo;est pas parfaite, mais je l&rsquo;aime beaucoup et j&rsquo;y retrouve m\u00eame un peu de cette magie.<\/p>\n<p><strong>Quelle association d&rsquo;id\u00e9e avec celle de la g\u00e9n\u00e9ration pr\u00e9c\u00e9dente<\/strong> <strong>(<em>Ligne directrice <\/em>de Jean-Charles Queff\u00e9lec)\u00a0?<\/strong><br \/>\nLa photo de Jean Charles Queff\u00e9lec est magnifique et tr\u00e8s forte. J&rsquo;ai surtout voulu rester dans cet esprit de recueillement et de respect.<br \/>\n<\/p>\n<p><strong>L\u2019histoire de <\/strong><a title=\"Objectif3280 : fin de journ\u00e9e d'\u00e9t\u00e9\" href=\"http:\/\/www.loucamino.com\/?page_id=14816&amp;ligne=8&amp;img=373 \" target=\"_blank\"><strong><em>Fin de journ\u00e9e d&rsquo;\u00e9t\u00e9<\/em><\/strong><\/a><strong><\/strong><br \/>\nTrois jours durant, presque \u00e0 la m\u00eame heure, sur cette petite route du sud ouest, un faucon volait parall\u00e8lement \u00e0 ma voiture. C&rsquo;\u00e9tait assez irr\u00e9el&#8230; C&rsquo;est le troisi\u00e8me jour que je me suis finalement d\u00e9cid\u00e9 \u00e0 pr\u00e9parer mon appareil photo, mais c&rsquo;est un peu compliqu\u00e9 (et dangereux) de prendre des photos en roulant. Et surtout, le r\u00e9sultat est&#8230; peu qualitatif !<br \/>\nLe quatri\u00e8me jour, j&rsquo;ai d\u00e9cid\u00e9 de m&rsquo;arr\u00eater sur ce chemin et d&rsquo;attendre le faucon. Il n&rsquo;est jamais reparu, mais en repartant, mon regard s&rsquo;est arr\u00eat\u00e9 sur cet arbre solitaire, ce ciel superbe avec la Lune qui appara\u00eet au milieu, et une belle lumi\u00e8re rasante qui fait ressortir l&rsquo;herbe l\u00e9g\u00e8rement jaunie&#8230; Je n&rsquo;avais pas vu le faucon, mais je ne rentrais pas bredouille.<\/p>\n<p><strong>Quelle association d&rsquo;id\u00e9e avec celle de la g\u00e9n\u00e9ration pr\u00e9c\u00e9dente <\/strong><strong>(<em>L\u2019incendie de for\u00eat <\/em>de Robert Walgate)\u00a0?<\/strong><br \/>\nUne inversion totale de la composition, mais les m\u00eames tons de couleurs. Le contrepoint m&rsquo;a sembl\u00e9 amusant et int\u00e9ressant.<\/p>\n<div id=\"iLikeThis-15744\" class=\"iLikeThis\"><span class=\"counter\"><a onclick=\"likeThis(15744);\" class=\"image\">4<\/a><\/span><\/div>\n<p><a href=\"http:\/\/www.facebook.com\/share.php?u=https%3A%2F%2Fwww.loucamino.com%2F%3Fp%3D15744&amp;t=Objectif3280%20%239%20Sur%20une%20branche%2C%20perch%C3%A9e%20avec%E2%80%A6%20Daniel%20Beziz\" id=\"facebook_share_both_15744\" style=\"font-size:11px; line-height:13px; font-family:'lucida grande',tahoma,verdana,arial,sans-serif; text-decoration:none; padding:2px 0 0 20px; height:16px; background:url(http:\/\/b.static.ak.fbcdn.net\/images\/share\/facebook_share_icon.gif) no-repeat top left;\">Share on Facebook<\/a><br \/>\n\t<script type=\"text\/javascript\">\n\t<!--\n\tvar button = document.getElementById('facebook_share_link_15744') || document.getElementById('facebook_share_icon_15744') || document.getElementById('facebook_share_both_15744') || document.getElementById('facebook_share_button_15744');\n\tif (button) {\n\t\tbutton.onclick = function(e) {\n\t\t\tvar url = this.href.replace(\/share\\.php\/, 'sharer.php');\n\t\t\twindow.open(url,'sharer','toolbar=0,status=0,width=626,height=436');\n\t\t\treturn false;\n\t\t}\n\t\n\t\tif (button.id === 'facebook_share_button_15744') {\n\t\t\tbutton.onmouseover = function(){\n\t\t\t\tthis.style.color='#fff';\n\t\t\t\tthis.style.borderColor = '#295582';\n\t\t\t\tthis.style.backgroundColor = '#3b5998';\n\t\t\t}\n\t\t\tbutton.onmouseout = function(){\n\t\t\t\tthis.style.color = '#3b5998';\n\t\t\t\tthis.style.borderColor = '#d8dfea';\n\t\t\t\tthis.style.backgroundColor = '#fff';\n\t\t\t}\n\t\t}\n\t}\n\t-->\n\t<\/script><\/p>\n","protected":false},"excerpt":{"rendered":"<p>Un peu \u00e0 l&rsquo;instar de R\u00e9va de Col il y a 2 jours, Daniel Beziz nous conte l&rsquo;histoire de plusieurs de ses photographies&#8230; Quel est le r\u00f4le de la photographie dans votre vie\u00a0? J&rsquo;ai \u00e9t\u00e9 assez surpris d&rsquo;entendre dans une \u00e9tude r\u00e9cente que des gens prennent des photos pour ne pas avoir \u00e0 graver leurs [&hellip;]<\/p>\n<a href=\"http:\/\/www.facebook.com\/share.php?u=https%3A%2F%2Fwww.loucamino.com%2F%3Fp%3D15744&amp;t=Objectif3280%20%239%20Sur%20une%20branche%2C%20perch%C3%A9e%20avec%E2%80%A6%20Daniel%20Beziz\" id=\"facebook_share_both_15744\" style=\"font-size:11px; line-height:13px; font-family:'lucida grande',tahoma,verdana,arial,sans-serif; text-decoration:none; padding:2px 0 0 20px; height:16px; background:url(http:\/\/b.static.ak.fbcdn.net\/images\/share\/facebook_share_icon.gif) no-repeat top left;\">Share on Facebook<\/a>\r\n\t<script type=\"text\/javascript\">\r\n\t<!--\r\n\tvar button = document.getElementById('facebook_share_link_15744') || document.getElementById('facebook_share_icon_15744') || document.getElementById('facebook_share_both_15744') || document.getElementById('facebook_share_button_15744');\r\n\tif (button) {\r\n\t\tbutton.onclick = function(e) {\r\n\t\t\tvar url = this.href.replace(\/share\\.php\/, 'sharer.php');\r\n\t\t\twindow.open(url,'sharer','toolbar=0,status=0,width=626,height=436');\r\n\t\t\treturn false;\r\n\t\t}\r\n\t\r\n\t\tif (button.id === 'facebook_share_button_15744') {\r\n\t\t\tbutton.onmouseover = function(){\r\n\t\t\t\tthis.style.color='#fff';\r\n\t\t\t\tthis.style.borderColor = '#295582';\r\n\t\t\t\tthis.style.backgroundColor = '#3b5998';\r\n\t\t\t}\r\n\t\t\tbutton.onmouseout = function(){\r\n\t\t\t\tthis.style.color = '#3b5998';\r\n\t\t\t\tthis.style.borderColor = '#d8dfea';\r\n\t\t\t\tthis.style.backgroundColor = '#fff';\r\n\t\t\t}\r\n\t\t}\r\n\t}\r\n\t-->\r\n\t<\/script>\r\n\t","protected":false},"author":1,"featured_media":0,"comment_status":"open","ping_status":"closed","sticky":false,"template":"","format":"standard","meta":{"ngg_post_thumbnail":0},"categories":[1,2585],"tags":[468,2633,1209,2597,272,2489,1208],"_links":{"self":[{"href":"https:\/\/www.loucamino.com\/index.php?rest_route=\/wp\/v2\/posts\/15744"}],"collection":[{"href":"https:\/\/www.loucamino.com\/index.php?rest_route=\/wp\/v2\/posts"}],"about":[{"href":"https:\/\/www.loucamino.com\/index.php?rest_route=\/wp\/v2\/types\/post"}],"author":[{"embeddable":true,"href":"https:\/\/www.loucamino.com\/index.php?rest_route=\/wp\/v2\/users\/1"}],"replies":[{"embeddable":true,"href":"https:\/\/www.loucamino.com\/index.php?rest_route=%2Fwp%2Fv2%2Fcomments&post=15744"}],"version-history":[{"count":9,"href":"https:\/\/www.loucamino.com\/index.php?rest_route=\/wp\/v2\/posts\/15744\/revisions"}],"predecessor-version":[{"id":15755,"href":"https:\/\/www.loucamino.com\/index.php?rest_route=\/wp\/v2\/posts\/15744\/revisions\/15755"}],"wp:attachment":[{"href":"https:\/\/www.loucamino.com\/index.php?rest_route=%2Fwp%2Fv2%2Fmedia&parent=15744"}],"wp:term":[{"taxonomy":"category","embeddable":true,"href":"https:\/\/www.loucamino.com\/index.php?rest_route=%2Fwp%2Fv2%2Fcategories&post=15744"},{"taxonomy":"post_tag","embeddable":true,"href":"https:\/\/www.loucamino.com\/index.php?rest_route=%2Fwp%2Fv2%2Ftags&post=15744"}],"curies":[{"name":"wp","href":"https:\/\/api.w.org\/{rel}","templated":true}]}}