{"id":15737,"date":"2013-12-11T18:29:36","date_gmt":"2013-12-11T17:29:36","guid":{"rendered":"http:\/\/www.loucamino.com\/?p=15737"},"modified":"2013-12-11T18:29:36","modified_gmt":"2013-12-11T17:29:36","slug":"objectif3280-8-sur-une-branche-perchee-avec-gerald-maigues","status":"publish","type":"post","link":"https:\/\/www.loucamino.com\/?p=15737","title":{"rendered":"Objectif3280 #8 Sur une branche, perch\u00e9e avec\u2026 G\u00e9rald Maigues"},"content":{"rendered":"<ul class=\"wpsocialite social-buttons large\"><\/ul><p>A nouveau une histoire de famille avec G\u00e9rald Maigues&#8230;<\/p>\n<p><strong>Quel est le r\u00f4le de la photographie dans votre vie\u00a0?<\/strong><br \/>\nTout d&rsquo;abord je dois avouer que je suis un photographe amateur. Mais, comme j&rsquo;ai eu la chance de pas mal voyager, mon vieil\u00a0argentique (qui va sur ses 40 ans) a \u00e9t\u00e9 un compagnon de route dont j&rsquo;aurai du mal \u00e0 me s\u00e9parer.\u00a0M\u00eame si on m&rsquo;a offert r\u00e9cemment un r\u00e9flexe\u00a0num\u00e9rique\u00a0avec\u00a0lequel je prends beaucoup de plaisir et qui m&rsquo;offre d&rsquo;autres possibilit\u00e9s photographiques.<br \/>\nLes photos sont pour moi une \u00e9motion, un instant qu&rsquo;on\u00a0immobilise et qu&rsquo;on immortalise (contrairement\u00a0au d\u00e9roulement d&rsquo;un film). Alors que nous vivons dans un monde de la vitesse et de l&rsquo;urgence, la photo sacralise la lenteur. Prendre le temps de s&rsquo;arr\u00eater, de regarder le sujet, la lumi\u00e8re, d&rsquo;imaginer la photo qui en r\u00e9sultera.<br \/>\nC&rsquo;est aussi les \u00e9tapes qui ont jalonn\u00e9 ma vie, comme les tableaux que nous avons chez nous et qui racontent des histoires.<br \/>\nEt puis, malgr\u00e9 les ann\u00e9es qui passent, il est\u00a0\u00e9tonnant\u00a0de\u00a0constater comme on se souvient de chaque photo, des circonstances et du lieu.<br \/>\nQue de soir\u00e9es diapos n&rsquo;avons nous pas partag\u00e9es et de photos papier que nous avons fait circuler autour de la table et d&rsquo;un verre entre copains, famille et amis !<br \/>\nEncore aujourd&rsquo;hui, \u00e0 la recherche d&rsquo;une photo, j&rsquo;ouvre les bo\u00eetes o\u00f9 elles sont rang\u00e9es, et \u00a0j&rsquo;exhume au hasard toutes celles que je retrouve. C&rsquo;est un grand bonheur teint\u00e9 de nostalgie.<br \/>\nEt, pour ne pas voir s&rsquo;effacer mes vielles diapos, ma femme et mon fils m&rsquo;ont offert un scanner diapos avec lequel j&rsquo;ai pu num\u00e9riser 2800 photos dont les premi\u00e8res remontent \u00e0 1979.\u00a0J&rsquo;ai pu ainsi transmettre cette \u00ab\u00a0bible\u00a0\u00bb \u00e0 mon fils.<br \/>\nLa photo, c&rsquo;est enfin un voyage \u00e0 travers l&rsquo;espace et le temps. C&rsquo;est toujours un r\u00e9el plaisir que l&rsquo;on soit au bout du monde ou dans son jardin.<br \/>\nEt il n&rsquo;y a pas d&rsquo;\u00e2ge pour prendre du plaisir !<\/p>\n<p>&nbsp;<br \/>\n<strong>Quelle est l\u2019histoire de votre photo<\/strong> <strong>(G8-262, <a title=\"Objectif3280 : Mer de glace\" href=\"http:\/\/www.loucamino.com\/?page_id=14816&amp;ligne=8&amp;img=262\" target=\"_blank\"><em>Mer de glace<\/em><\/a><\/strong>) <strong>\u00e0 Baie Saint Paul au Qu\u00e9bec\u00a0<\/strong> <strong>?<\/strong><br \/>\nEn septembre 2011, nous avons entrepris de partir,\u00a0avec\u00a0ma femme et ma belle\u00a0s\u0153ur sur le chemin de Compostelle (\u00ab\u00a0lou camino\u00a0\u00bb en quelque sorte).<br \/>\nEntre Saint Jean Pied de Port et Pampelune, nous avons rencontr\u00e9 trois\u00a0qu\u00e9b\u00e9coises.\u00a0\u00a0Imm\u00e9diatement le courant est pass\u00e9 et ce fut le d\u00e9but d&rsquo;une grande amiti\u00e9.<br \/>\nFin d\u00e9cembre 2012, nous avons \u00e9t\u00e9 invit\u00e9s \u00e0 passer le r\u00e9veillon du nouvel an chez elles \u00e0 Qu\u00e9bec.\u00a0Nous avions visit\u00e9 le Qu\u00e9bec en \u00e9t\u00e9 10 ans plus t\u00f4t et je m&rsquo;\u00e9tais promis de revenir en hiver voir le Saint Laurent pris dans les glaces.<br \/>\nNous avons pass\u00e9 un s\u00e9jour chaleureux malgr\u00e9 les &#8211; 20\u00b0 et c&rsquo;est la raison pour\u00a0laquelle\u00a0j&rsquo;ai choisi cette photo (j&rsquo;aurais pu en choisir de nombreuses autres).\u00a0Vous\u00a0l&rsquo;aurez compris, en fait j&rsquo;ai choisi avant toute chose l&rsquo;histoire qu&rsquo;elle raconte.<\/p>\n<p>&nbsp;<br \/>\n<strong>Quelle connexion avec\u00a0celle de la g\u00e9n\u00e9ration pr\u00e9c\u00e9dente (<\/strong><strong><em>Sculptures d&rsquo;hiver<\/em><\/strong><strong> d\u2019Annie Dufour) ?<\/strong><br \/>\nJe serai tr\u00e8s bref car la neige et la glace de la photo \u00ab\u00a0Sculptures d&rsquo;hiver\u00a0\u00bb ont \u00e9t\u00e9 des rep\u00e8res \u00e9vidents. De m\u00eame que le d\u00e9sert est un sujet \u00e9blouissant, les \u00e9tendues glac\u00e9es sont saisissantes.<\/p>\n<div id=\"iLikeThis-15737\" class=\"iLikeThis\"><span class=\"counter\"><a onclick=\"likeThis(15737);\" class=\"image\">1<\/a><\/span><\/div>\n<p><a href=\"http:\/\/www.facebook.com\/share.php?u=https%3A%2F%2Fwww.loucamino.com%2F%3Fp%3D15737&amp;t=Objectif3280%20%238%20Sur%20une%20branche%2C%20perch%C3%A9e%20avec%E2%80%A6%20G%C3%A9rald%20Maigues%20\" id=\"facebook_share_both_15737\" style=\"font-size:11px; line-height:13px; font-family:'lucida grande',tahoma,verdana,arial,sans-serif; text-decoration:none; padding:2px 0 0 20px; height:16px; background:url(http:\/\/b.static.ak.fbcdn.net\/images\/share\/facebook_share_icon.gif) no-repeat top left;\">Share on Facebook<\/a><br \/>\n\t<script type=\"text\/javascript\">\n\t<!--\n\tvar button = document.getElementById('facebook_share_link_15737') || document.getElementById('facebook_share_icon_15737') || document.getElementById('facebook_share_both_15737') || document.getElementById('facebook_share_button_15737');\n\tif (button) {\n\t\tbutton.onclick = function(e) {\n\t\t\tvar url = this.href.replace(\/share\\.php\/, 'sharer.php');\n\t\t\twindow.open(url,'sharer','toolbar=0,status=0,width=626,height=436');\n\t\t\treturn false;\n\t\t}\n\t\n\t\tif (button.id === 'facebook_share_button_15737') {\n\t\t\tbutton.onmouseover = function(){\n\t\t\t\tthis.style.color='#fff';\n\t\t\t\tthis.style.borderColor = '#295582';\n\t\t\t\tthis.style.backgroundColor = '#3b5998';\n\t\t\t}\n\t\t\tbutton.onmouseout = function(){\n\t\t\t\tthis.style.color = '#3b5998';\n\t\t\t\tthis.style.borderColor = '#d8dfea';\n\t\t\t\tthis.style.backgroundColor = '#fff';\n\t\t\t}\n\t\t}\n\t}\n\t-->\n\t<\/script><\/p>\n","protected":false},"excerpt":{"rendered":"<p>A nouveau une histoire de famille avec G\u00e9rald Maigues&#8230; Quel est le r\u00f4le de la photographie dans votre vie\u00a0? Tout d&rsquo;abord je dois avouer que je suis un photographe amateur. Mais, comme j&rsquo;ai eu la chance de pas mal voyager, mon vieil\u00a0argentique (qui va sur ses 40 ans) a \u00e9t\u00e9 un compagnon de route dont [&hellip;]<\/p>\n<a href=\"http:\/\/www.facebook.com\/share.php?u=https%3A%2F%2Fwww.loucamino.com%2F%3Fp%3D15737&amp;t=Objectif3280%20%238%20Sur%20une%20branche%2C%20perch%C3%A9e%20avec%E2%80%A6%20G%C3%A9rald%20Maigues%20\" id=\"facebook_share_both_15737\" style=\"font-size:11px; line-height:13px; font-family:'lucida grande',tahoma,verdana,arial,sans-serif; text-decoration:none; padding:2px 0 0 20px; height:16px; background:url(http:\/\/b.static.ak.fbcdn.net\/images\/share\/facebook_share_icon.gif) no-repeat top left;\">Share on Facebook<\/a>\r\n\t<script type=\"text\/javascript\">\r\n\t<!--\r\n\tvar button = document.getElementById('facebook_share_link_15737') || document.getElementById('facebook_share_icon_15737') || document.getElementById('facebook_share_both_15737') || document.getElementById('facebook_share_button_15737');\r\n\tif (button) {\r\n\t\tbutton.onclick = function(e) {\r\n\t\t\tvar url = this.href.replace(\/share\\.php\/, 'sharer.php');\r\n\t\t\twindow.open(url,'sharer','toolbar=0,status=0,width=626,height=436');\r\n\t\t\treturn false;\r\n\t\t}\r\n\t\r\n\t\tif (button.id === 'facebook_share_button_15737') {\r\n\t\t\tbutton.onmouseover = function(){\r\n\t\t\t\tthis.style.color='#fff';\r\n\t\t\t\tthis.style.borderColor = '#295582';\r\n\t\t\t\tthis.style.backgroundColor = '#3b5998';\r\n\t\t\t}\r\n\t\t\tbutton.onmouseout = function(){\r\n\t\t\t\tthis.style.color = '#3b5998';\r\n\t\t\t\tthis.style.borderColor = '#d8dfea';\r\n\t\t\t\tthis.style.backgroundColor = '#fff';\r\n\t\t\t}\r\n\t\t}\r\n\t}\r\n\t-->\r\n\t<\/script>\r\n\t","protected":false},"author":1,"featured_media":0,"comment_status":"open","ping_status":"closed","sticky":false,"template":"","format":"standard","meta":{"ngg_post_thumbnail":0},"categories":[1,2585],"tags":[468,1209,2631,2597,2630,2489,1208],"_links":{"self":[{"href":"https:\/\/www.loucamino.com\/index.php?rest_route=\/wp\/v2\/posts\/15737"}],"collection":[{"href":"https:\/\/www.loucamino.com\/index.php?rest_route=\/wp\/v2\/posts"}],"about":[{"href":"https:\/\/www.loucamino.com\/index.php?rest_route=\/wp\/v2\/types\/post"}],"author":[{"embeddable":true,"href":"https:\/\/www.loucamino.com\/index.php?rest_route=\/wp\/v2\/users\/1"}],"replies":[{"embeddable":true,"href":"https:\/\/www.loucamino.com\/index.php?rest_route=%2Fwp%2Fv2%2Fcomments&post=15737"}],"version-history":[{"count":1,"href":"https:\/\/www.loucamino.com\/index.php?rest_route=\/wp\/v2\/posts\/15737\/revisions"}],"predecessor-version":[{"id":15738,"href":"https:\/\/www.loucamino.com\/index.php?rest_route=\/wp\/v2\/posts\/15737\/revisions\/15738"}],"wp:attachment":[{"href":"https:\/\/www.loucamino.com\/index.php?rest_route=%2Fwp%2Fv2%2Fmedia&parent=15737"}],"wp:term":[{"taxonomy":"category","embeddable":true,"href":"https:\/\/www.loucamino.com\/index.php?rest_route=%2Fwp%2Fv2%2Fcategories&post=15737"},{"taxonomy":"post_tag","embeddable":true,"href":"https:\/\/www.loucamino.com\/index.php?rest_route=%2Fwp%2Fv2%2Ftags&post=15737"}],"curies":[{"name":"wp","href":"https:\/\/api.w.org\/{rel}","templated":true}]}}