{"id":15722,"date":"2013-12-10T17:02:39","date_gmt":"2013-12-10T16:02:39","guid":{"rendered":"http:\/\/www.loucamino.com\/?p=15722"},"modified":"2013-12-10T17:52:08","modified_gmt":"2013-12-10T16:52:08","slug":"objectif3280-5-sur-une-branche-perchee-avec-reva-de-col","status":"publish","type":"post","link":"https:\/\/www.loucamino.com\/?p=15722","title":{"rendered":"Objectif3280 #5 Sur une branche, perch\u00e9e avec\u2026 R\u00e9va de Col"},"content":{"rendered":"<ul class=\"wpsocialite social-buttons large\"><\/ul><p>Nouvelle branche bien fournie avec R\u00e9va de Col, dont c&rsquo;est la 1re participation, qui nous raconte l&rsquo;histoire de chacune des photos qu&rsquo;elle a post\u00e9es&#8230;<\/p>\n<p><strong>Quel est le r\u00f4le de la photographie dans votre vie\u00a0?\u00a0<\/strong><br \/>\nLa photographie selon moi, permet de d\u00e9couvrir via des photos anciennes prises de vieux souvenirs de famille o\u00f9 je n&rsquo;\u00e9tais pas encore n\u00e9e, ou bien de voir aussi des lieux o\u00f9 je ne suis jamais all\u00e9e encore. D&rsquo;autre part, mon p\u00e8re s&rsquo;\u00e9tant int\u00e9ress\u00e9 et s&rsquo;int\u00e9ressant toujours \u00e0 la photo (vieille mani\u00e8re de d\u00e9velopper avec chambre noire), j&rsquo;ai \u00e9t\u00e9 depuis petite apprivois\u00e9e \u00e0 cet art. Car pour moi, la photographie, est un art, tout comme la musique, le th\u00e9\u00e2tre, la couture et j&rsquo;en passe.<br \/>\nCela m&rsquo;arrivait il y a deux trois ans de prendre beaucoup plus de photos que maintenant, avec un regard plut\u00f4t sur les d\u00e9tails. A l&rsquo;\u00e9poque, je faisais plusieurs clich\u00e9s de la m\u00eame vue et je gardais le ou les meilleurs. Je parle de cela concernant mes voyages, ou moment de soir\u00e9es ou autres.<br \/>\nAujourd&rsquo;hui, j&rsquo;avoue que ce n&rsquo;est plus trop le cas, je prends toujours des clich\u00e9s, mais juste quelques uns, et je pr\u00e9f\u00e8re croquer ou me souvenir des endroits o\u00f9 je me suis rendue, ou moments que j&rsquo;ai v\u00e9cus.<\/p>\n<p><strong>Quelle est l&rsquo;histoire de <a title=\"Objectif3280 : Tourbillon\" href=\"http:\/\/www.loucamino.com\/?page_id=14816&amp;ligne=7&amp;img=408\" target=\"_blank\"><em>Tourbillon<\/em><\/a> ?\u00a0<\/strong><br \/>\nJe me trouvais dans un camping dans les Pyr\u00e9n\u00e9es Orientales, juste au pied du mont du Canigou. Nous campions, et lors d&rsquo;un BBQ, j&rsquo;avais ramen\u00e9 mon appareil photo et ai pris plusieurs photos durant ce moment. Cette photo, que j&rsquo;ai appel\u00e9e \u00ab\u00a0Tourbillon\u00a0\u00bb, a \u00e9t\u00e9 prise sans le vouloir, je ne l&rsquo;avais pas remarqu\u00e9. Je l&rsquo;ai d\u00e9couverte en regardant mes photos quand je suis rentr\u00e9e de vacances. Cette photo date d\u2019ao\u00fbt 2007.<\/p>\n<p><strong>Quelle connexion avec la photo de la g\u00e9n\u00e9ration pr\u00e9c\u00e9dente (G6-136, <em>La grande ourse<\/em> de Muriel Cr\u00e9bassa)\u00a0?<\/strong><br \/>\nJ&rsquo;ai remarqu\u00e9 que la photo repr\u00e9sentait des formes circulaires et s&rsquo;inspirait de la nature, car je pense, que c&rsquo;est une poussi\u00e8re de fleur si je puis m&rsquo;exprimer ainsi. Comme la photo que j&rsquo;ai prise \u00ab\u00a0Tourbillon\u00a0\u00bb \u00e9tait aussi de forme de rond, j&rsquo;ai trouv\u00e9 que cette photo faisait \u00e9cho avec la mienne.<\/p>\n<p>&nbsp;<\/p>\n<p><strong>L\u2019histoire de\u00a0<a title=\"Objectif3280 : casa pedrera de Gaudi\" href=\"http:\/\/www.loucamino.com\/?page_id=14816&amp;ligne=7&amp;img=395\" target=\"_blank\"><em>Casa Pedrera de Gaudi, arriba de todo<\/em><\/a><\/strong><br \/>\nC&rsquo;est lors de mon premier voyage \u00e0 Barcelone dans le cadre d&rsquo;une colonie de vacances. Nous nous trouvions tous en haut de la Pedrera, et j&rsquo;\u00e9tais assez fascin\u00e9e par ces esp\u00e8ces de soldats, mais je voulais les prendre en sorte de portrait. Du coup, je me suis mise \u00e0 un endroit et ai zoom\u00e9 un peu. Au final, on peut voir selon son imagination des t\u00eates de soldats, ou de Dark Wador (Star Wars). Cette photo date de juillet 2008.<\/p>\n<p>&nbsp;<\/p>\n<p><strong>L\u2019histoire de <a title=\"Objectif3280 : Rocher dans la mer\" href=\"http:\/\/www.loucamino.com\/?page_id=14816&amp;ligne=7&amp;img=529\" target=\"_blank\"><em>Rocher dans la mer perc\u00e9 d&rsquo;un trou cercle<\/em><\/a><\/strong><br \/>\nCette photo \u00e9t\u00e9 prise \u00e0 Orebic en Croatie, c&rsquo;est une presqu&rsquo;\u00eele. La photo a \u00e9t\u00e9 prise en fin de journ\u00e9e. J&rsquo;ai pens\u00e9 en la prenant que la nature quelle qu&rsquo;elle soit (bois, roche, ou eau) s&rsquo;harmonise parfaitement, et avec cette photo, \u00e0 l&rsquo;\u00e9poque, je trouvais que \u00e7a refl\u00e9tait ma r\u00e9flexion.<\/p>\n<p><strong>Quelle connexion avec la photo de la g\u00e9n\u00e9ration pr\u00e9c\u00e9dente (<em>La mouette sur la roche<\/em><\/strong> <strong>de Val K)\u00a0?<\/strong><br \/>\nCette photo avait plus ou moins les m\u00eames teintes que celle que je voulais proposer. Y&rsquo;avait aussi quelque chose dans ou sur la roche, l\u00e0 l&rsquo;oiseau sur le rocher et un trou dans le rocher, et toutes deux dans la mer.<\/p>\n<p>&nbsp;<\/p>\n<p><strong>L\u2019histoire de <a title=\"Objectif3280 : cadre naturel\" href=\"http:\/\/www.loucamino.com\/?page_id=14816&amp;ligne=8&amp;img=1363\" target=\"_blank\"><em>Cadre naturel cadrant un point de vue depuis Montju\u00efc<\/em> <\/a><\/strong><br \/>\nLa photo a \u00e9t\u00e9 prise hier, en allant visiter la fondation Miro. Je trouvais que le cadre se faisait avec les bords des feuillages des arbres et aussi le pin qui \u00e9tait au dessus de ma t\u00eate.<\/p>\n<p><strong>Quelle connexion avec la photo de la g\u00e9n\u00e9ration pr\u00e9c\u00e9dente (<em>Cadre dans cadre <\/em>de S\u00e9bastien Gonnet)\u00a0?<\/strong><br \/>\nJe l&rsquo;ai mise en relation avec l&rsquo;autre photo prise avec l&rsquo;encadrement fait de b\u00e9ton, car celui-ci \u00e9tait fait par l&rsquo;humain (construction) et ma photo, avec un encadrement de verdures.<\/p>\n<p>&nbsp;<\/p>\n<p><strong>L\u2019histoire de <em><a title=\"Objectif3280 : \u00e7a grimpe\" href=\"http:\/\/www.loucamino.com\/?page_id=14816&amp;ligne=8&amp;img=2165\" target=\"_blank\">Ca grimpe (thermom\u00e8tre citadin)<\/a>\u00a0<\/em><\/strong><br \/>\nCette photo repr\u00e9sente le thermom\u00e8tre g\u00e9ant de Barcelone, se trouvant sur une rue donnant Plaza Catalunya. Je l&rsquo;avais rep\u00e9r\u00e9 depuis mon arriv\u00e9e \u00e0 Barcelone (octobre 2013), mais ne trouvais pas le bon moment pour le prendre en photo. Cette photo est un petit clin d&rsquo;\u0153il \u00e0 des amis \u00e9tant sur Paris o\u00f9 il ne fait pas tr\u00e8s chaud.\u00a0Photo prise 6\/12\/13 \u00e0 16h.<\/p>\n<p><strong>Quelle connexion avec la photo de la g\u00e9n\u00e9ration pr\u00e9c\u00e9dente (<em>Morceau de pont (film IR) <\/em>d\u2019Alain Gravelet)\u00a0?<\/strong><br \/>\nJ&rsquo;ai trouv\u00e9 que cette photo faisait \u00e9cho \u00e0 \u00ab\u00a0morceau de pont\u00a0\u00bb, car dans cette photo, comme le nom nous le mentionne, c&rsquo;est une portion. Dans ma photo, il y a aussi une portion du thermom\u00e8tre qui est remplie de rouge, donc pas l&rsquo;enti\u00e8re totalit\u00e9 (jusque 14\u00b0C).<\/p>\n<p>&nbsp;<\/p>\n<p><strong>L\u2019histoire de <a title=\"Objectif3280 : concert gnawa jazz\" href=\"http:\/\/www.loucamino.com\/?page_id=14816&amp;ligne=8&amp;img=1759\" target=\"_blank\"><em>Concert gnawa jazz pour un anniversaire aux Frigos de Paris<\/em><\/a><\/strong><br \/>\nLa photo a \u00e9t\u00e9 prise d\u00e9but septembre 2013 comme je l&rsquo;ai mentionn\u00e9 aux Frigos de Paris dans le 13\u00e8me, sous la rue de Tolbiac dans une salle vout\u00e9e. J&rsquo;ai pris plusieurs clich\u00e9s car je connaissais certains musiciens \u00e9tant moi-m\u00eame musicienne. Cela faisait donc un souvenir. De plus, ce n&rsquo;est pas si courant \u00e0 Paris d&rsquo;\u00e9couter de la musique Gnawa (musique d&rsquo;Afrique du nord avec des instruments traditionnels comme le giembr\u00e9 et les castagnettes marocaines -je ne me souviens plus du nom-). Le giembr\u00e9 est la basse marocaine, instrument tr\u00e8s ancien \u00e0 trois cordes de boyaux de moutons. Les castagnettes marocaines que l&rsquo;on voit sur la photo par un ami qui chante ont une forme de cuill\u00e8re.<\/p>\n<p><strong>Quelle connexion avec la photo de la g\u00e9n\u00e9ration pr\u00e9c\u00e9dente (<em>Chaise de spectacle<\/em> d\u2019Emmanuel Veneau)\u00a0?<\/strong><br \/>\nCe sont toutes les deux des photos repr\u00e9sentant des arts (la danse et la musique). Comme j&rsquo;ai trouv\u00e9 qu&rsquo;il y avait deux photos de danse, et aucune sur la musique ou des musiciens, j&rsquo;ai pens\u00e9 que ce serait une bonne id\u00e9e.<\/p>\n<p>&nbsp;<\/p>\n<p><strong>L\u2019histoire de <a title=\"Objectif3280 : visages\" href=\"http:\/\/www.loucamino.com\/?page_id=14816&amp;ligne=8&amp;img=55\" target=\"_blank\"><em>Visages<\/em><\/a><\/strong><br \/>\nElle a \u00e9t\u00e9 prise sur un pont passant au dessus des rails des trains de la gare du nord, entre la Chapelle et Stalingrad. Je trouvais marrants ces visages de catcheurs et \u00e0 l&rsquo;initial, je voulais les prendre sans passage devant, et puis un homme press\u00e9 est pass\u00e9 juste au moment o\u00f9 la photo s&rsquo;est faite. Sur le coup, je me suis dis que j&rsquo;allais en refaire une, mais en la voyant, j\u2019ai trouv\u00e9 que cela rendait bien, avec le flou et le net.<\/p>\n<p><strong>Quelle connexion avec la photo de la g\u00e9n\u00e9ration pr\u00e9c\u00e9dente (<em>D\u00e9fense de stationner<\/em> d\u2019Alain Gravelet)\u00a0?<\/strong><br \/>\nA cause des visages sur les deux photos tagu\u00e9s sur une porte de garage ou sur le d\u00e9but d&rsquo;un mur.<\/p>\n<p>&nbsp;<\/p>\n<p><strong>L\u2019histoire de<\/strong> <a title=\"Objectif3280 : Avion passant mille lieux...\" href=\"http:\/\/www.loucamino.com\/?page_id=14816&amp;ligne=8&amp;img=38\" target=\"_blank\"><strong><em>Avion passant mille lieux au dessus de la flamme Olympique JO 92<\/em><\/strong><\/a><br \/>\nCette photo a \u00e9t\u00e9 prise sur le Montju\u00efc. J&rsquo;ai lev\u00e9 la t\u00eate et regard\u00e9 en haut, le mat\u00e9riau o\u00f9 est allum\u00e9e la flamme est de plusieurs couleurs comme un effet de couleur p\u00e9trole. Juste \u00e0 ce moment l\u00e0, un avion se pr\u00e9parait \u00e0 passer \u00e0 c\u00f4t\u00e9. Je souhaitais prendre cette photo car je trouvais d\u00e9j\u00e0 que le support de la flamme \u00e9tait haut, mais alors l&rsquo;avion encore plus.<\/p>\n<p><strong>Quelle connexion avec la photo de la g\u00e9n\u00e9ration pr\u00e9c\u00e9dente (<em>Figure acrobatique <\/em>de Nicole Vasapolli)\u00a0?<\/strong><br \/>\nC&rsquo;est aussi une photo d&rsquo;avion dans le ciel mais surtout de trace laiss\u00e9e en faisant un dessin de tra\u00een\u00e9es blanches. Les cercles sur la \u00ab\u00a0Figure acrobatique\u00a0\u00bb font \u00e9cho \u00e0 la ligne blanche qu&rsquo;a laiss\u00e9e l&rsquo;avion dans ma photo.<\/p>\n<div id=\"iLikeThis-15722\" class=\"iLikeThis\"><span class=\"counter\"><a onclick=\"likeThis(15722);\" class=\"image\">3<\/a><\/span><\/div>\n<p><a href=\"http:\/\/www.facebook.com\/share.php?u=https%3A%2F%2Fwww.loucamino.com%2F%3Fp%3D15722&amp;t=%20Objectif3280%20%235%20Sur%20une%20branche%2C%20perch%C3%A9e%20avec%E2%80%A6%20R%C3%A9va%20de%20Col\" id=\"facebook_share_both_15722\" style=\"font-size:11px; line-height:13px; font-family:'lucida grande',tahoma,verdana,arial,sans-serif; text-decoration:none; padding:2px 0 0 20px; height:16px; background:url(http:\/\/b.static.ak.fbcdn.net\/images\/share\/facebook_share_icon.gif) no-repeat top left;\">Share on Facebook<\/a><br \/>\n\t<script type=\"text\/javascript\">\n\t<!--\n\tvar button = document.getElementById('facebook_share_link_15722') || document.getElementById('facebook_share_icon_15722') || document.getElementById('facebook_share_both_15722') || document.getElementById('facebook_share_button_15722');\n\tif (button) {\n\t\tbutton.onclick = function(e) {\n\t\t\tvar url = this.href.replace(\/share\\.php\/, 'sharer.php');\n\t\t\twindow.open(url,'sharer','toolbar=0,status=0,width=626,height=436');\n\t\t\treturn false;\n\t\t}\n\t\n\t\tif (button.id === 'facebook_share_button_15722') {\n\t\t\tbutton.onmouseover = function(){\n\t\t\t\tthis.style.color='#fff';\n\t\t\t\tthis.style.borderColor = '#295582';\n\t\t\t\tthis.style.backgroundColor = '#3b5998';\n\t\t\t}\n\t\t\tbutton.onmouseout = function(){\n\t\t\t\tthis.style.color = '#3b5998';\n\t\t\t\tthis.style.borderColor = '#d8dfea';\n\t\t\t\tthis.style.backgroundColor = '#fff';\n\t\t\t}\n\t\t}\n\t}\n\t-->\n\t<\/script><\/p>\n","protected":false},"excerpt":{"rendered":"<p>Nouvelle branche bien fournie avec R\u00e9va de Col, dont c&rsquo;est la 1re participation, qui nous raconte l&rsquo;histoire de chacune des photos qu&rsquo;elle a post\u00e9es&#8230; Quel est le r\u00f4le de la photographie dans votre vie\u00a0?\u00a0 La photographie selon moi, permet de d\u00e9couvrir via des photos anciennes prises de vieux souvenirs de famille o\u00f9 je n&rsquo;\u00e9tais pas [&hellip;]<\/p>\n<a href=\"http:\/\/www.facebook.com\/share.php?u=https%3A%2F%2Fwww.loucamino.com%2F%3Fp%3D15722&amp;t=%20Objectif3280%20%235%20Sur%20une%20branche%2C%20perch%C3%A9e%20avec%E2%80%A6%20R%C3%A9va%20de%20Col\" id=\"facebook_share_both_15722\" style=\"font-size:11px; line-height:13px; font-family:'lucida grande',tahoma,verdana,arial,sans-serif; text-decoration:none; padding:2px 0 0 20px; height:16px; background:url(http:\/\/b.static.ak.fbcdn.net\/images\/share\/facebook_share_icon.gif) no-repeat top left;\">Share on Facebook<\/a>\r\n\t<script type=\"text\/javascript\">\r\n\t<!--\r\n\tvar button = document.getElementById('facebook_share_link_15722') || document.getElementById('facebook_share_icon_15722') || document.getElementById('facebook_share_both_15722') || document.getElementById('facebook_share_button_15722');\r\n\tif (button) {\r\n\t\tbutton.onclick = function(e) {\r\n\t\t\tvar url = this.href.replace(\/share\\.php\/, 'sharer.php');\r\n\t\t\twindow.open(url,'sharer','toolbar=0,status=0,width=626,height=436');\r\n\t\t\treturn false;\r\n\t\t}\r\n\t\r\n\t\tif (button.id === 'facebook_share_button_15722') {\r\n\t\t\tbutton.onmouseover = function(){\r\n\t\t\t\tthis.style.color='#fff';\r\n\t\t\t\tthis.style.borderColor = '#295582';\r\n\t\t\t\tthis.style.backgroundColor = '#3b5998';\r\n\t\t\t}\r\n\t\t\tbutton.onmouseout = function(){\r\n\t\t\t\tthis.style.color = '#3b5998';\r\n\t\t\t\tthis.style.borderColor = '#d8dfea';\r\n\t\t\t\tthis.style.backgroundColor = '#fff';\r\n\t\t\t}\r\n\t\t}\r\n\t}\r\n\t-->\r\n\t<\/script>\r\n\t","protected":false},"author":1,"featured_media":0,"comment_status":"open","ping_status":"closed","sticky":false,"template":"","format":"standard","meta":{"ngg_post_thumbnail":0},"categories":[1,2585],"tags":[1196,468,1209,2597,272,2489,2627,1208],"_links":{"self":[{"href":"https:\/\/www.loucamino.com\/index.php?rest_route=\/wp\/v2\/posts\/15722"}],"collection":[{"href":"https:\/\/www.loucamino.com\/index.php?rest_route=\/wp\/v2\/posts"}],"about":[{"href":"https:\/\/www.loucamino.com\/index.php?rest_route=\/wp\/v2\/types\/post"}],"author":[{"embeddable":true,"href":"https:\/\/www.loucamino.com\/index.php?rest_route=\/wp\/v2\/users\/1"}],"replies":[{"embeddable":true,"href":"https:\/\/www.loucamino.com\/index.php?rest_route=%2Fwp%2Fv2%2Fcomments&post=15722"}],"version-history":[{"count":5,"href":"https:\/\/www.loucamino.com\/index.php?rest_route=\/wp\/v2\/posts\/15722\/revisions"}],"predecessor-version":[{"id":15726,"href":"https:\/\/www.loucamino.com\/index.php?rest_route=\/wp\/v2\/posts\/15722\/revisions\/15726"}],"wp:attachment":[{"href":"https:\/\/www.loucamino.com\/index.php?rest_route=%2Fwp%2Fv2%2Fmedia&parent=15722"}],"wp:term":[{"taxonomy":"category","embeddable":true,"href":"https:\/\/www.loucamino.com\/index.php?rest_route=%2Fwp%2Fv2%2Fcategories&post=15722"},{"taxonomy":"post_tag","embeddable":true,"href":"https:\/\/www.loucamino.com\/index.php?rest_route=%2Fwp%2Fv2%2Ftags&post=15722"}],"curies":[{"name":"wp","href":"https:\/\/api.w.org\/{rel}","templated":true}]}}