{"id":14922,"date":"2013-11-14T23:31:30","date_gmt":"2013-11-14T22:31:30","guid":{"rendered":"http:\/\/www.loucamino.com\/?p=14922"},"modified":"2013-11-15T18:08:33","modified_gmt":"2013-11-15T17:08:33","slug":"objectif3280-sur-une-branche-perchee-avec-et-larrivee-de-la-3e-edition","status":"publish","type":"post","link":"https:\/\/www.loucamino.com\/?p=14922","title":{"rendered":"Objectif3280 Sur une branche, perch\u00e9e avec&#8230; et l&rsquo;arriv\u00e9e de la 3e \u00e9dition !"},"content":{"rendered":"<ul class=\"wpsocialite social-buttons large\"><\/ul><p><a href=\"http:\/\/www.loucamino.com\/wp-content\/uploads\/2013\/11\/Couv_Surunebranche_72.jpg\"><img loading=\"lazy\" class=\"aligncenter size-full wp-image-14928\" title=\"Couv_Surunebranche_72\" src=\"http:\/\/www.loucamino.com\/wp-content\/uploads\/2013\/11\/Couv_Surunebranche_72.jpg\" alt=\"\" width=\"550\" height=\"550\" srcset=\"https:\/\/www.loucamino.com\/wp-content\/uploads\/2013\/11\/Couv_Surunebranche_72.jpg 550w, https:\/\/www.loucamino.com\/wp-content\/uploads\/2013\/11\/Couv_Surunebranche_72-150x150.jpg 150w, https:\/\/www.loucamino.com\/wp-content\/uploads\/2013\/11\/Couv_Surunebranche_72-300x300.jpg 300w\" sizes=\"(max-width: 550px) 100vw, 550px\" \/><\/a><\/p>\n<p style=\"text-align: justify;\">Lors de la 2e \u00e9dition d&rsquo;Objectif<strong>3280<\/strong>, j&rsquo;avais propos\u00e9 aux participants de r\u00e9pondre \u00e0 3 questions sur la place de la photographie dans leur vie, l&rsquo;histoire de l&rsquo;image qu&rsquo;ils partageaient et sa connexion avec celle de la g\u00e9n\u00e9ration pr\u00e9c\u00e9dente. 34 d&rsquo;entre eux ont eu la gentillesse de r\u00e9pondre et j&rsquo;ai eu envie de r\u00e9unir leur t\u00e9moignages dans un ebook que vous trouverez en cliquant <a title=\"Sur une branche, perch\u00e9e avec (Issuu)\" href=\"http:\/\/issuu.com\/lou_camino\/docs\/loucamino_surunebranche_book_3_page\" target=\"_blank\">l\u00e0<\/a>.<\/p>\n<p style=\"text-align: justify;\">C&rsquo;est aussi pour moi l&rsquo;occasion de vous annoncer le lancement imminent de la 3e \u00e9dition d&rsquo;Objectif<strong>3280<\/strong> (anciennement Objectif_3280), 2 ans et 1,5 ans apr\u00e8s les deux premi\u00e8res \u00e9ditions qui avaient r\u00e9uni 400 personnes dans 36 pays et plus de 1000 photos chacune : cela se passera ici d\u00e8s samedi 16 novembre, c&rsquo;est-\u00e0-dire demain, dans l&rsquo;apr\u00e8s midi.\u00a0 Si vous n&rsquo;\u00e9tiez pas dans le coin en 2010 et 2011, petit flash-back : Objectif<strong>3280<\/strong> est un projet photographique participatif, mondial, en ligne, en temps r\u00e9el et limit\u00e9 (1 mois) o\u00f9 toutes les photos sont, de g\u00e9n\u00e9ration en g\u00e9n\u00e9ration, li\u00e9es les unes aux autres par des associations d\u2019id\u00e9es (couleur, forme, atmosph\u00e8re, l\u00e9gende&#8230;).<\/p>\n<p style=\"text-align: justify;\">J\u2019initie l\u2019histoire avec une premi\u00e8re photo (la G\u00e9n\u00e9ration 1 ou G1, que je vais poster sur mon site samedi via une interface cr\u00e9\u00e9e par Coralie Vincent sp\u00e9cialement pour ce projet). Trois personnes vont pouvoir lui donner une suite, puis 9 personnes y r\u00e9pondront, puis 27, puis 81&#8230; et ce jusqu&rsquo;\u00e0 la 8e g\u00e9n\u00e9ration qui comptera au maximum 2187 photos (chiffre que nous n&rsquo;avons encore jamais atteint) !<\/p>\n<p style=\"text-align: justify;\">Je poursuivrai cette rubrique \u00ab\u00a0Sur une branche, perch\u00e9e avec&#8230;\u00a0\u00bb pour cette 3e \u00e9dition.<\/p>\n<p>Rendez-vous samedi pour participer ! Mais en attendant, si vous voulez en savoir plus sur ce projet, d\u00e9couvrir le r\u00e9troplanning et autres petites infos pr\u00e9cieuses, <a title=\"Objectif3280 kesako ?\" href=\"http:\/\/www.loucamino.com\/?page_id=14677\" target=\"_blank\">la page de pr\u00e9sentation<\/a> est ouverte.<\/p>\n<div id=\"iLikeThis-14922\" class=\"iLikeThis\"><span class=\"counter\"><a onclick=\"likeThis(14922);\" class=\"image\">8<\/a><\/span><\/div>\n<p><a href=\"http:\/\/www.facebook.com\/share.php?u=https%3A%2F%2Fwww.loucamino.com%2F%3Fp%3D14922&amp;t=Objectif3280%20Sur%20une%20branche%2C%20perch%C3%A9e%20avec...%20et%20l%27arriv%C3%A9e%20de%20la%203e%20%C3%A9dition%20%21\" id=\"facebook_share_both_14922\" style=\"font-size:11px; line-height:13px; font-family:'lucida grande',tahoma,verdana,arial,sans-serif; text-decoration:none; padding:2px 0 0 20px; height:16px; background:url(http:\/\/b.static.ak.fbcdn.net\/images\/share\/facebook_share_icon.gif) no-repeat top left;\">Share on Facebook<\/a><br \/>\n\t<script type=\"text\/javascript\">\n\t<!--\n\tvar button = document.getElementById('facebook_share_link_14922') || document.getElementById('facebook_share_icon_14922') || document.getElementById('facebook_share_both_14922') || document.getElementById('facebook_share_button_14922');\n\tif (button) {\n\t\tbutton.onclick = function(e) {\n\t\t\tvar url = this.href.replace(\/share\\.php\/, 'sharer.php');\n\t\t\twindow.open(url,'sharer','toolbar=0,status=0,width=626,height=436');\n\t\t\treturn false;\n\t\t}\n\t\n\t\tif (button.id === 'facebook_share_button_14922') {\n\t\t\tbutton.onmouseover = function(){\n\t\t\t\tthis.style.color='#fff';\n\t\t\t\tthis.style.borderColor = '#295582';\n\t\t\t\tthis.style.backgroundColor = '#3b5998';\n\t\t\t}\n\t\t\tbutton.onmouseout = function(){\n\t\t\t\tthis.style.color = '#3b5998';\n\t\t\t\tthis.style.borderColor = '#d8dfea';\n\t\t\t\tthis.style.backgroundColor = '#fff';\n\t\t\t}\n\t\t}\n\t}\n\t-->\n\t<\/script><\/p>\n","protected":false},"excerpt":{"rendered":"<p>Lors de la 2e \u00e9dition d&rsquo;Objectif3280, j&rsquo;avais propos\u00e9 aux participants de r\u00e9pondre \u00e0 3 questions sur la place de la photographie dans leur vie, l&rsquo;histoire de l&rsquo;image qu&rsquo;ils partageaient et sa connexion avec celle de la g\u00e9n\u00e9ration pr\u00e9c\u00e9dente. 34 d&rsquo;entre eux ont eu la gentillesse de r\u00e9pondre et j&rsquo;ai eu envie de r\u00e9unir leur t\u00e9moignages [&hellip;]<\/p>\n<a href=\"http:\/\/www.facebook.com\/share.php?u=https%3A%2F%2Fwww.loucamino.com%2F%3Fp%3D14922&amp;t=Objectif3280%20Sur%20une%20branche%2C%20perch%C3%A9e%20avec...%20et%20l%27arriv%C3%A9e%20de%20la%203e%20%C3%A9dition%20%21\" id=\"facebook_share_both_14922\" style=\"font-size:11px; line-height:13px; font-family:'lucida grande',tahoma,verdana,arial,sans-serif; text-decoration:none; padding:2px 0 0 20px; height:16px; background:url(http:\/\/b.static.ak.fbcdn.net\/images\/share\/facebook_share_icon.gif) no-repeat top left;\">Share on Facebook<\/a>\r\n\t<script type=\"text\/javascript\">\r\n\t<!--\r\n\tvar button = document.getElementById('facebook_share_link_14922') || document.getElementById('facebook_share_icon_14922') || document.getElementById('facebook_share_both_14922') || document.getElementById('facebook_share_button_14922');\r\n\tif (button) {\r\n\t\tbutton.onclick = function(e) {\r\n\t\t\tvar url = this.href.replace(\/share\\.php\/, 'sharer.php');\r\n\t\t\twindow.open(url,'sharer','toolbar=0,status=0,width=626,height=436');\r\n\t\t\treturn false;\r\n\t\t}\r\n\t\r\n\t\tif (button.id === 'facebook_share_button_14922') {\r\n\t\t\tbutton.onmouseover = function(){\r\n\t\t\t\tthis.style.color='#fff';\r\n\t\t\t\tthis.style.borderColor = '#295582';\r\n\t\t\t\tthis.style.backgroundColor = '#3b5998';\r\n\t\t\t}\r\n\t\t\tbutton.onmouseout = function(){\r\n\t\t\t\tthis.style.color = '#3b5998';\r\n\t\t\t\tthis.style.borderColor = '#d8dfea';\r\n\t\t\t\tthis.style.backgroundColor = '#fff';\r\n\t\t\t}\r\n\t\t}\r\n\t}\r\n\t-->\r\n\t<\/script>\r\n\t","protected":false},"author":1,"featured_media":0,"comment_status":"open","ping_status":"closed","sticky":false,"template":"","format":"standard","meta":{"ngg_post_thumbnail":0},"categories":[1,2585],"tags":[765,2597,272,2489,1208],"_links":{"self":[{"href":"https:\/\/www.loucamino.com\/index.php?rest_route=\/wp\/v2\/posts\/14922"}],"collection":[{"href":"https:\/\/www.loucamino.com\/index.php?rest_route=\/wp\/v2\/posts"}],"about":[{"href":"https:\/\/www.loucamino.com\/index.php?rest_route=\/wp\/v2\/types\/post"}],"author":[{"embeddable":true,"href":"https:\/\/www.loucamino.com\/index.php?rest_route=\/wp\/v2\/users\/1"}],"replies":[{"embeddable":true,"href":"https:\/\/www.loucamino.com\/index.php?rest_route=%2Fwp%2Fv2%2Fcomments&post=14922"}],"version-history":[{"count":8,"href":"https:\/\/www.loucamino.com\/index.php?rest_route=\/wp\/v2\/posts\/14922\/revisions"}],"predecessor-version":[{"id":14937,"href":"https:\/\/www.loucamino.com\/index.php?rest_route=\/wp\/v2\/posts\/14922\/revisions\/14937"}],"wp:attachment":[{"href":"https:\/\/www.loucamino.com\/index.php?rest_route=%2Fwp%2Fv2%2Fmedia&parent=14922"}],"wp:term":[{"taxonomy":"category","embeddable":true,"href":"https:\/\/www.loucamino.com\/index.php?rest_route=%2Fwp%2Fv2%2Fcategories&post=14922"},{"taxonomy":"post_tag","embeddable":true,"href":"https:\/\/www.loucamino.com\/index.php?rest_route=%2Fwp%2Fv2%2Ftags&post=14922"}],"curies":[{"name":"wp","href":"https:\/\/api.w.org\/{rel}","templated":true}]}}