{"id":14496,"date":"2013-10-31T23:14:47","date_gmt":"2013-10-31T22:14:47","guid":{"rendered":"http:\/\/www.loucamino.com\/?p=14496"},"modified":"2013-11-03T23:26:42","modified_gmt":"2013-11-03T22:26:42","slug":"les-teintes-de-limaginaire-2","status":"publish","type":"post","link":"https:\/\/www.loucamino.com\/?p=14496","title":{"rendered":"Les teintes de l&rsquo;imaginaire"},"content":{"rendered":"<ul class=\"wpsocialite social-buttons large\"><\/ul><p style=\"text-align: justify;\"><a href=\"http:\/\/www.loucamino.com\/wp-content\/uploads\/2013\/10\/DSC_9467-1-2_721.jpg\"><img loading=\"lazy\" class=\"aligncenter size-full wp-image-14497\" title=\"DSC_9467-1-2_72\" src=\"http:\/\/www.loucamino.com\/wp-content\/uploads\/2013\/10\/DSC_9467-1-2_721.jpg\" alt=\"\" width=\"550\" height=\"368\" srcset=\"https:\/\/www.loucamino.com\/wp-content\/uploads\/2013\/10\/DSC_9467-1-2_721.jpg 550w, https:\/\/www.loucamino.com\/wp-content\/uploads\/2013\/10\/DSC_9467-1-2_721-300x200.jpg 300w\" sizes=\"(max-width: 550px) 100vw, 550px\" \/><\/a><br \/>\nLa vie se d\u00e9roule globalement dans les m\u00eames couleurs pour tous. J&rsquo;\u00e9cris globalement parce que cela n&#8217;emp\u00eache pas des divergences de perception d&rsquo;une couleur \u00e0 l&rsquo;autre entre deux personnes voire plus.<\/p>\n<p style=\"text-align: justify;\">&#8211; C&rsquo;est vert !<br \/>\n&#8211; Mais bien s\u00fbr que non, c&rsquo;est bleu ! Dis lui, toi, que c&rsquo;est du bleu !<br \/>\n&#8211; Bah moi, je trouve que c&rsquo;est plut\u00f4t mauve&#8230;<br \/>\nBon, l\u00e0 c&rsquo;est assez radical et inqui\u00e9tant j&rsquo;en conviens mais ces choses arrivent et c&rsquo;est toujours \u00e9tonnant de r\u00e9aliser \u00e0 quel point la perception des couleurs est une affaire personnelle alors m\u00eame que l&rsquo;on croit que c&rsquo;est universel (hors toute pathologie chromatique \u00e9videmment).<\/p>\n<p>Il y a pourtant des phrases qui pourraient pr\u00eater \u00e0 confusion dans ce que disent les gens et qui n&rsquo;est qu&rsquo;une image, une fa\u00e7on de parler : \u00ab\u00a0je vois la vie en rose\u00a0\u00bb, de cette couleur rose qui symboliserait donc le bonheur ; \u00ab\u00a0je broie du noir\u00a0\u00bb liant cette non couleur \u00e0 la d\u00e9pression, tout du moins \u00e0 un certain mal \u00eatre ; \u00ab\u00a0je suis verte\u00a0\u00bb pour exprimer une d\u00e9ception et m\u00eame \u00ab\u00a0j&rsquo;ai eu une peur bleue\u00a0\u00bb qui pousse \u00e0 se demander si une peur marron n&rsquo;aurait pas \u00e9t\u00e9 pire encore. Toujours est-il qu&rsquo;en aucun cas, ceux qui sont amen\u00e9s \u00e0 prononcer ces phrases ne voient litt\u00e9ralement la vie en rose ou noir, pas plus qu&rsquo;ils ne sont verts ou bleus&#8230;<br \/>\nEt pourtant, face \u00e0 certaines sc\u00e8nes, confront\u00e9s \u00e0 certaines ambiances, on peut parfois s&rsquo;imaginer dans d&rsquo;autres couleurs que celles que nous propose, je devrais dire \u00ab\u00a0impose\u00a0\u00bb, la r\u00e9alit\u00e9, d&rsquo;autres couleurs donc que celles que nos yeux voient au quotidien, d\u00e8s lors qu&rsquo;ils sont ouverts. Se projeter dans du noir et blanc est sans doute la plus simple et la plus classique des transpositions colorim\u00e9triques. Pour faire ressortir certains contrastes, certaines zones, pour amener l&rsquo;\u0153il \u00e0 se concentrer sur un tout plus que sur une couleur particuli\u00e8re. Devant une photo en noir et blanc, personne ne trouvera bizarre que les couleurs de la r\u00e9alit\u00e9 aient disparu alors que ce travestissement est quand m\u00eame assez extraordinaire si on y r\u00e9fl\u00e9chit un peu.<\/p>\n<p>Il y a ainsi quelque chose d&rsquo;assez fascinant, je trouve, dans cette envie de changer les couleurs du r\u00e9el afin qu&rsquo;elles correspondent plus \u00e0 l&rsquo;image que l&rsquo;on s&rsquo;en fait. Comme avec cette photo prise \u00e0 Detroit. Je suis au milieu de la route &#8211; pas de danger, les rues sont quasi-d\u00e9sertes &#8211; pour prendre en photo le brillant et imposant si\u00e8ge de General Motors, dominant une ville qui agonise partiellement. Sur cette image, celle du si\u00e8ge donc, ce sont bien les couleurs r\u00e9elles que je vois (j&rsquo;entends, m\u00eame apr\u00e8s avoir pris la photo) comme pour mieux montrer l&rsquo;ind\u00e9cence, la brutalit\u00e9 du contraste entre ces tours de verre bleut\u00e9es et la brique rouge alentour, les magnats des premi\u00e8res \u00e9tant en partie responsables de la d\u00e9sertion des seconds.<\/p>\n<p>Pourtant, en me retournant et en d\u00e9couvrant cette sc\u00e8ne : la rue vide, le nuage de vapeur s&rsquo;\u00e9chappant des bas fonds et se tortillant comme un serpent au gr\u00e9 des coups de vent, l&rsquo;immeuble ferm\u00e9 surmont\u00e9 par cette calligraphie vieillotte et le type au volant de sa voiture aux formes carr\u00e9es, instantan\u00e9ment, ce sont d&rsquo;autres couleurs qui se pr\u00e9sentent. Pass\u00e9es, sales, vaporeuses et dures \u00e0 la fois. Des couleurs qui renvoient \u00e0 une imagerie lointaine, m\u00eame pas famili\u00e8re, de polar, de film policier stylis\u00e9, accentuant une ambiance a priori inqui\u00e9tante, dans laquelle on imagine ais\u00e9ment que les deux malfrats dans la voiture viennent de commettre un crime (pas sanglant je pr\u00e9cise) et qu&rsquo;ils attendent que la voie soit libre pour dispara\u00eetre dans la brume du sous-sol. Voil\u00e0, cette histoire-l\u00e0 avait ces teintes-l\u00e0, quand bien m\u00eame la r\u00e9alit\u00e9 s&rsquo;est r\u00e9v\u00e9l\u00e9e autrement plus douce et inoffensive&#8230;<\/p>\n<div id=\"iLikeThis-14496\" class=\"iLikeThis\"><span class=\"counter\"><a onclick=\"likeThis(14496);\" class=\"image\">9<\/a><\/span><\/div>\n<p><a href=\"http:\/\/www.facebook.com\/share.php?u=https%3A%2F%2Fwww.loucamino.com%2F%3Fp%3D14496&amp;t=Les%20teintes%20de%20l%27imaginaire\" id=\"facebook_share_both_14496\" style=\"font-size:11px; line-height:13px; font-family:'lucida grande',tahoma,verdana,arial,sans-serif; text-decoration:none; padding:2px 0 0 20px; height:16px; background:url(http:\/\/b.static.ak.fbcdn.net\/images\/share\/facebook_share_icon.gif) no-repeat top left;\">Share on Facebook<\/a><br \/>\n\t<script type=\"text\/javascript\">\n\t<!--\n\tvar button = document.getElementById('facebook_share_link_14496') || document.getElementById('facebook_share_icon_14496') || document.getElementById('facebook_share_both_14496') || document.getElementById('facebook_share_button_14496');\n\tif (button) {\n\t\tbutton.onclick = function(e) {\n\t\t\tvar url = this.href.replace(\/share\\.php\/, 'sharer.php');\n\t\t\twindow.open(url,'sharer','toolbar=0,status=0,width=626,height=436');\n\t\t\treturn false;\n\t\t}\n\t\n\t\tif (button.id === 'facebook_share_button_14496') {\n\t\t\tbutton.onmouseover = function(){\n\t\t\t\tthis.style.color='#fff';\n\t\t\t\tthis.style.borderColor = '#295582';\n\t\t\t\tthis.style.backgroundColor = '#3b5998';\n\t\t\t}\n\t\t\tbutton.onmouseout = function(){\n\t\t\t\tthis.style.color = '#3b5998';\n\t\t\t\tthis.style.borderColor = '#d8dfea';\n\t\t\t\tthis.style.backgroundColor = '#fff';\n\t\t\t}\n\t\t}\n\t}\n\t-->\n\t<\/script><\/p>\n","protected":false},"excerpt":{"rendered":"<p>La vie se d\u00e9roule globalement dans les m\u00eames couleurs pour tous. J&rsquo;\u00e9cris globalement parce que cela n&#8217;emp\u00eache pas des divergences de perception d&rsquo;une couleur \u00e0 l&rsquo;autre entre deux personnes voire plus. &#8211; C&rsquo;est vert ! &#8211; Mais bien s\u00fbr que non, c&rsquo;est bleu ! Dis lui, toi, que c&rsquo;est du bleu ! &#8211; Bah moi, [&hellip;]<\/p>\n<a href=\"http:\/\/www.facebook.com\/share.php?u=https%3A%2F%2Fwww.loucamino.com%2F%3Fp%3D14496&amp;t=Les%20teintes%20de%20l%27imaginaire\" id=\"facebook_share_both_14496\" style=\"font-size:11px; line-height:13px; font-family:'lucida grande',tahoma,verdana,arial,sans-serif; text-decoration:none; padding:2px 0 0 20px; height:16px; background:url(http:\/\/b.static.ak.fbcdn.net\/images\/share\/facebook_share_icon.gif) no-repeat top left;\">Share on Facebook<\/a>\r\n\t<script type=\"text\/javascript\">\r\n\t<!--\r\n\tvar button = document.getElementById('facebook_share_link_14496') || document.getElementById('facebook_share_icon_14496') || document.getElementById('facebook_share_both_14496') || document.getElementById('facebook_share_button_14496');\r\n\tif (button) {\r\n\t\tbutton.onclick = function(e) {\r\n\t\t\tvar url = this.href.replace(\/share\\.php\/, 'sharer.php');\r\n\t\t\twindow.open(url,'sharer','toolbar=0,status=0,width=626,height=436');\r\n\t\t\treturn false;\r\n\t\t}\r\n\t\r\n\t\tif (button.id === 'facebook_share_button_14496') {\r\n\t\t\tbutton.onmouseover = function(){\r\n\t\t\t\tthis.style.color='#fff';\r\n\t\t\t\tthis.style.borderColor = '#295582';\r\n\t\t\t\tthis.style.backgroundColor = '#3b5998';\r\n\t\t\t}\r\n\t\t\tbutton.onmouseout = function(){\r\n\t\t\t\tthis.style.color = '#3b5998';\r\n\t\t\t\tthis.style.borderColor = '#d8dfea';\r\n\t\t\t\tthis.style.backgroundColor = '#fff';\r\n\t\t\t}\r\n\t\t}\r\n\t}\r\n\t-->\r\n\t<\/script>\r\n\t","protected":false},"author":1,"featured_media":0,"comment_status":"open","ping_status":"closed","sticky":false,"template":"","format":"standard","meta":{"ngg_post_thumbnail":0},"categories":[1],"tags":[2578,14,4235,1644,189,570,4206,4239,387,64,143,4205,131],"_links":{"self":[{"href":"https:\/\/www.loucamino.com\/index.php?rest_route=\/wp\/v2\/posts\/14496"}],"collection":[{"href":"https:\/\/www.loucamino.com\/index.php?rest_route=\/wp\/v2\/posts"}],"about":[{"href":"https:\/\/www.loucamino.com\/index.php?rest_route=\/wp\/v2\/types\/post"}],"author":[{"embeddable":true,"href":"https:\/\/www.loucamino.com\/index.php?rest_route=\/wp\/v2\/users\/1"}],"replies":[{"embeddable":true,"href":"https:\/\/www.loucamino.com\/index.php?rest_route=%2Fwp%2Fv2%2Fcomments&post=14496"}],"version-history":[{"count":14,"href":"https:\/\/www.loucamino.com\/index.php?rest_route=\/wp\/v2\/posts\/14496\/revisions"}],"predecessor-version":[{"id":14534,"href":"https:\/\/www.loucamino.com\/index.php?rest_route=\/wp\/v2\/posts\/14496\/revisions\/14534"}],"wp:attachment":[{"href":"https:\/\/www.loucamino.com\/index.php?rest_route=%2Fwp%2Fv2%2Fmedia&parent=14496"}],"wp:term":[{"taxonomy":"category","embeddable":true,"href":"https:\/\/www.loucamino.com\/index.php?rest_route=%2Fwp%2Fv2%2Fcategories&post=14496"},{"taxonomy":"post_tag","embeddable":true,"href":"https:\/\/www.loucamino.com\/index.php?rest_route=%2Fwp%2Fv2%2Ftags&post=14496"}],"curies":[{"name":"wp","href":"https:\/\/api.w.org\/{rel}","templated":true}]}}