{"id":11492,"date":"2013-01-14T23:37:43","date_gmt":"2013-01-14T22:37:43","guid":{"rendered":"http:\/\/www.loucamino.com\/?p=11492"},"modified":"2013-01-15T12:16:20","modified_gmt":"2013-01-15T11:16:20","slug":"je-ne-suis-pas-un-heros","status":"publish","type":"post","link":"https:\/\/www.loucamino.com\/?p=11492","title":{"rendered":"Je ne suis pas un h\u00e9ros !"},"content":{"rendered":"<ul class=\"wpsocialite social-buttons large\"><\/ul><p><a href=\"http:\/\/www.loucamino.com\/wp-content\/uploads\/2013\/01\/DSC_8368-1_72.jpg\"><img loading=\"lazy\" class=\"aligncenter size-full wp-image-11493\" title=\"DSC_8368-1_72\" src=\"http:\/\/www.loucamino.com\/wp-content\/uploads\/2013\/01\/DSC_8368-1_72.jpg\" alt=\"\" width=\"550\" height=\"368\" srcset=\"https:\/\/www.loucamino.com\/wp-content\/uploads\/2013\/01\/DSC_8368-1_72.jpg 550w, https:\/\/www.loucamino.com\/wp-content\/uploads\/2013\/01\/DSC_8368-1_72-300x200.jpg 300w\" sizes=\"(max-width: 550px) 100vw, 550px\" \/><\/a><\/p>\n<p style=\"text-align: justify;\">Ce matin, comme beaucoup de transport\u00e9s, j&rsquo;attrape un gratuit au vol et plonge dans la lecture en diagonale des nouvelles du week-end que je connais d\u00e9j\u00e0. S&rsquo;y trouve un petit billet hommage \u00e0 Daniel Balavoine, d\u00e9c\u00e9d\u00e9 un 14 janvier dans un stupide-accident-d&rsquo;h\u00e9licopt\u00e8re-mais-\u00e7a-arrive au Mali. Je m&rsquo;en souviens et contrairement aux apparences, je tiens \u00e0 pr\u00e9ciser que je ne cherche pas \u00e0 faire remonter tous les <a title=\"Le mur du son\" href=\"http:\/\/www.loucamino.com\/?p=11481\" target=\"_blank\">souvenirs<\/a> de mon enfance \u00e0 la surface&#8230; Je m&rsquo;en souviens \u00e0 cause de ma prof d&rsquo;histoire g\u00e9o de l&rsquo;\u00e9poque. Moi, Balavoine, je l&rsquo;\u00e9coutais. Elle, elle le connaissait. Tr\u00e8s bien m\u00eame. Et quand nous \u00e9tions entr\u00e9s dans la classe, encore ignorants, ce sont ses yeux rougis et gonfl\u00e9s par les larmes et la tristesse de la perte d&rsquo;un \u00eatre cher qui nous avaient accueillis.<\/p>\n<p style=\"text-align: justify;\">Dans ce billet, ils ont soigneusement \u00e9vit\u00e9 une formulation que j&rsquo;estime totalement absurde et que l&rsquo;on trouve pourtant r\u00e9guli\u00e8rement dans la presse, qu&rsquo;elle soit de papier ou de 0 et de 1, s\u00e9rieuse ou l\u00e9g\u00e8re. Vous allez vite comprendre&#8230; \u00ab\u00a0Maria Callas aurait 88 ans aujourd&rsquo;hui\u00a0\u00bb (2010)&#8230; si elle n&rsquo;avait \u00e9t\u00e9 assassin\u00e9e ou victime d&rsquo;une embolie pulmonaire (ils ne sont pas certains). \u00ab\u00a0Marguerite Yourcenar aurait eu 100 ans en 2003&Prime;&#8230; si elle n&rsquo;\u00e9tait morte de vieillesse. \u00ab\u00a0Andr\u00e9 Malraux aurait eu 100 ans\u00a0\u00bb (2001)&#8230; s&rsquo;il ne s&rsquo;\u00e9tait \u00e9teint de mort naturelle. \u00ab\u00a0Marlene Dietrich aurait 111 ans aujourd&rsquo;hui\u00a0\u00bb (2013)&#8230; si elle ne s&rsquo;\u00e9tait pas suicid\u00e9e. \u00ab\u00a0Marie Curie aurait eu 144 ans aujourd&rsquo;hui\u00a0\u00bb (2011)&#8230; si elle n&rsquo;\u00e9tait pas morte d&rsquo;une leuc\u00e9mie. \u00ab\u00a0Claude Debussy, Arthur Rimbaud, Sigmund Freud auraient 150 ans aujourd&rsquo;hui\u00a0\u00bb (2012, 2009, 2008)&#8230; si un cancer ne les avait pas emport\u00e9s. \u00ab\u00a0Charles Dickens aurait eu 200 ans aujourd&rsquo;hui\u00a0\u00bb (2012)&#8230; s&rsquo;il n&rsquo;\u00e9tait mort d&rsquo;\u00e9puisement. \u00ab\u00a0Charles Darwin aurait eu 200 ans aujourd&rsquo;hui\u00a0\u00bb (2009)&#8230; s&rsquo;il n&rsquo;avait c\u00e9d\u00e9 \u00e0 une maladie du c\u0153ur. \u00ab\u00a0Fr\u00e9d\u00e9ric Chopin aurait 202 ans aujourd&rsquo;hui\u00a0\u00bb&#8230; s&rsquo;il n&rsquo;avait a priori pas succomb\u00e9 \u00e0 une mucoviscidose (une hypoth\u00e8se assez r\u00e9cente). \u00ab\u00a0Robespierre aurait 250 ans aujourd&rsquo;hui\u00a0\u00bb (2008)&#8230; s&rsquo;il n&rsquo;avait \u00e9t\u00e9 guillotin\u00e9 ! \u00ab\u00a0Marie-Antoinette aurait 257 ans aujourd&rsquo;hui\u00a0\u00bb (2012)&#8230; si elle n&rsquo;avait \u00e9t\u00e9 d\u00e9capit\u00e9e. \u00ab\u00a0Jean-Jacques Rousseau aurait eu 300 ans aujourd&rsquo;hui\u00a0\u00bb (2012)&#8230; s&rsquo;il n&rsquo;avait vraisemblablement pas \u00e9t\u00e9 victime d&rsquo;un AVC (qui ne s&rsquo;appelait pas comme \u00e7a \u00e0 l&rsquo;\u00e9poque). \u00ab\u00a0Corneille aurait 400 ans aujourd&rsquo;hui\u00a0\u00bb (2006)&#8230; s&rsquo;il ne s&rsquo;\u00e9tait pas \u00e9teint des suites d&rsquo;une longue maladie. \u00ab\u00a0Jeanne d&rsquo;Arc aurait 600 ans\u00a0\u00bb (2012)&#8230; si elle n&rsquo;avait p\u00e9ri sur le b\u00fbcher&#8230;<\/p>\n<p style=\"text-align: justify;\">Bref, je comprends de ces hommages que toutes ces illustres personnes seraient donc encore vivantes si elles n&rsquo;\u00e9taient pas mortes (il faudra alors que quelqu&rsquo;un se d\u00e9voue pour me dire si nous avons vraiment le choix) et\/ou si l&rsquo;homme avait une esp\u00e9rance de vie d\u00e9passant tout ce que nous avons connu jusqu&rsquo;\u00e0 pr\u00e9sent (jusqu&rsquo;\u00e0 600 ans donc). Quel sens alors donner \u00e0 toutes ces phrases liminaires, quel sens donner \u00e0 ces soustractions que ces calculateurs font pour quantifier ce qui n&rsquo;aura jamais lieu, quel sens \u00e0 mettre Paris en bouteille ? Car, comme le rappelle indirectement, mais ironiquement quand m\u00eame, le panneau de ce superbe cimeti\u00e8re post\u00e9 sur une colline de Big Island et faisant ainsi face aux vagues de l&rsquo;oc\u00e9an pacifique, la vie ne va que dans un sens&#8230; Ce qui ne lui emp\u00eache pas d&rsquo;en avoir plusieurs !<\/p>\n<div id=\"iLikeThis-11492\" class=\"iLikeThis\"><span class=\"counter\"><a onclick=\"likeThis(11492);\" class=\"image\">11<\/a><\/span><\/div>\n<p><a href=\"http:\/\/www.facebook.com\/share.php?u=https%3A%2F%2Fwww.loucamino.com%2F%3Fp%3D11492&amp;t=Je%20ne%20suis%20pas%20un%20h%C3%A9ros%20%21\" id=\"facebook_share_both_11492\" style=\"font-size:11px; line-height:13px; font-family:'lucida grande',tahoma,verdana,arial,sans-serif; text-decoration:none; padding:2px 0 0 20px; height:16px; background:url(http:\/\/b.static.ak.fbcdn.net\/images\/share\/facebook_share_icon.gif) no-repeat top left;\">Share on Facebook<\/a><br \/>\n\t<script type=\"text\/javascript\">\n\t<!--\n\tvar button = document.getElementById('facebook_share_link_11492') || document.getElementById('facebook_share_icon_11492') || document.getElementById('facebook_share_both_11492') || document.getElementById('facebook_share_button_11492');\n\tif (button) {\n\t\tbutton.onclick = function(e) {\n\t\t\tvar url = this.href.replace(\/share\\.php\/, 'sharer.php');\n\t\t\twindow.open(url,'sharer','toolbar=0,status=0,width=626,height=436');\n\t\t\treturn false;\n\t\t}\n\t\n\t\tif (button.id === 'facebook_share_button_11492') {\n\t\t\tbutton.onmouseover = function(){\n\t\t\t\tthis.style.color='#fff';\n\t\t\t\tthis.style.borderColor = '#295582';\n\t\t\t\tthis.style.backgroundColor = '#3b5998';\n\t\t\t}\n\t\t\tbutton.onmouseout = function(){\n\t\t\t\tthis.style.color = '#3b5998';\n\t\t\t\tthis.style.borderColor = '#d8dfea';\n\t\t\t\tthis.style.backgroundColor = '#fff';\n\t\t\t}\n\t\t}\n\t}\n\t-->\n\t<\/script><\/p>\n","protected":false},"excerpt":{"rendered":"<p>Ce matin, comme beaucoup de transport\u00e9s, j&rsquo;attrape un gratuit au vol et plonge dans la lecture en diagonale des nouvelles du week-end que je connais d\u00e9j\u00e0. S&rsquo;y trouve un petit billet hommage \u00e0 Daniel Balavoine, d\u00e9c\u00e9d\u00e9 un 14 janvier dans un stupide-accident-d&rsquo;h\u00e9licopt\u00e8re-mais-\u00e7a-arrive au Mali. Je m&rsquo;en souviens et contrairement aux apparences, je tiens \u00e0 pr\u00e9ciser [&hellip;]<\/p>\n<a href=\"http:\/\/www.facebook.com\/share.php?u=https%3A%2F%2Fwww.loucamino.com%2F%3Fp%3D11492&amp;t=Je%20ne%20suis%20pas%20un%20h%C3%A9ros%20%21\" id=\"facebook_share_both_11492\" style=\"font-size:11px; line-height:13px; font-family:'lucida grande',tahoma,verdana,arial,sans-serif; text-decoration:none; padding:2px 0 0 20px; height:16px; background:url(http:\/\/b.static.ak.fbcdn.net\/images\/share\/facebook_share_icon.gif) no-repeat top left;\">Share on Facebook<\/a>\r\n\t<script type=\"text\/javascript\">\r\n\t<!--\r\n\tvar button = document.getElementById('facebook_share_link_11492') || document.getElementById('facebook_share_icon_11492') || document.getElementById('facebook_share_both_11492') || document.getElementById('facebook_share_button_11492');\r\n\tif (button) {\r\n\t\tbutton.onclick = function(e) {\r\n\t\t\tvar url = this.href.replace(\/share\\.php\/, 'sharer.php');\r\n\t\t\twindow.open(url,'sharer','toolbar=0,status=0,width=626,height=436');\r\n\t\t\treturn false;\r\n\t\t}\r\n\t\r\n\t\tif (button.id === 'facebook_share_button_11492') {\r\n\t\t\tbutton.onmouseover = function(){\r\n\t\t\t\tthis.style.color='#fff';\r\n\t\t\t\tthis.style.borderColor = '#295582';\r\n\t\t\t\tthis.style.backgroundColor = '#3b5998';\r\n\t\t\t}\r\n\t\t\tbutton.onmouseout = function(){\r\n\t\t\t\tthis.style.color = '#3b5998';\r\n\t\t\t\tthis.style.borderColor = '#d8dfea';\r\n\t\t\t\tthis.style.backgroundColor = '#fff';\r\n\t\t\t}\r\n\t\t}\r\n\t}\r\n\t-->\r\n\t<\/script>\r\n\t","protected":false},"author":1,"featured_media":0,"comment_status":"open","ping_status":"closed","sticky":false,"template":"","format":"standard","meta":{"ngg_post_thumbnail":0},"categories":[1],"tags":[2309,4201,4226,640,2311,4225,641,295,126,143,2310,50,313],"_links":{"self":[{"href":"https:\/\/www.loucamino.com\/index.php?rest_route=\/wp\/v2\/posts\/11492"}],"collection":[{"href":"https:\/\/www.loucamino.com\/index.php?rest_route=\/wp\/v2\/posts"}],"about":[{"href":"https:\/\/www.loucamino.com\/index.php?rest_route=\/wp\/v2\/types\/post"}],"author":[{"embeddable":true,"href":"https:\/\/www.loucamino.com\/index.php?rest_route=\/wp\/v2\/users\/1"}],"replies":[{"embeddable":true,"href":"https:\/\/www.loucamino.com\/index.php?rest_route=%2Fwp%2Fv2%2Fcomments&post=11492"}],"version-history":[{"count":6,"href":"https:\/\/www.loucamino.com\/index.php?rest_route=\/wp\/v2\/posts\/11492\/revisions"}],"predecessor-version":[{"id":11496,"href":"https:\/\/www.loucamino.com\/index.php?rest_route=\/wp\/v2\/posts\/11492\/revisions\/11496"}],"wp:attachment":[{"href":"https:\/\/www.loucamino.com\/index.php?rest_route=%2Fwp%2Fv2%2Fmedia&parent=11492"}],"wp:term":[{"taxonomy":"category","embeddable":true,"href":"https:\/\/www.loucamino.com\/index.php?rest_route=%2Fwp%2Fv2%2Fcategories&post=11492"},{"taxonomy":"post_tag","embeddable":true,"href":"https:\/\/www.loucamino.com\/index.php?rest_route=%2Fwp%2Fv2%2Ftags&post=11492"}],"curies":[{"name":"wp","href":"https:\/\/api.w.org\/{rel}","templated":true}]}}