{"id":11141,"date":"2012-11-25T18:24:30","date_gmt":"2012-11-25T17:24:30","guid":{"rendered":"http:\/\/www.loucamino.com\/?p=11141"},"modified":"2012-11-26T21:31:45","modified_gmt":"2012-11-26T20:31:45","slug":"la-galerie-de-levolution","status":"publish","type":"post","link":"https:\/\/www.loucamino.com\/?p=11141","title":{"rendered":"La galerie de l&rsquo;\u00e9volution&#8230;"},"content":{"rendered":"<ul class=\"wpsocialite social-buttons large\"><\/ul><p><a href=\"http:\/\/www.loucamino.com\/wp-content\/uploads\/2012\/11\/DSC_5536-1_72.jpg\"><img loading=\"lazy\" class=\"aligncenter size-full wp-image-11142\" title=\"DSC_5536-1_72\" src=\"http:\/\/www.loucamino.com\/wp-content\/uploads\/2012\/11\/DSC_5536-1_72.jpg\" alt=\"\" width=\"550\" height=\"368\" srcset=\"https:\/\/www.loucamino.com\/wp-content\/uploads\/2012\/11\/DSC_5536-1_72.jpg 550w, https:\/\/www.loucamino.com\/wp-content\/uploads\/2012\/11\/DSC_5536-1_72-300x200.jpg 300w\" sizes=\"(max-width: 550px) 100vw, 550px\" \/><\/a><\/p>\n<p style=\"text-align: justify;\">Petite, je n&rsquo;arrivais pas \u00e0 d\u00e9cider si je pr\u00e9f\u00e9rais \u00eatre n\u00e9e \u00e0 cette \u00e9poque plut\u00f4t qu&rsquo;\u00e0 une autre, l&rsquo;autre \u00e9tant syst\u00e9matiquement situ\u00e9e dans le futur. Un futur o\u00f9, entre autres choses possibles, l&rsquo;homme pourrait voyager dans l&rsquo;espace comme il le fait aujourd&rsquo;hui en train ou en avion. Ce qui nous projette dans un futur assez lointain, je le conc\u00e8de. Mais nous \u00e9voluons dans une mer d&rsquo;hypoth\u00e8ses, donc laissons-nous porter ! Je r\u00eavais donc de ce big-bang touristique, de d\u00e9couvertes de mondes appartenant \u00e0 d&rsquo;autres galaxies et d&rsquo;autres civilisations &#8211; je ne crois pas \u00e0 l&rsquo;exception de la vie sur Terre qui me semble relever d&rsquo;une m\u00e9galomanie collective : franchement, tout \u00e7a rien que pour nous ? &#8211; tout en r\u00e9alisant qu&rsquo;il \u00e9tait encore bien trop t\u00f4t pour que j&rsquo;y acc\u00e8de. Je d\u00e9portais alors mon espoir sur la cryog\u00e9nisation, qui, si elle \u00e9tait \u00ab\u00a0banalis\u00e9e\u00a0\u00bb \u00e0 temps, me permettrait peut-\u00eatre de faire ce saut dans le temps et d&rsquo;\u00eatre l&rsquo;observatrice de ce que le monde serait devenu pendant ce long sommeil. Je me nourrissais de Barjavel, de <em>L&rsquo;homme qui valait 3 milliards<\/em> et autres fantaisies spatio-temporelles et me persuadais que mon contemporain &#8211; moi, en somme &#8211; n&rsquo;\u00e9tait qu&rsquo;une \u00e9tape dans l&rsquo;Histoire de l&rsquo;humanit\u00e9. D\u00e9j\u00e0 un fossile sur lequel les g\u00e9n\u00e9rations futures se pencheraient avec amusement et empathie, comme nous pouvons le faire avec les premiers <em>homo sapiens sapiens<\/em>&#8230;<\/p>\n<p style=\"text-align: justify;\">Plus tard, j&rsquo;ai continu\u00e9 \u00e0 m&rsquo;int\u00e9resser \u00e0 tout ce qui allait faire de nous des \u00eatres diff\u00e9rents &#8211; la g\u00e9n\u00e9tique, la robotique, les neurosciences, les nanotechnologies &#8211; en m&rsquo;interrogeant sur la fa\u00e7on dont ces \u00e9volutions, dont l&rsquo;homme \u00e9tait lui-m\u00eame \u00e0 l&rsquo;origine tout en les pr\u00e9cipitant gr\u00e2ce \u00e0 la technique, allaient impacter notre perception de ce que sont la nature, l&rsquo;homme, l&rsquo;humanit\u00e9. J&rsquo;estimais que c&rsquo;\u00e9tait des questions ardues et passionnantes \u00e0 la fois, auxquelles les faits apporteraient s\u00fbrement une consistance avant m\u00eame que nous leur trouvions des r\u00e9ponses. Il en est ainsi de nos jours : les choses bougent bien plus rapidement que notre capacit\u00e9 \u00e0 les analyser. Et il me semble que r\u00e9fl\u00e9chir \u00e0 ces transformations qui s&rsquo;appr\u00eatent \u00e0 d\u00e9multiplier le visage de notre esp\u00e8ce comme jamais auparavant est un brin plus actuel et fondamental que ce qui secoue notre bonne soci\u00e9t\u00e9 fran\u00e7aise ces derniers temps. A c\u00f4t\u00e9 de ce qui point \u00e0 l&rsquo;horizon dans un avenir \u00e0 port\u00e9e de mains et des questions que cela va assur\u00e9ment soulever &#8211; un \u00eatre g\u00e9n\u00e9tiquement modifi\u00e9 et un homme \u00ab\u00a0augment\u00e9\u00a0\u00bb sont-ils toujours des \u00eatres humains ? ; y aura-t-il d&rsquo;un c\u00f4t\u00e9 les \u00eatres \u00ab\u00a0naturels\u00a0\u00bb et les \u00ab\u00a0artificiels\u00a0\u00bb, forc\u00e9ment sup\u00e9rieurs, avec toutes les discriminations que ces nouvelles diff\u00e9rences\u00a0 pourront faire \u00e9merger ? -, ce soul\u00e8vement autour de la l\u00e9galisation de nouvelles formes de familles et le d\u00e9cha\u00eenement qu&rsquo;il d\u00e9clenche sur ce qui est sens\u00e9 \u00eatre naturel ou pas, sur la mise en p\u00e9ril des fondements de notre soci\u00e9t\u00e9, m&rsquo;appara\u00eet comme un combat d&rsquo;arri\u00e8re garde, d&rsquo;un autre temps, m\u00eame si j&rsquo;ai bien conscience qu&rsquo;il s&rsquo;agit du n\u00f4tre et qu&rsquo;il faut se battre pour des \u00e9vidences. Car cette question-l\u00e0 est hyper-facile ! Ceux qui s&rsquo;\u00e9poumonent aujourd&rsquo;hui ont int\u00e9r\u00eat \u00e0 garder un peu de leur souffle pour les mutations bien plus profondes que va conna\u00eetre la soci\u00e9t\u00e9 dans sa globalit\u00e9 d\u00e8s les prochaines d\u00e9cades, car je doute qu&rsquo;ils les acceptent facilement&#8230; Et je ne pense pas tout m\u00e9langer en mettant ces diverses consid\u00e9rations au m\u00eame niveau. Dans les deux cas, il ne s&rsquo;agit que d&rsquo;une chose : d&rsquo;\u00e9volution, et de l&rsquo;ouverture, logique, du champ des possibles que cette derni\u00e8re offre. Pourquoi cette \u00e9volution humaine, \u00e0 laquelle nos instituteurs\/trices nous sensibilisent d\u00e8s le plus jeune \u00e2ge en nous apprenant qu&rsquo;elle est constitutive de la nature humaine, s&rsquo;arr\u00eaterait-elle avec nous ? Encore un acc\u00e8s de m\u00e9galomanie ? Un manque de vision peut-\u00eatre ? La Vie d\u00e9passe notre simple vie, avec tout ce que cela suppose quant \u00e0 notre propre insignifiance.<\/p>\n<div id=\"iLikeThis-11141\" class=\"iLikeThis\"><span class=\"counter\"><a onclick=\"likeThis(11141);\" class=\"image\">9<\/a><\/span><\/div>\n<p><a href=\"http:\/\/www.facebook.com\/share.php?u=https%3A%2F%2Fwww.loucamino.com%2F%3Fp%3D11141&amp;t=La%20galerie%20de%20l%27%C3%A9volution...\" id=\"facebook_share_both_11141\" style=\"font-size:11px; line-height:13px; font-family:'lucida grande',tahoma,verdana,arial,sans-serif; text-decoration:none; padding:2px 0 0 20px; height:16px; background:url(http:\/\/b.static.ak.fbcdn.net\/images\/share\/facebook_share_icon.gif) no-repeat top left;\">Share on Facebook<\/a><br \/>\n\t<script type=\"text\/javascript\">\n\t<!--\n\tvar button = document.getElementById('facebook_share_link_11141') || document.getElementById('facebook_share_icon_11141') || document.getElementById('facebook_share_both_11141') || document.getElementById('facebook_share_button_11141');\n\tif (button) {\n\t\tbutton.onclick = function(e) {\n\t\t\tvar url = this.href.replace(\/share\\.php\/, 'sharer.php');\n\t\t\twindow.open(url,'sharer','toolbar=0,status=0,width=626,height=436');\n\t\t\treturn false;\n\t\t}\n\t\n\t\tif (button.id === 'facebook_share_button_11141') {\n\t\t\tbutton.onmouseover = function(){\n\t\t\t\tthis.style.color='#fff';\n\t\t\t\tthis.style.borderColor = '#295582';\n\t\t\t\tthis.style.backgroundColor = '#3b5998';\n\t\t\t}\n\t\t\tbutton.onmouseout = function(){\n\t\t\t\tthis.style.color = '#3b5998';\n\t\t\t\tthis.style.borderColor = '#d8dfea';\n\t\t\t\tthis.style.backgroundColor = '#fff';\n\t\t\t}\n\t\t}\n\t}\n\t-->\n\t<\/script><\/p>\n","protected":false},"excerpt":{"rendered":"<p>Petite, je n&rsquo;arrivais pas \u00e0 d\u00e9cider si je pr\u00e9f\u00e9rais \u00eatre n\u00e9e \u00e0 cette \u00e9poque plut\u00f4t qu&rsquo;\u00e0 une autre, l&rsquo;autre \u00e9tant syst\u00e9matiquement situ\u00e9e dans le futur. Un futur o\u00f9, entre autres choses possibles, l&rsquo;homme pourrait voyager dans l&rsquo;espace comme il le fait aujourd&rsquo;hui en train ou en avion. Ce qui nous projette dans un futur assez [&hellip;]<\/p>\n<a href=\"http:\/\/www.facebook.com\/share.php?u=https%3A%2F%2Fwww.loucamino.com%2F%3Fp%3D11141&amp;t=La%20galerie%20de%20l%27%C3%A9volution...\" id=\"facebook_share_both_11141\" style=\"font-size:11px; line-height:13px; font-family:'lucida grande',tahoma,verdana,arial,sans-serif; text-decoration:none; padding:2px 0 0 20px; height:16px; background:url(http:\/\/b.static.ak.fbcdn.net\/images\/share\/facebook_share_icon.gif) no-repeat top left;\">Share on Facebook<\/a>\r\n\t<script type=\"text\/javascript\">\r\n\t<!--\r\n\tvar button = document.getElementById('facebook_share_link_11141') || document.getElementById('facebook_share_icon_11141') || document.getElementById('facebook_share_both_11141') || document.getElementById('facebook_share_button_11141');\r\n\tif (button) {\r\n\t\tbutton.onclick = function(e) {\r\n\t\t\tvar url = this.href.replace(\/share\\.php\/, 'sharer.php');\r\n\t\t\twindow.open(url,'sharer','toolbar=0,status=0,width=626,height=436');\r\n\t\t\treturn false;\r\n\t\t}\r\n\t\r\n\t\tif (button.id === 'facebook_share_button_11141') {\r\n\t\t\tbutton.onmouseover = function(){\r\n\t\t\t\tthis.style.color='#fff';\r\n\t\t\t\tthis.style.borderColor = '#295582';\r\n\t\t\t\tthis.style.backgroundColor = '#3b5998';\r\n\t\t\t}\r\n\t\t\tbutton.onmouseout = function(){\r\n\t\t\t\tthis.style.color = '#3b5998';\r\n\t\t\t\tthis.style.borderColor = '#d8dfea';\r\n\t\t\t\tthis.style.backgroundColor = '#fff';\r\n\t\t\t}\r\n\t\t}\r\n\t}\r\n\t-->\r\n\t<\/script>\r\n\t","protected":false},"author":1,"featured_media":0,"comment_status":"open","ping_status":"closed","sticky":false,"template":"","format":"standard","meta":{"ngg_post_thumbnail":0},"categories":[1],"tags":[4201,213,2226,232,4232,388,590,189,346,2227,2005,2229,387,2228,2231,2088,1259,143,2232,191,4212,2230],"_links":{"self":[{"href":"https:\/\/www.loucamino.com\/index.php?rest_route=\/wp\/v2\/posts\/11141"}],"collection":[{"href":"https:\/\/www.loucamino.com\/index.php?rest_route=\/wp\/v2\/posts"}],"about":[{"href":"https:\/\/www.loucamino.com\/index.php?rest_route=\/wp\/v2\/types\/post"}],"author":[{"embeddable":true,"href":"https:\/\/www.loucamino.com\/index.php?rest_route=\/wp\/v2\/users\/1"}],"replies":[{"embeddable":true,"href":"https:\/\/www.loucamino.com\/index.php?rest_route=%2Fwp%2Fv2%2Fcomments&post=11141"}],"version-history":[{"count":32,"href":"https:\/\/www.loucamino.com\/index.php?rest_route=\/wp\/v2\/posts\/11141\/revisions"}],"predecessor-version":[{"id":11174,"href":"https:\/\/www.loucamino.com\/index.php?rest_route=\/wp\/v2\/posts\/11141\/revisions\/11174"}],"wp:attachment":[{"href":"https:\/\/www.loucamino.com\/index.php?rest_route=%2Fwp%2Fv2%2Fmedia&parent=11141"}],"wp:term":[{"taxonomy":"category","embeddable":true,"href":"https:\/\/www.loucamino.com\/index.php?rest_route=%2Fwp%2Fv2%2Fcategories&post=11141"},{"taxonomy":"post_tag","embeddable":true,"href":"https:\/\/www.loucamino.com\/index.php?rest_route=%2Fwp%2Fv2%2Ftags&post=11141"}],"curies":[{"name":"wp","href":"https:\/\/api.w.org\/{rel}","templated":true}]}}