{"id":10976,"date":"2012-10-28T19:39:31","date_gmt":"2012-10-28T17:39:31","guid":{"rendered":"http:\/\/www.loucamino.com\/?p=10976"},"modified":"2012-11-22T20:28:45","modified_gmt":"2012-11-22T19:28:45","slug":"say-sei","status":"publish","type":"post","link":"https:\/\/www.loucamino.com\/?p=10976","title":{"rendered":"Say Sei&#8230;"},"content":{"rendered":"<ul class=\"wpsocialite social-buttons large\"><\/ul><p style=\"text-align: justify;\"><a title=\"Say Sei\" href=\"http:\/\/www.loucamino.com\/wp-content\/plugins\/22-sei-boucsurletoit\/\" target=\"_blank\"><img loading=\"lazy\" class=\"aligncenter size-full wp-image-10979\" title=\"DSC_8041-1_72\" src=\"http:\/\/www.loucamino.com\/wp-content\/uploads\/2012\/10\/DSC_8041-1_721.jpg\" alt=\"\" width=\"550\" height=\"369\" srcset=\"https:\/\/www.loucamino.com\/wp-content\/uploads\/2012\/10\/DSC_8041-1_721.jpg 550w, https:\/\/www.loucamino.com\/wp-content\/uploads\/2012\/10\/DSC_8041-1_721-300x201.jpg 300w\" sizes=\"(max-width: 550px) 100vw, 550px\" \/><\/a><\/p>\n<p style=\"text-align: justify;\">Un jeudi soir, sous un chapiteau du Village du Cirque sur la Pelouse de Reuilly. <a title=\"Le Bouc sur le Toit en R\u00e9sidence \u00e0 l\u2019Avant-Rue : Acte II Sc\u00e8ne 1\" href=\"http:\/\/www.loucamino.com\/?p=10892\" target=\"_blank\">Le Bouc sur le Toit<\/a> est \u00e0 nouveau au travail. En comit\u00e9 restreint cette fois-ci. Et pour une semaine. L&rsquo;objet du d\u00e9lit : <em>Sei<\/em>, courte pi\u00e8ce \u00e9crite par Caroline Dumas de Rauly, inspir\u00e9e de l&rsquo;histoire de Sei Sh\u00f4nagon, dame de compagnie de l&rsquo;Imp\u00e9ratrice du Japon autour de l&rsquo;an 1000. J&rsquo;arrive au milieu de la r\u00e9p\u00e9tition avec les deux et uniques com\u00e9diens de la pi\u00e8ce en gestation mise en sc\u00e8ne par Virginie Berthier, \u00e9clair\u00e9e par Etienne Gennatas et servie par les vid\u00e9os de Zita Cochet : Luc Guiol et Maimouna Coulibaly. Je ne fais que passer&#8230; car ce n&rsquo;est qu&rsquo;un d\u00e9but. Deux autres pi\u00e8ces font partie de ce nouveau projet un brin f\u00e9ministe&#8230; Vous trouverez quelques photos de cette parenth\u00e8se enchant\u00e9e en cliquant sur la photo ci-dessus ou bien <a title=\"Say Sei\" href=\"http:\/\/www.loucamino.com\/wp-content\/plugins\/22-sei-boucsurletoit\/\" target=\"_blank\">l\u00e0<\/a>.<\/p>\n<div id=\"iLikeThis-10976\" class=\"iLikeThis\"><span class=\"counter\"><a onclick=\"likeThis(10976);\" class=\"image\">11<\/a><\/span><\/div>\n<p><a href=\"http:\/\/www.facebook.com\/share.php?u=https%3A%2F%2Fwww.loucamino.com%2F%3Fp%3D10976&amp;t=Say%20Sei...\" id=\"facebook_share_both_10976\" style=\"font-size:11px; line-height:13px; font-family:'lucida grande',tahoma,verdana,arial,sans-serif; text-decoration:none; padding:2px 0 0 20px; height:16px; background:url(http:\/\/b.static.ak.fbcdn.net\/images\/share\/facebook_share_icon.gif) no-repeat top left;\">Share on Facebook<\/a><br \/>\n\t<script type=\"text\/javascript\">\n\t<!--\n\tvar button = document.getElementById('facebook_share_link_10976') || document.getElementById('facebook_share_icon_10976') || document.getElementById('facebook_share_both_10976') || document.getElementById('facebook_share_button_10976');\n\tif (button) {\n\t\tbutton.onclick = function(e) {\n\t\t\tvar url = this.href.replace(\/share\\.php\/, 'sharer.php');\n\t\t\twindow.open(url,'sharer','toolbar=0,status=0,width=626,height=436');\n\t\t\treturn false;\n\t\t}\n\t\n\t\tif (button.id === 'facebook_share_button_10976') {\n\t\t\tbutton.onmouseover = function(){\n\t\t\t\tthis.style.color='#fff';\n\t\t\t\tthis.style.borderColor = '#295582';\n\t\t\t\tthis.style.backgroundColor = '#3b5998';\n\t\t\t}\n\t\t\tbutton.onmouseout = function(){\n\t\t\t\tthis.style.color = '#3b5998';\n\t\t\t\tthis.style.borderColor = '#d8dfea';\n\t\t\t\tthis.style.backgroundColor = '#fff';\n\t\t\t}\n\t\t}\n\t}\n\t-->\n\t<\/script><\/p>\n","protected":false},"excerpt":{"rendered":"<p>Un jeudi soir, sous un chapiteau du Village du Cirque sur la Pelouse de Reuilly. Le Bouc sur le Toit est \u00e0 nouveau au travail. En comit\u00e9 restreint cette fois-ci. Et pour une semaine. L&rsquo;objet du d\u00e9lit : Sei, courte pi\u00e8ce \u00e9crite par Caroline Dumas de Rauly, inspir\u00e9e de l&rsquo;histoire de Sei Sh\u00f4nagon, dame de [&hellip;]<\/p>\n<a href=\"http:\/\/www.facebook.com\/share.php?u=https%3A%2F%2Fwww.loucamino.com%2F%3Fp%3D10976&amp;t=Say%20Sei...\" id=\"facebook_share_both_10976\" style=\"font-size:11px; line-height:13px; font-family:'lucida grande',tahoma,verdana,arial,sans-serif; text-decoration:none; padding:2px 0 0 20px; height:16px; background:url(http:\/\/b.static.ak.fbcdn.net\/images\/share\/facebook_share_icon.gif) no-repeat top left;\">Share on Facebook<\/a>\r\n\t<script type=\"text\/javascript\">\r\n\t<!--\r\n\tvar button = document.getElementById('facebook_share_link_10976') || document.getElementById('facebook_share_icon_10976') || document.getElementById('facebook_share_both_10976') || document.getElementById('facebook_share_button_10976');\r\n\tif (button) {\r\n\t\tbutton.onclick = function(e) {\r\n\t\t\tvar url = this.href.replace(\/share\\.php\/, 'sharer.php');\r\n\t\t\twindow.open(url,'sharer','toolbar=0,status=0,width=626,height=436');\r\n\t\t\treturn false;\r\n\t\t}\r\n\t\r\n\t\tif (button.id === 'facebook_share_button_10976') {\r\n\t\t\tbutton.onmouseover = function(){\r\n\t\t\t\tthis.style.color='#fff';\r\n\t\t\t\tthis.style.borderColor = '#295582';\r\n\t\t\t\tthis.style.backgroundColor = '#3b5998';\r\n\t\t\t}\r\n\t\t\tbutton.onmouseout = function(){\r\n\t\t\t\tthis.style.color = '#3b5998';\r\n\t\t\t\tthis.style.borderColor = '#d8dfea';\r\n\t\t\t\tthis.style.backgroundColor = '#fff';\r\n\t\t\t}\r\n\t\t}\r\n\t}\r\n\t-->\r\n\t<\/script>\r\n\t","protected":false},"author":1,"featured_media":0,"comment_status":"open","ping_status":"closed","sticky":false,"template":"","format":"standard","meta":{"ngg_post_thumbnail":0},"categories":[1],"tags":[2194,2193,1815,2192,164,2223,2078,1098,2102,1816],"_links":{"self":[{"href":"https:\/\/www.loucamino.com\/index.php?rest_route=\/wp\/v2\/posts\/10976"}],"collection":[{"href":"https:\/\/www.loucamino.com\/index.php?rest_route=\/wp\/v2\/posts"}],"about":[{"href":"https:\/\/www.loucamino.com\/index.php?rest_route=\/wp\/v2\/types\/post"}],"author":[{"embeddable":true,"href":"https:\/\/www.loucamino.com\/index.php?rest_route=\/wp\/v2\/users\/1"}],"replies":[{"embeddable":true,"href":"https:\/\/www.loucamino.com\/index.php?rest_route=%2Fwp%2Fv2%2Fcomments&post=10976"}],"version-history":[{"count":8,"href":"https:\/\/www.loucamino.com\/index.php?rest_route=\/wp\/v2\/posts\/10976\/revisions"}],"predecessor-version":[{"id":10982,"href":"https:\/\/www.loucamino.com\/index.php?rest_route=\/wp\/v2\/posts\/10976\/revisions\/10982"}],"wp:attachment":[{"href":"https:\/\/www.loucamino.com\/index.php?rest_route=%2Fwp%2Fv2%2Fmedia&parent=10976"}],"wp:term":[{"taxonomy":"category","embeddable":true,"href":"https:\/\/www.loucamino.com\/index.php?rest_route=%2Fwp%2Fv2%2Fcategories&post=10976"},{"taxonomy":"post_tag","embeddable":true,"href":"https:\/\/www.loucamino.com\/index.php?rest_route=%2Fwp%2Fv2%2Ftags&post=10976"}],"curies":[{"name":"wp","href":"https:\/\/api.w.org\/{rel}","templated":true}]}}