{"id":10610,"date":"2012-09-11T23:23:03","date_gmt":"2012-09-11T21:23:03","guid":{"rendered":"http:\/\/www.loucamino.com\/?p=10610"},"modified":"2012-09-12T00:29:51","modified_gmt":"2012-09-11T22:29:51","slug":"etats-dame-sur-le-macadam-7_-le-mir-age","status":"publish","type":"post","link":"https:\/\/www.loucamino.com\/?p=10610","title":{"rendered":"Etats d&rsquo;\u00e2me sur le macadam # 7_ Le Mir-age&#8230;"},"content":{"rendered":"<ul class=\"wpsocialite social-buttons large\"><\/ul><p style=\"text-align: justify;\"><a href=\"http:\/\/www.loucamino.com\/wp-content\/uploads\/2012\/09\/P1290408-1_72.jpg\"><img loading=\"lazy\" class=\"aligncenter size-full wp-image-10612\" title=\"P1290408-1_72\" src=\"http:\/\/www.loucamino.com\/wp-content\/uploads\/2012\/09\/P1290408-1_72.jpg\" alt=\"\" width=\"550\" height=\"366\" srcset=\"https:\/\/www.loucamino.com\/wp-content\/uploads\/2012\/09\/P1290408-1_72.jpg 550w, https:\/\/www.loucamino.com\/wp-content\/uploads\/2012\/09\/P1290408-1_72-300x199.jpg 300w\" sizes=\"(max-width: 550px) 100vw, 550px\" \/><\/a><\/p>\n<p style=\"text-align: justify;\">Extrait d\u2019\u201dEtats d\u2019\u00e2me sur le macadam\u201d, ensemble de textes griffonn\u00e9s  \u00e0 l\u2019aube du 21e si\u00e8cle sur mes ins\u00e9parables petits carnets\u2026<\/p>\n<p style=\"text-align: justify;\">*<\/p>\n<p style=\"text-align: justify;\">A ma gauche, une jeune femme lit\u00a0: <em>\u00ab\u00a0Le point de Mir\u00a0\u00bb. <\/em>Avant la catastrophe pr\u00e9dite. Hyst\u00e9rie\u2026 Ce matin, \u00e0 la radio, on parlait de la rentr\u00e9e d\u2019argent dont allaient b\u00e9n\u00e9ficier les villes situ\u00e9es dans la bande d\u2019obscurit\u00e9. Camping improvis\u00e9, menu <em>\u00ab\u00a0\u00e9clipse\u00a0\u00bb<\/em> avec dessert aux chocolats blanc et noir. Il y a m\u00eame une revue en vente depuis jeudi. Et un CD\u00a0! Que va-t-il se passer ce fameux jour\u00a0? De la pluie, tout simplement. Car, c\u2019est effectivement ce qui nous tombe du ciel depuis quelques heures. La nature ferait ainsi un v\u00e9ritable pied de nez \u00e0 tous ces assoiff\u00e9s de spectacle. Ce qui se comprend ais\u00e9ment. L\u2019\u00e9v\u00e9nement reste exceptionnel. Mais tout ce cin\u00e9ma autour\u2026 16 pages aujourd\u2019hui dans <em>Le Monde <\/em>! Toutes ces couvertures&#8230; Apparition de l\u2019\u00e9clipse. Et pour quoi\u00a0? Un ciel lunatique. J\u2019aurais fait pareil si j\u2019avais \u00e9t\u00e9 lui.<\/p>\n<p style=\"text-align: justify;\">Toutes les revues o\u00f9 des lunettes \u00e9taient offertes ont connu la razzia. Les appels ne se comptent plus. <em>\u00ab\u00a0Les lunettes sont-elles bien conformes\u00a0?\u00a0\u00bb<\/em> Patience admirable au standard face \u00e0 cette folie passag\u00e8re. N\u2019y a-t-il rien d\u2019autre dans l\u2019actualit\u00e9 pour remplir ces pages de quotidiens, hebdos ou mensuels\u00a0? J\u2019attends mercredi avec une certaine impatience. Mercredi soir bien entendu, pour les r\u00e9actions, les images, la m\u00e9t\u00e9o\u2026 Ev\u00e9nement m\u00e9diatique sans pr\u00e9c\u00e9dent. Aujourd\u2019hui, celui qui ne conna\u00eet pas les principes de l\u2019\u00e9clipse fait preuve de mauvaise volont\u00e9. Et si c\u2019est un \u00e9chec total\u00a0? Trouveront-ils des excuses\u00a0? Le <em>\u00ab\u00a0ils\u00a0\u00bb <\/em>? Les m\u00e9dia, bien s\u00fbr. Hier, \u00e0 <em>Nature et D\u00e9couvertes<\/em>, trois mamies se sont pr\u00e9sent\u00e9es \u00e0 la caisse\u00a0: <em>\u00ab\u00a0\u00c7a, c\u2019est des lunettes\u00a0?\u00a0\u00bb<\/em> demande l\u2019une d\u2019entre elles \u00e0 la caissi\u00e8re en lui montrant des diapos. Et non\u2026 On entend qu\u2019en Belgique, il est demand\u00e9 aux possesseurs de lunettes de les restituer, en vue d\u2019un envoi massif vers l\u2019Afrique, prochaine sc\u00e8ne pour une \u00e9clipse totale. Partout, m\u00eame ici, dans ce carnet. Mais comment passer \u00e0 c\u00f4t\u00e9\u00a0? Tout le monde n\u2019a que ce mot \u00e0 l\u2019\u00e9clipse. Je m\u2019y perds\u00a0! Et c\u2019est\u00a0: <em>\u00ab\u00a0Toi, tu seras o\u00f9 mercredi, pour l\u2019\u00e9clipse\u00a0?\u00a0\u00bb<\/em> <em>\u00ab\u00a0Eh, je reste l\u00e0, de toute mani\u00e8re il va pleuvoir\u00a0\u00bb, \u00ab\u00a0je ne vais pas faire comme tous ces clampins\u00a0\u00bb, \u00ab\u00a0je vais \u00e0 Compi\u00e8gne, Senlis, mais ce sera serr\u00e9 car je n\u2019ai pris que la demi-journ\u00e9e\u00a0!\u00a0\u00bb. <\/em>Et oui\u2026 Tragique sc\u00e9nario \u2026 je crois qu\u2019on ne pense plus \u00e0 celui de Paco. Claudie Andr\u00e9-Deshays \u00e9tait sur les ondes ce matin, et assurait qu\u2019il \u00e9tait <em>\u00ab\u00a0balistiquement\u00a0\u00bb<\/em> impossible que la station Mir s\u2019\u00e9crase \u00e0 Paris ce mercredi. Il est vrai que cette perspective n\u2019aurait pas \u00e9t\u00e9 r\u00e9jouissante pour elle, son mari\u00a0 &#8211; Jean-Pierre Haigner\u00e9 &#8211; se trouvant dans la fameuse station orbitale. Dans ce cas pr\u00e9cis, c\u2019est la balistique qui tranche. Un gourou, en Pologne, r\u00e9pand aussi sa th\u00e8se cataclysmique et a d\u2019ores et d\u00e9j\u00e0 donn\u00e9 rendez-vous \u00e0 ses disciples sur les berges du Danube. Quoiqu\u2019il en soit, cette euphorie m\u00eal\u00e9e de panique laisse pr\u00e9sager de quelques surprises pour le passage \u00e0 l\u2019an 2000, qui lui, concernera la plan\u00e8te enti\u00e8re. Et c\u2019est sans compter sur le fameux Bug, punaise mondialement connue. J\u2019ose \u00e0 peine imaginer l\u2019hyst\u00e9rie qui va pr\u00e9c\u00e9der cette date. Tous les m\u00e9dia sont mobilis\u00e9s pour l\u2019\u00e9clipse. Comment faire plus pour le <em>\u00ab\u00a0Y2K\u00a0\u00bb <\/em>? Il para\u00eet que le passage \u00e0 l\u2019an 1000 n\u2019a pas suscit\u00e9 d\u2019\u00e9clat, et ce pour une raison simple\u00a0: on se rep\u00e9rait plus souvent par rapport \u00e0 l\u2019ann\u00e9e de r\u00e8gne du roi au pouvoir. C\u2019est comme si nous disions\u00a0: <em>\u00ab\u00a0c\u2019est la 4<sup>\u00e8me<\/sup> ann\u00e9e du r\u00e8gne de Chirac.\u00a0\u00bb <\/em>Ce qui ne nous fournit pas trop d\u2019informations sur la fin du si\u00e8cle. Et puis, pourquoi cette ann\u00e9e serait-elle diff\u00e9rente des autres\u00a0? Il suffit \u00a0de changer de r\u00e9f\u00e9rence et l\u2019an 2000 est d\u00e9j\u00e0 pass\u00e9\u00a0!<\/p>\n<div id=\"iLikeThis-10610\" class=\"iLikeThis\"><span class=\"counter\"><a onclick=\"likeThis(10610);\" class=\"image\">7<\/a><\/span><\/div>\n<p><a href=\"http:\/\/www.facebook.com\/share.php?u=https%3A%2F%2Fwww.loucamino.com%2F%3Fp%3D10610&amp;t=Etats%20d%27%C3%A2me%20sur%20le%20macadam%20%23%207_%20Le%20Mir-age...\" id=\"facebook_share_both_10610\" style=\"font-size:11px; line-height:13px; font-family:'lucida grande',tahoma,verdana,arial,sans-serif; text-decoration:none; padding:2px 0 0 20px; height:16px; background:url(http:\/\/b.static.ak.fbcdn.net\/images\/share\/facebook_share_icon.gif) no-repeat top left;\">Share on Facebook<\/a><br \/>\n\t<script type=\"text\/javascript\">\n\t<!--\n\tvar button = document.getElementById('facebook_share_link_10610') || document.getElementById('facebook_share_icon_10610') || document.getElementById('facebook_share_both_10610') || document.getElementById('facebook_share_button_10610');\n\tif (button) {\n\t\tbutton.onclick = function(e) {\n\t\t\tvar url = this.href.replace(\/share\\.php\/, 'sharer.php');\n\t\t\twindow.open(url,'sharer','toolbar=0,status=0,width=626,height=436');\n\t\t\treturn false;\n\t\t}\n\t\n\t\tif (button.id === 'facebook_share_button_10610') {\n\t\t\tbutton.onmouseover = function(){\n\t\t\t\tthis.style.color='#fff';\n\t\t\t\tthis.style.borderColor = '#295582';\n\t\t\t\tthis.style.backgroundColor = '#3b5998';\n\t\t\t}\n\t\t\tbutton.onmouseout = function(){\n\t\t\t\tthis.style.color = '#3b5998';\n\t\t\t\tthis.style.borderColor = '#d8dfea';\n\t\t\t\tthis.style.backgroundColor = '#fff';\n\t\t\t}\n\t\t}\n\t}\n\t-->\n\t<\/script><\/p>\n","protected":false},"excerpt":{"rendered":"<p>Extrait d\u2019\u201dEtats d\u2019\u00e2me sur le macadam\u201d, ensemble de textes griffonn\u00e9s \u00e0 l\u2019aube du 21e si\u00e8cle sur mes ins\u00e9parables petits carnets\u2026 * A ma gauche, une jeune femme lit\u00a0: \u00ab\u00a0Le point de Mir\u00a0\u00bb. Avant la catastrophe pr\u00e9dite. Hyst\u00e9rie\u2026 Ce matin, \u00e0 la radio, on parlait de la rentr\u00e9e d\u2019argent dont allaient b\u00e9n\u00e9ficier les villes situ\u00e9es dans [&hellip;]<\/p>\n<a href=\"http:\/\/www.facebook.com\/share.php?u=https%3A%2F%2Fwww.loucamino.com%2F%3Fp%3D10610&amp;t=Etats%20d%27%C3%A2me%20sur%20le%20macadam%20%23%207_%20Le%20Mir-age...\" id=\"facebook_share_both_10610\" style=\"font-size:11px; line-height:13px; font-family:'lucida grande',tahoma,verdana,arial,sans-serif; text-decoration:none; padding:2px 0 0 20px; height:16px; background:url(http:\/\/b.static.ak.fbcdn.net\/images\/share\/facebook_share_icon.gif) no-repeat top left;\">Share on Facebook<\/a>\r\n\t<script type=\"text\/javascript\">\r\n\t<!--\r\n\tvar button = document.getElementById('facebook_share_link_10610') || document.getElementById('facebook_share_icon_10610') || document.getElementById('facebook_share_both_10610') || document.getElementById('facebook_share_button_10610');\r\n\tif (button) {\r\n\t\tbutton.onclick = function(e) {\r\n\t\t\tvar url = this.href.replace(\/share\\.php\/, 'sharer.php');\r\n\t\t\twindow.open(url,'sharer','toolbar=0,status=0,width=626,height=436');\r\n\t\t\treturn false;\r\n\t\t}\r\n\t\r\n\t\tif (button.id === 'facebook_share_button_10610') {\r\n\t\t\tbutton.onmouseover = function(){\r\n\t\t\t\tthis.style.color='#fff';\r\n\t\t\t\tthis.style.borderColor = '#295582';\r\n\t\t\t\tthis.style.backgroundColor = '#3b5998';\r\n\t\t\t}\r\n\t\t\tbutton.onmouseout = function(){\r\n\t\t\t\tthis.style.color = '#3b5998';\r\n\t\t\t\tthis.style.borderColor = '#d8dfea';\r\n\t\t\t\tthis.style.backgroundColor = '#fff';\r\n\t\t\t}\r\n\t\t}\r\n\t}\r\n\t-->\r\n\t<\/script>\r\n\t","protected":false},"author":1,"featured_media":0,"comment_status":"open","ping_status":"closed","sticky":false,"template":"","format":"standard","meta":{"ngg_post_thumbnail":0},"categories":[1],"tags":[4201,18,1881,1882,1439,81,388,454,292,408,2097,2098,387,440,143,294,1033],"_links":{"self":[{"href":"https:\/\/www.loucamino.com\/index.php?rest_route=\/wp\/v2\/posts\/10610"}],"collection":[{"href":"https:\/\/www.loucamino.com\/index.php?rest_route=\/wp\/v2\/posts"}],"about":[{"href":"https:\/\/www.loucamino.com\/index.php?rest_route=\/wp\/v2\/types\/post"}],"author":[{"embeddable":true,"href":"https:\/\/www.loucamino.com\/index.php?rest_route=\/wp\/v2\/users\/1"}],"replies":[{"embeddable":true,"href":"https:\/\/www.loucamino.com\/index.php?rest_route=%2Fwp%2Fv2%2Fcomments&post=10610"}],"version-history":[{"count":4,"href":"https:\/\/www.loucamino.com\/index.php?rest_route=\/wp\/v2\/posts\/10610\/revisions"}],"predecessor-version":[{"id":10615,"href":"https:\/\/www.loucamino.com\/index.php?rest_route=\/wp\/v2\/posts\/10610\/revisions\/10615"}],"wp:attachment":[{"href":"https:\/\/www.loucamino.com\/index.php?rest_route=%2Fwp%2Fv2%2Fmedia&parent=10610"}],"wp:term":[{"taxonomy":"category","embeddable":true,"href":"https:\/\/www.loucamino.com\/index.php?rest_route=%2Fwp%2Fv2%2Fcategories&post=10610"},{"taxonomy":"post_tag","embeddable":true,"href":"https:\/\/www.loucamino.com\/index.php?rest_route=%2Fwp%2Fv2%2Ftags&post=10610"}],"curies":[{"name":"wp","href":"https:\/\/api.w.org\/{rel}","templated":true}]}}