{"id":930,"date":"2010-05-18T09:25:03","date_gmt":"2010-05-18T07:25:03","guid":{"rendered":"http:\/\/www.loucamino.com\/?p=930"},"modified":"2011-04-12T15:02:19","modified_gmt":"2011-04-12T22:02:19","slug":"la-parade","status":"publish","type":"post","link":"http:\/\/www.loucamino.com\/?p=930","title":{"rendered":"La parade"},"content":{"rendered":"<ul class=\"wpsocialite social-buttons large\"><\/ul><p><a href=\"http:\/\/www.loucamino.com\/wp-content\/uploads\/2010\/05\/P1180060_72.jpg\"><img loading=\"lazy\" class=\"aligncenter size-full wp-image-931\" title=\"P1180060_72\" src=\"http:\/\/www.loucamino.com\/wp-content\/uploads\/2010\/05\/P1180060_72.jpg\" alt=\"\" width=\"550\" height=\"366\" srcset=\"http:\/\/www.loucamino.com\/wp-content\/uploads\/2010\/05\/P1180060_72.jpg 550w, http:\/\/www.loucamino.com\/wp-content\/uploads\/2010\/05\/P1180060_72-300x199.jpg 300w\" sizes=\"(max-width: 550px) 100vw, 550px\" \/><\/a><\/p>\n<p style=\"text-align: justify;\">Il n&rsquo;est pas \u00e9vident, de nos jours, de prendre les inconnus en photo tout en ayant l&rsquo;intention de rendre leur image publique&#8230; Le droit \u00e0 l&rsquo;image, dont nous sommes tous heureux de pouvoir b\u00e9n\u00e9ficier individuellement, a sensiblement chang\u00e9 la donne de la photo \u00ab\u00a0humaniste\u00a0\u00bb ou de l&rsquo;instant. L&rsquo;image anim\u00e9e n&rsquo;est, bien s\u00fbr, pas en reste. Rapidement, des parades ont \u00e9t\u00e9 trouv\u00e9es pour pouvoir utiliser ces images, malgr\u00e9 ce droit de chacun \u00e0 disposer de la repr\u00e9sentation de lui-m\u00eame : des zones de flou ou pixelis\u00e9es sont apparues sur des visages reconnaissables, puis ont \u00e9t\u00e9 rajout\u00e9es sur les logos ou toute \u00e9vocation de marque pour limiter toute suggestion publicitaire inconsciente aux \u00ab\u00a0regardants\u00a0\u00bb&#8230;<\/p>\n<p style=\"text-align: justify;\">La stricte application de la loi a conduit \u00e0 des images enti\u00e8rement flout\u00e9es, donc totalement absurdes car d\u00e9pouill\u00e9es de leur signification. A quoi sert l&rsquo;image si elle ne montre plus rien ? A contrario, pouvoir lire sur certains r\u00e9seaux sociaux que untel a \u00e9t\u00e9 identifi\u00e9 sur telle photo, dont il ne conna\u00eet peut-\u00eatre pas l&rsquo;existence, est tout aussi angoissant. \u00ab\u00a0Identifi\u00e9\u00a0\u00bb, un mot qui rel\u00e8ve clairement du vocabulaire policier, comme si un m\u00e9fait avait \u00e9t\u00e9 commis, comme si la traque \u00e9tait lanc\u00e9e&#8230; Mais la traque de quoi ? De la vie des autres ? Finalement, <a title=\"Anonymat respect\u00e9\" href=\"http:\/\/www.loucamino.com\/?p=1851\" target=\"_self\">le droit \u00e0 l&rsquo;image<\/a> a peut-\u00eatre du bon&#8230; Et ce n&rsquo;est pas ma baigneuse volontairement \u00e9t\u00eat\u00e9e pour \u00e9viter tout litige qui s&rsquo;en plaindra !<\/p>\n<div id=\"iLikeThis-930\" class=\"iLikeThis\"><span class=\"counter\"><a onclick=\"likeThis(930);\" class=\"image\">5<\/a><\/span><\/div>\n<p><a href=\"http:\/\/www.facebook.com\/share.php?u=http%3A%2F%2Fwww.loucamino.com%2F%3Fp%3D930&amp;t=La%20parade\" id=\"facebook_share_both_930\" style=\"font-size:11px; line-height:13px; font-family:'lucida grande',tahoma,verdana,arial,sans-serif; text-decoration:none; padding:2px 0 0 20px; height:16px; background:url(http:\/\/b.static.ak.fbcdn.net\/images\/share\/facebook_share_icon.gif) no-repeat top left;\">Share on Facebook<\/a><br \/>\n\t<script type=\"text\/javascript\">\n\t<!--\n\tvar button = document.getElementById('facebook_share_link_930') || document.getElementById('facebook_share_icon_930') || document.getElementById('facebook_share_both_930') || document.getElementById('facebook_share_button_930');\n\tif (button) {\n\t\tbutton.onclick = function(e) {\n\t\t\tvar url = this.href.replace(\/share\\.php\/, 'sharer.php');\n\t\t\twindow.open(url,'sharer','toolbar=0,status=0,width=626,height=436');\n\t\t\treturn false;\n\t\t}\n\t\n\t\tif (button.id === 'facebook_share_button_930') {\n\t\t\tbutton.onmouseover = function(){\n\t\t\t\tthis.style.color='#fff';\n\t\t\t\tthis.style.borderColor = '#295582';\n\t\t\t\tthis.style.backgroundColor = '#3b5998';\n\t\t\t}\n\t\t\tbutton.onmouseout = function(){\n\t\t\t\tthis.style.color = '#3b5998';\n\t\t\t\tthis.style.borderColor = '#d8dfea';\n\t\t\t\tthis.style.backgroundColor = '#fff';\n\t\t\t}\n\t\t}\n\t}\n\t-->\n\t<\/script><\/p>\n","protected":false},"excerpt":{"rendered":"<p>Il n&rsquo;est pas \u00e9vident, de nos jours, de prendre les inconnus en photo tout en ayant l&rsquo;intention de rendre leur image publique&#8230; Le droit \u00e0 l&rsquo;image, dont nous sommes tous heureux de pouvoir b\u00e9n\u00e9ficier individuellement, a sensiblement chang\u00e9 la donne de la photo \u00ab\u00a0humaniste\u00a0\u00bb ou de l&rsquo;instant. L&rsquo;image anim\u00e9e n&rsquo;est, bien s\u00fbr, pas en reste. [&hellip;]<\/p>\n<a href=\"http:\/\/www.facebook.com\/share.php?u=http%3A%2F%2Fwww.loucamino.com%2F%3Fp%3D930&amp;t=La%20parade\" id=\"facebook_share_both_930\" style=\"font-size:11px; line-height:13px; font-family:'lucida grande',tahoma,verdana,arial,sans-serif; text-decoration:none; padding:2px 0 0 20px; height:16px; background:url(http:\/\/b.static.ak.fbcdn.net\/images\/share\/facebook_share_icon.gif) no-repeat top left;\">Share on Facebook<\/a>\r\n\t<script type=\"text\/javascript\">\r\n\t<!--\r\n\tvar button = document.getElementById('facebook_share_link_930') || document.getElementById('facebook_share_icon_930') || document.getElementById('facebook_share_both_930') || document.getElementById('facebook_share_button_930');\r\n\tif (button) {\r\n\t\tbutton.onclick = function(e) {\r\n\t\t\tvar url = this.href.replace(\/share\\.php\/, 'sharer.php');\r\n\t\t\twindow.open(url,'sharer','toolbar=0,status=0,width=626,height=436');\r\n\t\t\treturn false;\r\n\t\t}\r\n\t\r\n\t\tif (button.id === 'facebook_share_button_930') {\r\n\t\t\tbutton.onmouseover = function(){\r\n\t\t\t\tthis.style.color='#fff';\r\n\t\t\t\tthis.style.borderColor = '#295582';\r\n\t\t\t\tthis.style.backgroundColor = '#3b5998';\r\n\t\t\t}\r\n\t\t\tbutton.onmouseout = function(){\r\n\t\t\t\tthis.style.color = '#3b5998';\r\n\t\t\t\tthis.style.borderColor = '#d8dfea';\r\n\t\t\t\tthis.style.backgroundColor = '#fff';\r\n\t\t\t}\r\n\t\t}\r\n\t}\r\n\t-->\r\n\t<\/script>\r\n\t","protected":false},"author":1,"featured_media":0,"comment_status":"open","ping_status":"closed","sticky":false,"template":"","format":"standard","meta":{"ngg_post_thumbnail":0},"categories":[1],"tags":[273,20,274,173,4203,272,275,30,65],"_links":{"self":[{"href":"http:\/\/www.loucamino.com\/index.php?rest_route=\/wp\/v2\/posts\/930"}],"collection":[{"href":"http:\/\/www.loucamino.com\/index.php?rest_route=\/wp\/v2\/posts"}],"about":[{"href":"http:\/\/www.loucamino.com\/index.php?rest_route=\/wp\/v2\/types\/post"}],"author":[{"embeddable":true,"href":"http:\/\/www.loucamino.com\/index.php?rest_route=\/wp\/v2\/users\/1"}],"replies":[{"embeddable":true,"href":"http:\/\/www.loucamino.com\/index.php?rest_route=%2Fwp%2Fv2%2Fcomments&post=930"}],"version-history":[{"count":0,"href":"http:\/\/www.loucamino.com\/index.php?rest_route=\/wp\/v2\/posts\/930\/revisions"}],"wp:attachment":[{"href":"http:\/\/www.loucamino.com\/index.php?rest_route=%2Fwp%2Fv2%2Fmedia&parent=930"}],"wp:term":[{"taxonomy":"category","embeddable":true,"href":"http:\/\/www.loucamino.com\/index.php?rest_route=%2Fwp%2Fv2%2Fcategories&post=930"},{"taxonomy":"post_tag","embeddable":true,"href":"http:\/\/www.loucamino.com\/index.php?rest_route=%2Fwp%2Fv2%2Ftags&post=930"}],"curies":[{"name":"wp","href":"https:\/\/api.w.org\/{rel}","templated":true}]}}