{"id":741,"date":"2010-04-26T08:07:25","date_gmt":"2010-04-26T07:07:25","guid":{"rendered":"http:\/\/www.loucamino.com\/?p=741"},"modified":"2011-02-19T10:54:23","modified_gmt":"2011-02-19T15:54:23","slug":"le-retour-de-lombre-masquee","status":"publish","type":"post","link":"http:\/\/www.loucamino.com\/?p=741","title":{"rendered":"Le retour de l&rsquo;ombre masqu\u00e9e&#8230;"},"content":{"rendered":"<ul class=\"wpsocialite social-buttons large\"><\/ul><p><img loading=\"lazy\" class=\"aligncenter size-full wp-image-742\" title=\"p1220564_lr_72\" src=\"http:\/\/www.loucamino.com\/wp-content\/uploads\/2010\/04\/p1220564_lr_72.jpg\" alt=\"p1220564_lr_72\" width=\"550\" height=\"366\" srcset=\"http:\/\/www.loucamino.com\/wp-content\/uploads\/2010\/04\/p1220564_lr_72.jpg 550w, http:\/\/www.loucamino.com\/wp-content\/uploads\/2010\/04\/p1220564_lr_72-300x199.jpg 300w\" sizes=\"(max-width: 550px) 100vw, 550px\" \/><\/p>\n<p style=\"text-align: justify;\">&#8230; et du ciel bleu, comme tout lundi qui se respecte. Evidemment, certaines personnes n&rsquo;aiment pas le lundi. Notamment car c&rsquo;est le jour de retour au travail. Je leur ferais donc une toute petite suggestion : qu&rsquo;elles fassent d\u00e9buter leur semaine au dimanche. Par un jour ch\u00f4m\u00e9 donc. Changement total de perspective ! Cette l\u00e9g\u00e8re translation, qui vaut ce qu&rsquo;elle vaut, ne devrait g\u00eaner personne par ailleurs.<\/p>\n<p style=\"text-align: justify;\">Certains ont ainsi des jours pr\u00e9f\u00e9r\u00e9s, un peu comme avec les parfums de glace  ou la forme des <a title=\"Confiance aveugle\" href=\"http:\/\/www.loucamino.com\/?p=1204\" target=\"_self\">escaliers<\/a>&#8230; Ce n&rsquo;est pas mon cas, bien que j&rsquo;appr\u00e9cie particuli\u00e8rement les escaliers en colima\u00e7on en fer forg\u00e9. Personnellement, et l\u00e0, j&rsquo;assume totalement mon fayotage aupr\u00e8s du Ma\u00eetre du temps : j&rsquo;adore les lundis, les mardis aussi, les mercredis, les jeudis&#8230; bref, tous les jours de la semaine, qu&rsquo;il fasse beau, qu&rsquo;il pleuve, qu&rsquo;il neige, qu&rsquo;il vente&#8230; bref, par tous temps. En revanche, j&rsquo;ai un l\u00e9ger diff\u00e9rend avec lui sur la perception du temps qui passe. L\u00e0, il faut bien l&rsquo;avouer, c&rsquo;est l&rsquo;anarchie\u00a0 la plus totale ; je dirais m\u00eame plus : c&rsquo;est le chaos ! C&rsquo;est vrai, une journ\u00e9e fait 24 heures quoi qu&rsquo;il arrive, pas une seconde de plus ou de moins ! Alors, comment expliquer que certains jours semblent s&rsquo;\u00e9terniser quand d&rsquo;autres, filent \u00e0 la vitesse de la lumi\u00e8re ? Tout d\u00e9pend de ce que l&rsquo;on fait, me dira-t-on ! Certes, mais ce n&rsquo;est pas si simple : ne rien faire peut aussi passer tr\u00e8s vite&#8230; Il y a l\u00e0 quelque myst\u00e8re \u00e0 \u00e9lucider&#8230; Mais pas aujourd&rsquo;hui !<\/p>\n<div id=\"iLikeThis-741\" class=\"iLikeThis\"><span class=\"counter\"><a onclick=\"likeThis(741);\" class=\"image\">4<\/a><\/span><\/div>\n<p><a href=\"http:\/\/www.facebook.com\/share.php?u=http%3A%2F%2Fwww.loucamino.com%2F%3Fp%3D741&amp;t=Le%20retour%20de%20l%27ombre%20masqu%C3%A9e...\" id=\"facebook_share_both_741\" style=\"font-size:11px; line-height:13px; font-family:'lucida grande',tahoma,verdana,arial,sans-serif; text-decoration:none; padding:2px 0 0 20px; height:16px; background:url(http:\/\/b.static.ak.fbcdn.net\/images\/share\/facebook_share_icon.gif) no-repeat top left;\">Share on Facebook<\/a><br \/>\n\t<script type=\"text\/javascript\">\n\t<!--\n\tvar button = document.getElementById('facebook_share_link_741') || document.getElementById('facebook_share_icon_741') || document.getElementById('facebook_share_both_741') || document.getElementById('facebook_share_button_741');\n\tif (button) {\n\t\tbutton.onclick = function(e) {\n\t\t\tvar url = this.href.replace(\/share\\.php\/, 'sharer.php');\n\t\t\twindow.open(url,'sharer','toolbar=0,status=0,width=626,height=436');\n\t\t\treturn false;\n\t\t}\n\t\n\t\tif (button.id === 'facebook_share_button_741') {\n\t\t\tbutton.onmouseover = function(){\n\t\t\t\tthis.style.color='#fff';\n\t\t\t\tthis.style.borderColor = '#295582';\n\t\t\t\tthis.style.backgroundColor = '#3b5998';\n\t\t\t}\n\t\t\tbutton.onmouseout = function(){\n\t\t\t\tthis.style.color = '#3b5998';\n\t\t\t\tthis.style.borderColor = '#d8dfea';\n\t\t\t\tthis.style.backgroundColor = '#fff';\n\t\t\t}\n\t\t}\n\t}\n\t-->\n\t<\/script><\/p>\n","protected":false},"excerpt":{"rendered":"<p>&#8230; et du ciel bleu, comme tout lundi qui se respecte. Evidemment, certaines personnes n&rsquo;aiment pas le lundi. Notamment car c&rsquo;est le jour de retour au travail. Je leur ferais donc une toute petite suggestion : qu&rsquo;elles fassent d\u00e9buter leur semaine au dimanche. Par un jour ch\u00f4m\u00e9 donc. Changement total de perspective ! Cette l\u00e9g\u00e8re [&hellip;]<\/p>\n<a href=\"http:\/\/www.facebook.com\/share.php?u=http%3A%2F%2Fwww.loucamino.com%2F%3Fp%3D741&amp;t=Le%20retour%20de%20l%27ombre%20masqu%C3%A9e...\" id=\"facebook_share_both_741\" style=\"font-size:11px; line-height:13px; font-family:'lucida grande',tahoma,verdana,arial,sans-serif; text-decoration:none; padding:2px 0 0 20px; height:16px; background:url(http:\/\/b.static.ak.fbcdn.net\/images\/share\/facebook_share_icon.gif) no-repeat top left;\">Share on Facebook<\/a>\r\n\t<script type=\"text\/javascript\">\r\n\t<!--\r\n\tvar button = document.getElementById('facebook_share_link_741') || document.getElementById('facebook_share_icon_741') || document.getElementById('facebook_share_both_741') || document.getElementById('facebook_share_button_741');\r\n\tif (button) {\r\n\t\tbutton.onclick = function(e) {\r\n\t\t\tvar url = this.href.replace(\/share\\.php\/, 'sharer.php');\r\n\t\t\twindow.open(url,'sharer','toolbar=0,status=0,width=626,height=436');\r\n\t\t\treturn false;\r\n\t\t}\r\n\t\r\n\t\tif (button.id === 'facebook_share_button_741') {\r\n\t\t\tbutton.onmouseover = function(){\r\n\t\t\t\tthis.style.color='#fff';\r\n\t\t\t\tthis.style.borderColor = '#295582';\r\n\t\t\t\tthis.style.backgroundColor = '#3b5998';\r\n\t\t\t}\r\n\t\t\tbutton.onmouseout = function(){\r\n\t\t\t\tthis.style.color = '#3b5998';\r\n\t\t\t\tthis.style.borderColor = '#d8dfea';\r\n\t\t\t\tthis.style.backgroundColor = '#fff';\r\n\t\t\t}\r\n\t\t}\r\n\t}\r\n\t-->\r\n\t<\/script>\r\n\t","protected":false},"author":1,"featured_media":0,"comment_status":"closed","ping_status":"closed","sticky":false,"template":"","format":"standard","meta":{"ngg_post_thumbnail":0},"categories":[1],"tags":[49,31,4203,35,30,143],"_links":{"self":[{"href":"http:\/\/www.loucamino.com\/index.php?rest_route=\/wp\/v2\/posts\/741"}],"collection":[{"href":"http:\/\/www.loucamino.com\/index.php?rest_route=\/wp\/v2\/posts"}],"about":[{"href":"http:\/\/www.loucamino.com\/index.php?rest_route=\/wp\/v2\/types\/post"}],"author":[{"embeddable":true,"href":"http:\/\/www.loucamino.com\/index.php?rest_route=\/wp\/v2\/users\/1"}],"replies":[{"embeddable":true,"href":"http:\/\/www.loucamino.com\/index.php?rest_route=%2Fwp%2Fv2%2Fcomments&post=741"}],"version-history":[{"count":0,"href":"http:\/\/www.loucamino.com\/index.php?rest_route=\/wp\/v2\/posts\/741\/revisions"}],"wp:attachment":[{"href":"http:\/\/www.loucamino.com\/index.php?rest_route=%2Fwp%2Fv2%2Fmedia&parent=741"}],"wp:term":[{"taxonomy":"category","embeddable":true,"href":"http:\/\/www.loucamino.com\/index.php?rest_route=%2Fwp%2Fv2%2Fcategories&post=741"},{"taxonomy":"post_tag","embeddable":true,"href":"http:\/\/www.loucamino.com\/index.php?rest_route=%2Fwp%2Fv2%2Ftags&post=741"}],"curies":[{"name":"wp","href":"https:\/\/api.w.org\/{rel}","templated":true}]}}