{"id":567,"date":"2010-04-05T09:59:04","date_gmt":"2010-04-05T08:59:04","guid":{"rendered":"http:\/\/www.loucamino.com\/?p=567"},"modified":"2011-05-08T14:38:59","modified_gmt":"2011-05-08T21:38:59","slug":"miroir-mon-beau-miroir","status":"publish","type":"post","link":"http:\/\/www.loucamino.com\/?p=567","title":{"rendered":"Miroir, mon beau miroir"},"content":{"rendered":"<ul class=\"wpsocialite social-buttons large\"><\/ul><p><img loading=\"lazy\" class=\"aligncenter size-full wp-image-568\" title=\"p1200852_72\" src=\"http:\/\/www.loucamino.com\/wp-content\/uploads\/2010\/04\/p1200852_72.jpg\" alt=\"p1200852_72\" width=\"550\" height=\"366\" srcset=\"http:\/\/www.loucamino.com\/wp-content\/uploads\/2010\/04\/p1200852_72.jpg 550w, http:\/\/www.loucamino.com\/wp-content\/uploads\/2010\/04\/p1200852_72-300x199.jpg 300w\" sizes=\"(max-width: 550px) 100vw, 550px\" \/><\/p>\n<p style=\"text-align: justify;\">Quelles raisons doivent pr\u00e9sider au choix de la photographie du jour ? En faut-il d&rsquo;ailleurs ? Quelles pourraient-elles \u00eatre ? Bien penser \u00e0 \u00e9quilibrer les images horizontales et verticales, les tonalit\u00e9s de couleurs, les environnements, les <a title=\"Arbre en T\" href=\"http:\/\/www.loucamino.com\/?p=4662\" target=\"_self\">ambiances<\/a>, les lieux de prise de vue, les sentiments qu&rsquo;elles peuvent g\u00e9n\u00e9rer, les vues de paysages et celles de personnes (souvent minuscules)&#8230; Peut-\u00eatre aussi, avoir quelque chose \u00e0 raconter dessus&#8230;<\/p>\n<p style=\"text-align: justify;\">Aujourd&rsquo;hui, j&rsquo;h\u00e9site entre deux images. Quelqu&rsquo;un choisit pour moi. Ce sera le reflet liss\u00e9 par le courant de cette b\u00e2tisse strasbourgeoise captur\u00e9e un soir d&rsquo;automne. Pourquoi celle-ci, je demande ? Parce qu&rsquo;elle est jolie. C&rsquo;est une raison. Subjective, mais une raison quand m\u00eame&#8230;<\/p>\n<div id=\"iLikeThis-567\" class=\"iLikeThis\"><span class=\"counter\"><a onclick=\"likeThis(567);\" class=\"image\">1<\/a><\/span><\/div>\n<p><a href=\"http:\/\/www.facebook.com\/share.php?u=http%3A%2F%2Fwww.loucamino.com%2F%3Fp%3D567&amp;t=Miroir%2C%20mon%20beau%20miroir\" id=\"facebook_share_both_567\" style=\"font-size:11px; line-height:13px; font-family:'lucida grande',tahoma,verdana,arial,sans-serif; text-decoration:none; padding:2px 0 0 20px; height:16px; background:url(http:\/\/b.static.ak.fbcdn.net\/images\/share\/facebook_share_icon.gif) no-repeat top left;\">Share on Facebook<\/a><br \/>\n\t<script type=\"text\/javascript\">\n\t<!--\n\tvar button = document.getElementById('facebook_share_link_567') || document.getElementById('facebook_share_icon_567') || document.getElementById('facebook_share_both_567') || document.getElementById('facebook_share_button_567');\n\tif (button) {\n\t\tbutton.onclick = function(e) {\n\t\t\tvar url = this.href.replace(\/share\\.php\/, 'sharer.php');\n\t\t\twindow.open(url,'sharer','toolbar=0,status=0,width=626,height=436');\n\t\t\treturn false;\n\t\t}\n\t\n\t\tif (button.id === 'facebook_share_button_567') {\n\t\t\tbutton.onmouseover = function(){\n\t\t\t\tthis.style.color='#fff';\n\t\t\t\tthis.style.borderColor = '#295582';\n\t\t\t\tthis.style.backgroundColor = '#3b5998';\n\t\t\t}\n\t\t\tbutton.onmouseout = function(){\n\t\t\t\tthis.style.color = '#3b5998';\n\t\t\t\tthis.style.borderColor = '#d8dfea';\n\t\t\t\tthis.style.backgroundColor = '#fff';\n\t\t\t}\n\t\t}\n\t}\n\t-->\n\t<\/script><\/p>\n","protected":false},"excerpt":{"rendered":"<p>Quelles raisons doivent pr\u00e9sider au choix de la photographie du jour ? En faut-il d&rsquo;ailleurs ? Quelles pourraient-elles \u00eatre ? Bien penser \u00e0 \u00e9quilibrer les images horizontales et verticales, les tonalit\u00e9s de couleurs, les environnements, les ambiances, les lieux de prise de vue, les sentiments qu&rsquo;elles peuvent g\u00e9n\u00e9rer, les vues de paysages et celles de [&hellip;]<\/p>\n<a href=\"http:\/\/www.facebook.com\/share.php?u=http%3A%2F%2Fwww.loucamino.com%2F%3Fp%3D567&amp;t=Miroir%2C%20mon%20beau%20miroir\" id=\"facebook_share_both_567\" style=\"font-size:11px; line-height:13px; font-family:'lucida grande',tahoma,verdana,arial,sans-serif; text-decoration:none; padding:2px 0 0 20px; height:16px; background:url(http:\/\/b.static.ak.fbcdn.net\/images\/share\/facebook_share_icon.gif) no-repeat top left;\">Share on Facebook<\/a>\r\n\t<script type=\"text\/javascript\">\r\n\t<!--\r\n\tvar button = document.getElementById('facebook_share_link_567') || document.getElementById('facebook_share_icon_567') || document.getElementById('facebook_share_both_567') || document.getElementById('facebook_share_button_567');\r\n\tif (button) {\r\n\t\tbutton.onclick = function(e) {\r\n\t\t\tvar url = this.href.replace(\/share\\.php\/, 'sharer.php');\r\n\t\t\twindow.open(url,'sharer','toolbar=0,status=0,width=626,height=436');\r\n\t\t\treturn false;\r\n\t\t}\r\n\t\r\n\t\tif (button.id === 'facebook_share_button_567') {\r\n\t\t\tbutton.onmouseover = function(){\r\n\t\t\t\tthis.style.color='#fff';\r\n\t\t\t\tthis.style.borderColor = '#295582';\r\n\t\t\t\tthis.style.backgroundColor = '#3b5998';\r\n\t\t\t}\r\n\t\t\tbutton.onmouseout = function(){\r\n\t\t\t\tthis.style.color = '#3b5998';\r\n\t\t\t\tthis.style.borderColor = '#d8dfea';\r\n\t\t\t\tthis.style.backgroundColor = '#fff';\r\n\t\t\t}\r\n\t\t}\r\n\t}\r\n\t-->\r\n\t<\/script>\r\n\t","protected":false},"author":1,"featured_media":0,"comment_status":"closed","ping_status":"closed","sticky":false,"template":"","format":"standard","meta":{"ngg_post_thumbnail":0},"categories":[1],"tags":[14,18,128,123,17,151],"_links":{"self":[{"href":"http:\/\/www.loucamino.com\/index.php?rest_route=\/wp\/v2\/posts\/567"}],"collection":[{"href":"http:\/\/www.loucamino.com\/index.php?rest_route=\/wp\/v2\/posts"}],"about":[{"href":"http:\/\/www.loucamino.com\/index.php?rest_route=\/wp\/v2\/types\/post"}],"author":[{"embeddable":true,"href":"http:\/\/www.loucamino.com\/index.php?rest_route=\/wp\/v2\/users\/1"}],"replies":[{"embeddable":true,"href":"http:\/\/www.loucamino.com\/index.php?rest_route=%2Fwp%2Fv2%2Fcomments&post=567"}],"version-history":[{"count":0,"href":"http:\/\/www.loucamino.com\/index.php?rest_route=\/wp\/v2\/posts\/567\/revisions"}],"wp:attachment":[{"href":"http:\/\/www.loucamino.com\/index.php?rest_route=%2Fwp%2Fv2%2Fmedia&parent=567"}],"wp:term":[{"taxonomy":"category","embeddable":true,"href":"http:\/\/www.loucamino.com\/index.php?rest_route=%2Fwp%2Fv2%2Fcategories&post=567"},{"taxonomy":"post_tag","embeddable":true,"href":"http:\/\/www.loucamino.com\/index.php?rest_route=%2Fwp%2Fv2%2Ftags&post=567"}],"curies":[{"name":"wp","href":"https:\/\/api.w.org\/{rel}","templated":true}]}}