{"id":4684,"date":"2011-01-07T23:20:20","date_gmt":"2011-01-08T04:20:20","guid":{"rendered":"http:\/\/www.loucamino.com\/?p=4684"},"modified":"2011-02-11T15:47:33","modified_gmt":"2011-02-11T20:47:33","slug":"la-ville-est-a-qui","status":"publish","type":"post","link":"http:\/\/www.loucamino.com\/?p=4684","title":{"rendered":"La ville est \u00e0 qui ?"},"content":{"rendered":"<ul class=\"wpsocialite social-buttons large\"><\/ul><p><a href=\"http:\/\/www.loucamino.com\/wp-content\/uploads\/2011\/01\/Venise10_1-1_72.jpg\"><img loading=\"lazy\" class=\"aligncenter size-full wp-image-4685\" title=\"Venise(10)_1-1_72\" src=\"http:\/\/www.loucamino.com\/wp-content\/uploads\/2011\/01\/Venise10_1-1_72.jpg\" alt=\"\" width=\"354\" height=\"550\" srcset=\"http:\/\/www.loucamino.com\/wp-content\/uploads\/2011\/01\/Venise10_1-1_72.jpg 354w, http:\/\/www.loucamino.com\/wp-content\/uploads\/2011\/01\/Venise10_1-1_72-193x300.jpg 193w\" sizes=\"(max-width: 354px) 100vw, 354px\" \/><\/a><\/p>\n<p style=\"text-align: justify;\">A qui appartient la ville ? On dit : \u00ab\u00a0Dans \u00ab\u00a0ma\u00a0\u00bb ville, on fait ci, il y a \u00e7a&#8230;\u00a0\u00bb Comme on s&rsquo;approprie la soci\u00e9t\u00e9 o\u00f9 l&rsquo;on travaille, oubliant parfois, que c&rsquo;est, en fait, la soci\u00e9t\u00e9 pour laquelle on travaille. La nuance est importante. C&rsquo;est cela, ce fameux \u00ab\u00a0sentiment d&rsquo;appartenance\u00a0\u00bb \u00e0 un groupe que d&rsquo;aucuns tentent de faire na\u00eetre. Mais c&rsquo;est un autre sujet. Revenons \u00e0 la ville. A Venise, la ville romantique par excellence. Inutile d&rsquo;en faire l&rsquo;article, tout le monde est en mesure de s&rsquo;imaginer se perdre dans ses venelles labyrinthiques, se laisser bercer dans une gondole, simuler l&rsquo;amour du caf\u00e9 serr\u00e9 ou se cacher derri\u00e8re un masque \u00e0 plumes. Autant de clich\u00e9s qui pourraient faire croire que cette ville appartient \u00e0 chacun.<\/p>\n<p style=\"text-align: justify;\">Un sentiment qui n&rsquo;est pas partag\u00e9 par tout le monde. Arri\u00e8re toute ! Un matin brumeux, je me poste sur un des nombreux ponts de la cit\u00e9 des doges pour dessiner. Autant dire, faire quelque chose d&rsquo;extr\u00eamement banal dans cette ville repr\u00e9sent\u00e9e de toutes les fa\u00e7ons possibles et imaginables, sur tous les supports disponibles sur Terre. Au bout de quelques minutes, d\u00e9barque, furibonde, une femme, d&rsquo;une quarantaine d&rsquo;ann\u00e9es. Elle m&rsquo;interpelle en fran\u00e7ais, n&rsquo;est pas italienne mais vit ici. Pr\u00e9cis\u00e9ment dans la b\u00e2tisse dont j&rsquo;essaye de tirer le portrait avec ses voisines. Cinq minutes pendant lesquelles elle vocif\u00e8re, entre autres, que je n&rsquo;ai pas le droit de dessiner sa maison, qu&rsquo;elle en a marre de ce ballet incessant de personnes qui peignent pour ensuite vendre leurs tableaux sur les march\u00e9s (ce que je n&rsquo;ai pas pr\u00e9vu de faire). Au final, elle menace d&rsquo;appeler la police. L&rsquo;agression verbale est r\u00e9elle, tout comme la <a title=\"Parfaite imperfection\" href=\"http:\/\/www.loucamino.com\/?p=1974\" target=\"_blank\">folie<\/a> de cette pauvre femme, probablement. Evidemment, cela ne tient absolument pas debout, mais je suis sur un pont, je pr\u00e9f\u00e8re donc ranger mes crayons et tenter ma chance ailleurs.<\/p>\n<p style=\"text-align: justify;\">Cette exp\u00e9rience, qui me fait penser que cette hyst\u00e9rique a tr\u00e8s mal choisi sa ville si elle d\u00e9sire vivre dans la tranquillit\u00e9 et la solitude, am\u00e8ne donc la question premi\u00e8re : \u00e0 qui appartient la ville o\u00f9 l&rsquo;on vit ? A ses habitants ? A ceux qui la traversent ? Et est-ce vraiment une question qui se pose ? Politiquement, certainement, un maire ayant tout int\u00e9r\u00eat (ou pas) \u00e0 ce que ses concitoyens s&rsquo;impliquent et s&rsquo;approprient leur ville, qu&rsquo;elle ne soit pas seulement une adresse postale. Et d\u00e8s lors que la ville appartient \u00e0 \u00ab\u00a0quelqu&rsquo;un\u00a0\u00bb, quels droits et quels devoirs cela donne-t-il \u00e0 l&rsquo;heureux propri\u00e9taire ? Faire en sorte que la vie y soit meilleure pour tous, d&rsquo;o\u00f9 qu&rsquo;ils viennent ? Certainement pas ce que faisait cette fille sur le pont qui, sans aucun doute, estimait que Venise \u00e9tait sienne&#8230;<\/p>\n<div id=\"iLikeThis-4684\" class=\"iLikeThis\"><span class=\"counter\"><a onclick=\"likeThis(4684);\" class=\"image\">9<\/a><\/span><\/div>\n<p><a href=\"http:\/\/www.facebook.com\/share.php?u=http%3A%2F%2Fwww.loucamino.com%2F%3Fp%3D4684&amp;t=La%20ville%20est%20%C3%A0%20qui%20%3F\" id=\"facebook_share_both_4684\" style=\"font-size:11px; line-height:13px; font-family:'lucida grande',tahoma,verdana,arial,sans-serif; text-decoration:none; padding:2px 0 0 20px; height:16px; background:url(http:\/\/b.static.ak.fbcdn.net\/images\/share\/facebook_share_icon.gif) no-repeat top left;\">Share on Facebook<\/a><br \/>\n\t<script type=\"text\/javascript\">\n\t<!--\n\tvar button = document.getElementById('facebook_share_link_4684') || document.getElementById('facebook_share_icon_4684') || document.getElementById('facebook_share_both_4684') || document.getElementById('facebook_share_button_4684');\n\tif (button) {\n\t\tbutton.onclick = function(e) {\n\t\t\tvar url = this.href.replace(\/share\\.php\/, 'sharer.php');\n\t\t\twindow.open(url,'sharer','toolbar=0,status=0,width=626,height=436');\n\t\t\treturn false;\n\t\t}\n\t\n\t\tif (button.id === 'facebook_share_button_4684') {\n\t\t\tbutton.onmouseover = function(){\n\t\t\t\tthis.style.color='#fff';\n\t\t\t\tthis.style.borderColor = '#295582';\n\t\t\t\tthis.style.backgroundColor = '#3b5998';\n\t\t\t}\n\t\t\tbutton.onmouseout = function(){\n\t\t\t\tthis.style.color = '#3b5998';\n\t\t\t\tthis.style.borderColor = '#d8dfea';\n\t\t\t\tthis.style.backgroundColor = '#fff';\n\t\t\t}\n\t\t}\n\t}\n\t-->\n\t<\/script><\/p>\n","protected":false},"excerpt":{"rendered":"<p>A qui appartient la ville ? On dit : \u00ab\u00a0Dans \u00ab\u00a0ma\u00a0\u00bb ville, on fait ci, il y a \u00e7a&#8230;\u00a0\u00bb Comme on s&rsquo;approprie la soci\u00e9t\u00e9 o\u00f9 l&rsquo;on travaille, oubliant parfois, que c&rsquo;est, en fait, la soci\u00e9t\u00e9 pour laquelle on travaille. La nuance est importante. C&rsquo;est cela, ce fameux \u00ab\u00a0sentiment d&rsquo;appartenance\u00a0\u00bb \u00e0 un groupe que d&rsquo;aucuns tentent [&hellip;]<\/p>\n<a href=\"http:\/\/www.facebook.com\/share.php?u=http%3A%2F%2Fwww.loucamino.com%2F%3Fp%3D4684&amp;t=La%20ville%20est%20%C3%A0%20qui%20%3F\" id=\"facebook_share_both_4684\" style=\"font-size:11px; line-height:13px; font-family:'lucida grande',tahoma,verdana,arial,sans-serif; text-decoration:none; padding:2px 0 0 20px; height:16px; background:url(http:\/\/b.static.ak.fbcdn.net\/images\/share\/facebook_share_icon.gif) no-repeat top left;\">Share on Facebook<\/a>\r\n\t<script type=\"text\/javascript\">\r\n\t<!--\r\n\tvar button = document.getElementById('facebook_share_link_4684') || document.getElementById('facebook_share_icon_4684') || document.getElementById('facebook_share_both_4684') || document.getElementById('facebook_share_button_4684');\r\n\tif (button) {\r\n\t\tbutton.onclick = function(e) {\r\n\t\t\tvar url = this.href.replace(\/share\\.php\/, 'sharer.php');\r\n\t\t\twindow.open(url,'sharer','toolbar=0,status=0,width=626,height=436');\r\n\t\t\treturn false;\r\n\t\t}\r\n\t\r\n\t\tif (button.id === 'facebook_share_button_4684') {\r\n\t\t\tbutton.onmouseover = function(){\r\n\t\t\t\tthis.style.color='#fff';\r\n\t\t\t\tthis.style.borderColor = '#295582';\r\n\t\t\t\tthis.style.backgroundColor = '#3b5998';\r\n\t\t\t}\r\n\t\t\tbutton.onmouseout = function(){\r\n\t\t\t\tthis.style.color = '#3b5998';\r\n\t\t\t\tthis.style.borderColor = '#d8dfea';\r\n\t\t\t\tthis.style.backgroundColor = '#fff';\r\n\t\t\t}\r\n\t\t}\r\n\t}\r\n\t-->\r\n\t<\/script>\r\n\t","protected":false},"author":1,"featured_media":0,"comment_status":"open","ping_status":"closed","sticky":false,"template":"","format":"standard","meta":{"ngg_post_thumbnail":0},"categories":[1],"tags":[20,844,4221,483,842,4205],"_links":{"self":[{"href":"http:\/\/www.loucamino.com\/index.php?rest_route=\/wp\/v2\/posts\/4684"}],"collection":[{"href":"http:\/\/www.loucamino.com\/index.php?rest_route=\/wp\/v2\/posts"}],"about":[{"href":"http:\/\/www.loucamino.com\/index.php?rest_route=\/wp\/v2\/types\/post"}],"author":[{"embeddable":true,"href":"http:\/\/www.loucamino.com\/index.php?rest_route=\/wp\/v2\/users\/1"}],"replies":[{"embeddable":true,"href":"http:\/\/www.loucamino.com\/index.php?rest_route=%2Fwp%2Fv2%2Fcomments&post=4684"}],"version-history":[{"count":0,"href":"http:\/\/www.loucamino.com\/index.php?rest_route=\/wp\/v2\/posts\/4684\/revisions"}],"wp:attachment":[{"href":"http:\/\/www.loucamino.com\/index.php?rest_route=%2Fwp%2Fv2%2Fmedia&parent=4684"}],"wp:term":[{"taxonomy":"category","embeddable":true,"href":"http:\/\/www.loucamino.com\/index.php?rest_route=%2Fwp%2Fv2%2Fcategories&post=4684"},{"taxonomy":"post_tag","embeddable":true,"href":"http:\/\/www.loucamino.com\/index.php?rest_route=%2Fwp%2Fv2%2Ftags&post=4684"}],"curies":[{"name":"wp","href":"https:\/\/api.w.org\/{rel}","templated":true}]}}