{"id":428,"date":"2010-03-14T15:49:13","date_gmt":"2010-03-14T14:49:13","guid":{"rendered":"http:\/\/www.loucamino.com\/?p=428"},"modified":"2011-02-22T19:28:10","modified_gmt":"2011-02-23T00:28:10","slug":"tribute-to-jan-dibbets","status":"publish","type":"post","link":"http:\/\/www.loucamino.com\/?p=428","title":{"rendered":"Tribute to Jan Dibbets"},"content":{"rendered":"<ul class=\"wpsocialite social-buttons large\"><\/ul><p><img loading=\"lazy\" class=\"aligncenter size-full wp-image-429\" title=\"tribute_dibbets_4_72\" src=\"http:\/\/www.loucamino.com\/wp-content\/uploads\/2010\/03\/tribute_dibbets_4_72.jpg\" alt=\"tribute_dibbets_4_72\" width=\"525\" height=\"375\" srcset=\"http:\/\/www.loucamino.com\/wp-content\/uploads\/2010\/03\/tribute_dibbets_4_72.jpg 525w, http:\/\/www.loucamino.com\/wp-content\/uploads\/2010\/03\/tribute_dibbets_4_72-300x214.jpg 300w\" sizes=\"(max-width: 525px) 100vw, 525px\" \/><\/p>\n<p style=\"text-align: justify;\">Le <a title=\"MAM\" href=\"http:\/\/www.paris.fr\/portail\/Culture\/Portal.lut?page_id=6450\" target=\"_blank\">Mus\u00e9e d&rsquo;Art Moderne de Paris<\/a> accueille, jusqu&rsquo;au 2 mai, une exposition de photographies de Jan Dibbets. Et plus pr\u00e9cis\u00e9ment, sa s\u00e9rie <em>Horizons<\/em>. Une variation, assur\u00e9ment <a title=\"Dualit\u00e9\" href=\"http:\/\/www.loucamino.com\/?p=628\" target=\"_self\">math\u00e9matique<\/a> m\u00eame si c&rsquo;est transparent, sur la ligne, sur le d\u00e9pouillement, et, d&rsquo;une certaine mani\u00e8re, sur l&rsquo;invention d&rsquo;un autre monde. On peut lire, dans le petit fascicule livr\u00e9 \u00e0 l&rsquo;entr\u00e9e des salles : \u00ab\u00a0Intimement li\u00e9 \u00e0 l&rsquo;histoire de l&rsquo;art n\u00e9erlandais, le motif de l&rsquo;horizon a activement particip\u00e9 \u00e0 son d\u00e9veloppement \u00ab\u00a0abstrait\u00a0\u00bb. Aussi, l&rsquo;abstraction telle que la con\u00e7oit Dibbets doit-elle \u00eatre envisag\u00e9e dans la continuit\u00e9 de Mondrian, mais aussi des peintres du XVIIe si\u00e8cle, selon des proc\u00e9dures qui visent \u00e0 accentuer un processus de \u00ab\u00a0repr\u00e9sentation\u00a0\u00bb. Elle ne t\u00e9moigne <em>de facto<\/em> jamais d&rsquo;un renoncement au monde et privil\u00e9gie, au contraire, une approche transformatrice et recr\u00e9atrice de la r\u00e9alit\u00e9.\u00a0\u00bb<\/p>\n<p style=\"text-align: justify;\">Evidemment, dans le cadre de cette d\u00e9marche, l&rsquo;artiste du pays plat et aux moulins \u00e0 vent, n&rsquo;aurait jamais post\u00e9 son appareil face \u00e0 cette \u00e9olienne, qui vient casser l&rsquo;horizontalit\u00e9 parfaite de ses images. Mais la roue tourne et le clin d&rsquo;oeil \u00e9tait trop tentant.<\/p>\n<p style=\"text-align: justify;\">Tout comme l&rsquo;envie de faire se rencontrer virtuellement les eaux de Santa Cruz et celles de Carmel, CA&#8230; Le pacifique oc\u00e9an semble anim\u00e9 par la m\u00eame \u00e9nergie \u00e0 plusieurs mois et quelques dizaines de miles d&rsquo;intervalle.<\/p>\n<p><img loading=\"lazy\" class=\"aligncenter size-full wp-image-432\" title=\"tribute_dibbets_2_72\" src=\"http:\/\/www.loucamino.com\/wp-content\/uploads\/2010\/03\/tribute_dibbets_2_72.jpg\" alt=\"tribute_dibbets_2_72\" width=\"550\" height=\"327\" srcset=\"http:\/\/www.loucamino.com\/wp-content\/uploads\/2010\/03\/tribute_dibbets_2_72.jpg 550w, http:\/\/www.loucamino.com\/wp-content\/uploads\/2010\/03\/tribute_dibbets_2_72-300x178.jpg 300w\" sizes=\"(max-width: 550px) 100vw, 550px\" \/><\/p>\n<div id=\"iLikeThis-428\" class=\"iLikeThis\"><span class=\"counter\"><a onclick=\"likeThis(428);\" class=\"image\">3<\/a><\/span><\/div>\n<p><a href=\"http:\/\/www.facebook.com\/share.php?u=http%3A%2F%2Fwww.loucamino.com%2F%3Fp%3D428&amp;t=Tribute%20to%20Jan%20Dibbets\" id=\"facebook_share_both_428\" style=\"font-size:11px; line-height:13px; font-family:'lucida grande',tahoma,verdana,arial,sans-serif; text-decoration:none; padding:2px 0 0 20px; height:16px; background:url(http:\/\/b.static.ak.fbcdn.net\/images\/share\/facebook_share_icon.gif) no-repeat top left;\">Share on Facebook<\/a><br \/>\n\t<script type=\"text\/javascript\">\n\t<!--\n\tvar button = document.getElementById('facebook_share_link_428') || document.getElementById('facebook_share_icon_428') || document.getElementById('facebook_share_both_428') || document.getElementById('facebook_share_button_428');\n\tif (button) {\n\t\tbutton.onclick = function(e) {\n\t\t\tvar url = this.href.replace(\/share\\.php\/, 'sharer.php');\n\t\t\twindow.open(url,'sharer','toolbar=0,status=0,width=626,height=436');\n\t\t\treturn false;\n\t\t}\n\t\n\t\tif (button.id === 'facebook_share_button_428') {\n\t\t\tbutton.onmouseover = function(){\n\t\t\t\tthis.style.color='#fff';\n\t\t\t\tthis.style.borderColor = '#295582';\n\t\t\t\tthis.style.backgroundColor = '#3b5998';\n\t\t\t}\n\t\t\tbutton.onmouseout = function(){\n\t\t\t\tthis.style.color = '#3b5998';\n\t\t\t\tthis.style.borderColor = '#d8dfea';\n\t\t\t\tthis.style.backgroundColor = '#fff';\n\t\t\t}\n\t\t}\n\t}\n\t-->\n\t<\/script><\/p>\n","protected":false},"excerpt":{"rendered":"<p>Le Mus\u00e9e d&rsquo;Art Moderne de Paris accueille, jusqu&rsquo;au 2 mai, une exposition de photographies de Jan Dibbets. Et plus pr\u00e9cis\u00e9ment, sa s\u00e9rie Horizons. Une variation, assur\u00e9ment math\u00e9matique m\u00eame si c&rsquo;est transparent, sur la ligne, sur le d\u00e9pouillement, et, d&rsquo;une certaine mani\u00e8re, sur l&rsquo;invention d&rsquo;un autre monde. On peut lire, dans le petit fascicule livr\u00e9 \u00e0 [&hellip;]<\/p>\n<a href=\"http:\/\/www.facebook.com\/share.php?u=http%3A%2F%2Fwww.loucamino.com%2F%3Fp%3D428&amp;t=Tribute%20to%20Jan%20Dibbets\" id=\"facebook_share_both_428\" style=\"font-size:11px; line-height:13px; font-family:'lucida grande',tahoma,verdana,arial,sans-serif; text-decoration:none; padding:2px 0 0 20px; height:16px; background:url(http:\/\/b.static.ak.fbcdn.net\/images\/share\/facebook_share_icon.gif) no-repeat top left;\">Share on Facebook<\/a>\r\n\t<script type=\"text\/javascript\">\r\n\t<!--\r\n\tvar button = document.getElementById('facebook_share_link_428') || document.getElementById('facebook_share_icon_428') || document.getElementById('facebook_share_both_428') || document.getElementById('facebook_share_button_428');\r\n\tif (button) {\r\n\t\tbutton.onclick = function(e) {\r\n\t\t\tvar url = this.href.replace(\/share\\.php\/, 'sharer.php');\r\n\t\t\twindow.open(url,'sharer','toolbar=0,status=0,width=626,height=436');\r\n\t\t\treturn false;\r\n\t\t}\r\n\t\r\n\t\tif (button.id === 'facebook_share_button_428') {\r\n\t\t\tbutton.onmouseover = function(){\r\n\t\t\t\tthis.style.color='#fff';\r\n\t\t\t\tthis.style.borderColor = '#295582';\r\n\t\t\t\tthis.style.backgroundColor = '#3b5998';\r\n\t\t\t}\r\n\t\t\tbutton.onmouseout = function(){\r\n\t\t\t\tthis.style.color = '#3b5998';\r\n\t\t\t\tthis.style.borderColor = '#d8dfea';\r\n\t\t\t\tthis.style.backgroundColor = '#fff';\r\n\t\t\t}\r\n\t\t}\r\n\t}\r\n\t-->\r\n\t<\/script>\r\n\t","protected":false},"author":1,"featured_media":0,"comment_status":"closed","ping_status":"closed","sticky":false,"template":"","format":"standard","meta":{"ngg_post_thumbnail":0},"categories":[1],"tags":[14,55,53,54,52,4203,56],"_links":{"self":[{"href":"http:\/\/www.loucamino.com\/index.php?rest_route=\/wp\/v2\/posts\/428"}],"collection":[{"href":"http:\/\/www.loucamino.com\/index.php?rest_route=\/wp\/v2\/posts"}],"about":[{"href":"http:\/\/www.loucamino.com\/index.php?rest_route=\/wp\/v2\/types\/post"}],"author":[{"embeddable":true,"href":"http:\/\/www.loucamino.com\/index.php?rest_route=\/wp\/v2\/users\/1"}],"replies":[{"embeddable":true,"href":"http:\/\/www.loucamino.com\/index.php?rest_route=%2Fwp%2Fv2%2Fcomments&post=428"}],"version-history":[{"count":0,"href":"http:\/\/www.loucamino.com\/index.php?rest_route=\/wp\/v2\/posts\/428\/revisions"}],"wp:attachment":[{"href":"http:\/\/www.loucamino.com\/index.php?rest_route=%2Fwp%2Fv2%2Fmedia&parent=428"}],"wp:term":[{"taxonomy":"category","embeddable":true,"href":"http:\/\/www.loucamino.com\/index.php?rest_route=%2Fwp%2Fv2%2Fcategories&post=428"},{"taxonomy":"post_tag","embeddable":true,"href":"http:\/\/www.loucamino.com\/index.php?rest_route=%2Fwp%2Fv2%2Ftags&post=428"}],"curies":[{"name":"wp","href":"https:\/\/api.w.org\/{rel}","templated":true}]}}