{"id":2816,"date":"2010-11-24T23:39:07","date_gmt":"2010-11-25T04:39:07","guid":{"rendered":"http:\/\/www.loucamino.com\/?p=2816"},"modified":"2011-02-11T16:06:30","modified_gmt":"2011-02-11T21:06:30","slug":"la-photo-pasrfaite","status":"publish","type":"post","link":"http:\/\/www.loucamino.com\/?p=2816","title":{"rendered":"La photo pa(s\/r)faite"},"content":{"rendered":"<ul class=\"wpsocialite social-buttons large\"><\/ul><p><a href=\"http:\/\/www.loucamino.com\/wp-content\/uploads\/2010\/11\/Photopasfaite_LC.jpg\"><img loading=\"lazy\" class=\"aligncenter size-full wp-image-2817\" title=\"Photopasfaite_LC\" src=\"http:\/\/www.loucamino.com\/wp-content\/uploads\/2010\/11\/Photopasfaite_LC.jpg\" alt=\"\" width=\"550\" height=\"366\" srcset=\"http:\/\/www.loucamino.com\/wp-content\/uploads\/2010\/11\/Photopasfaite_LC.jpg 550w, http:\/\/www.loucamino.com\/wp-content\/uploads\/2010\/11\/Photopasfaite_LC-300x199.jpg 300w\" sizes=\"(max-width: 550px) 100vw, 550px\" \/><\/a><\/p>\n<p style=\"text-align: justify;\">Non, non, ce n&rsquo;est ni une erreur, ni un oubli, ni une blague&#8230; Ce rectangle, qui accueille habituellement une image, une vraie, est vide, blanc comme la neige pas encore foul\u00e9e ou comme une feuille sans inspiration. Il ne s&rsquo;agit ni de lune ni de loutre. Ce cadre est vide mais, en r\u00e9alit\u00e9, il est plein. Plein d&rsquo;une cat\u00e9gorie tr\u00e8s particuli\u00e8re de photographies : celle des photos pas faites (ou PPF, prononcer <em>ppf <\/em>comme un <em>pff <\/em>de d\u00e9pit). Les raisons sont aussi nombreuses que les p\u00e9tales d&rsquo;une rose rouge : appareil oubli\u00e9 ou laiss\u00e9 sur la table du salon pour une fois, manque de r\u00e9activit\u00e9, lumi\u00e8re insuffisante, panne de batterie, plus de pelloch (dans l&rsquo;ancien temps), manque de courage, d&rsquo;audace, respect de l&rsquo;autre, que sais-je.<\/p>\n<p style=\"text-align: justify;\">La <em>ppf<\/em>, c&rsquo;est un peu comme la mal\u00e9diction du coup de genou dans le coin gauche de la table basse d\u00e9cid\u00e9ment tr\u00e8s mal plac\u00e9e. C&rsquo;est un truc qui nous arrive in\u00e9vitablement sans que l&rsquo;on puisse pr\u00e9voir quand exactement, qui ne fait pas toujours trop mal sur le moment, mais qui, au bout de quelques secondes, d\u00e9clenche une douleur aigu\u00eb qui se propage dans tout le corps. Pour r\u00e9sumer, on d\u00e9teste. Car forc\u00e9ment, cette photo pas faite est celle que l&rsquo;on aurait aim\u00e9 faire, celle qui aurait \u00e9t\u00e9 hiss\u00e9e dans le top 5 des photos de l&rsquo;ann\u00e9e en cours.<\/p>\n<p style=\"text-align: justify;\">La photo pas faite est une photo parfaite, parce que, justement, on ne peut que l&rsquo;imaginer. Ce qui r\u00e9v\u00e8le un autre avantage de la <em>ppf<\/em> : elle ne s&rsquo;oublie pas, contrairement \u00e0 toutes celles que l&rsquo;on a faites, que l&rsquo;on a quelque part, sur un support virtuel ou r\u00e9el, et que l&rsquo;on s&rsquo;autorise \u00e0 effacer de notre m\u00e9moire car on sait que l&rsquo;on peut la r\u00e9activer en ouvrant un album ou un dossier. La photo pas faite, on la garde en soi comme un coffre dont on serait le seul \u00e0 avoir la cl\u00e9, on la pr\u00e9serve comme un tableau de ma\u00eetre, on la regrette comme un match injustement perdu, et lorsque l&rsquo;on r\u00e9alise que l&rsquo;on est en train de ne pas faire une photo, toutes les photos pas faites viennent d\u00e9filer sur un \u00e9cran virtuel situ\u00e9 \u00e0 5 cm de nos r\u00e9tines \u00e9plor\u00e9es.<\/p>\n<p style=\"text-align: justify;\">L\u00e0, pr\u00e9sentement, j&rsquo;ai trois <em>ppf<\/em> derri\u00e8re mes yeux clos. Ce qui signifie qu&rsquo;il y a eu un r\u00e9cent \u00e9pisode de <em>ppf<\/em>. Cet apr\u00e8s-midi en fait&#8230; La premi\u00e8re du trio du jour<em> <\/em>remonte \u00e0 quelques ann\u00e9es. Direction le <a title=\"Photo non contractuelle\" href=\"http:\/\/www.loucamino.com\/?p=4739\" target=\"_blank\">Sri Lanka<\/a>, sur la c\u00f4te sud. L&rsquo;oc\u00e9an indien \u00e0 quelques m\u00e8tres. Le village vient d&rsquo;\u00eatre lessiv\u00e9 par une grosse averse. Les gros nuages, v\u00eatus d&rsquo;un cama\u00efeu de gris, sont progressivement chass\u00e9s du village par le vent, tandis qu&rsquo;un soleil bas, mais plus fort que jamais, r\u00e9ussit \u00e0 se faire une place dans ce ciel encore charg\u00e9. Ses rayons viennent faire briller les feuilles arros\u00e9es des palmiers, miroiter le bitume des routes, \u00e9clater le blanc des murs, r\u00e9fl\u00e9chir les pare-brises des tuk-tuk, vaciller les couleurs des saris&#8230; Une splendeur. J&rsquo;ai laiss\u00e9 mon appareil sur la table. Une deuxi\u00e8me, il y a quelques mois. Paris. Dans un bus, dans la circulation \u00e0 Saint Michel. Il y a du monde, je suis coinc\u00e9e debout, pr\u00e8s d&rsquo;une vitre. Regardant en direction de la cath\u00e9drale Notre Dame, je vois arriver une voiture d\u00e9capot\u00e9e, avec, religieusement pos\u00e9 \u00e0 cheval entre les si\u00e8ges arri\u00e8re et avant, un grand crucifix, renvoyant des petites \u00e9tincelles de lumi\u00e8re \u00e0 cause du soleil, et le Christ tourn\u00e9 vers le ciel, quand m\u00eame. Et au volant, un homme en noir, un abb\u00e9 m\u00e9diatique, le plus m\u00e9diatique d&rsquo;entre eux. L\u00e0, devant moi, une d\u00e9capotable, un crucifix, un abb\u00e9 au volant, la cath\u00e9drale en arri\u00e8re plan. Une conjonction d&rsquo;\u00e9l\u00e9ments tellement parfaite que photo pas faite. <em>Ppf<\/em>. Manque de r\u00e9activit\u00e9. Et l\u00e0. Vieille ville. O\u00f9 l&rsquo;on offre, moyennant finance hein, des tours du quartier \u00e0 bord d&rsquo;une cal\u00e8che tract\u00e9e par deux beaux chevaux. Bien assis dans le fauteuil, un couple de personnes \u00e2g\u00e9es regardant distraitement \u00e0 gauche et \u00e0 droite. C&rsquo;est surtout lui qui accroche mon regard : bien portant, visage rougi, cheveux blancs et surtout une tr\u00e8s longue et touffue barbe blanche. Cal\u00e8che (ou tra\u00eeneau, c&rsquo;est un peu pareil), instantan\u00e9ment, je pense au P\u00e8re No\u00ebl (que dis-je, je dis \u00ab\u00a0P\u00e8re-No\u00ebl ?\u00a0\u00bb \u00e0 voix haute), en rep\u00e9rage incognito avec M\u00e8re No\u00ebl. Mais je l&rsquo;ai reconnu ! C&rsquo;\u00e9tait tellement flagrant que &#8230; photo pas faite. Plus assez de lumi\u00e8re ! <em>Ppfffffff&#8230;. <\/em><\/p>\n<div id=\"iLikeThis-2816\" class=\"iLikeThis\"><span class=\"counter\"><a onclick=\"likeThis(2816);\" class=\"image\">21<\/a><\/span><\/div>\n<p><a href=\"http:\/\/www.facebook.com\/share.php?u=http%3A%2F%2Fwww.loucamino.com%2F%3Fp%3D2816&amp;t=La%20photo%20pa%28s%2Fr%29faite%20\" id=\"facebook_share_both_2816\" style=\"font-size:11px; line-height:13px; font-family:'lucida grande',tahoma,verdana,arial,sans-serif; text-decoration:none; padding:2px 0 0 20px; height:16px; background:url(http:\/\/b.static.ak.fbcdn.net\/images\/share\/facebook_share_icon.gif) no-repeat top left;\">Share on Facebook<\/a><br \/>\n\t<script type=\"text\/javascript\">\n\t<!--\n\tvar button = document.getElementById('facebook_share_link_2816') || document.getElementById('facebook_share_icon_2816') || document.getElementById('facebook_share_both_2816') || document.getElementById('facebook_share_button_2816');\n\tif (button) {\n\t\tbutton.onclick = function(e) {\n\t\t\tvar url = this.href.replace(\/share\\.php\/, 'sharer.php');\n\t\t\twindow.open(url,'sharer','toolbar=0,status=0,width=626,height=436');\n\t\t\treturn false;\n\t\t}\n\t\n\t\tif (button.id === 'facebook_share_button_2816') {\n\t\t\tbutton.onmouseover = function(){\n\t\t\t\tthis.style.color='#fff';\n\t\t\t\tthis.style.borderColor = '#295582';\n\t\t\t\tthis.style.backgroundColor = '#3b5998';\n\t\t\t}\n\t\t\tbutton.onmouseout = function(){\n\t\t\t\tthis.style.color = '#3b5998';\n\t\t\t\tthis.style.borderColor = '#d8dfea';\n\t\t\t\tthis.style.backgroundColor = '#fff';\n\t\t\t}\n\t\t}\n\t}\n\t-->\n\t<\/script><\/p>\n","protected":false},"excerpt":{"rendered":"<p>Non, non, ce n&rsquo;est ni une erreur, ni un oubli, ni une blague&#8230; Ce rectangle, qui accueille habituellement une image, une vraie, est vide, blanc comme la neige pas encore foul\u00e9e ou comme une feuille sans inspiration. Il ne s&rsquo;agit ni de lune ni de loutre. Ce cadre est vide mais, en r\u00e9alit\u00e9, il est [&hellip;]<\/p>\n<a href=\"http:\/\/www.facebook.com\/share.php?u=http%3A%2F%2Fwww.loucamino.com%2F%3Fp%3D2816&amp;t=La%20photo%20pa%28s%2Fr%29faite%20\" id=\"facebook_share_both_2816\" style=\"font-size:11px; line-height:13px; font-family:'lucida grande',tahoma,verdana,arial,sans-serif; text-decoration:none; padding:2px 0 0 20px; height:16px; background:url(http:\/\/b.static.ak.fbcdn.net\/images\/share\/facebook_share_icon.gif) no-repeat top left;\">Share on Facebook<\/a>\r\n\t<script type=\"text\/javascript\">\r\n\t<!--\r\n\tvar button = document.getElementById('facebook_share_link_2816') || document.getElementById('facebook_share_icon_2816') || document.getElementById('facebook_share_both_2816') || document.getElementById('facebook_share_button_2816');\r\n\tif (button) {\r\n\t\tbutton.onclick = function(e) {\r\n\t\t\tvar url = this.href.replace(\/share\\.php\/, 'sharer.php');\r\n\t\t\twindow.open(url,'sharer','toolbar=0,status=0,width=626,height=436');\r\n\t\t\treturn false;\r\n\t\t}\r\n\t\r\n\t\tif (button.id === 'facebook_share_button_2816') {\r\n\t\t\tbutton.onmouseover = function(){\r\n\t\t\t\tthis.style.color='#fff';\r\n\t\t\t\tthis.style.borderColor = '#295582';\r\n\t\t\t\tthis.style.backgroundColor = '#3b5998';\r\n\t\t\t}\r\n\t\t\tbutton.onmouseout = function(){\r\n\t\t\t\tthis.style.color = '#3b5998';\r\n\t\t\t\tthis.style.borderColor = '#d8dfea';\r\n\t\t\t\tthis.style.backgroundColor = '#fff';\r\n\t\t\t}\r\n\t\t}\r\n\t}\r\n\t-->\r\n\t<\/script>\r\n\t","protected":false},"author":1,"featured_media":0,"comment_status":"open","ping_status":"closed","sticky":false,"template":"","format":"standard","meta":{"ngg_post_thumbnail":0},"categories":[1],"tags":[69,748,376,4215,4199,749,747,272,514,143],"_links":{"self":[{"href":"http:\/\/www.loucamino.com\/index.php?rest_route=\/wp\/v2\/posts\/2816"}],"collection":[{"href":"http:\/\/www.loucamino.com\/index.php?rest_route=\/wp\/v2\/posts"}],"about":[{"href":"http:\/\/www.loucamino.com\/index.php?rest_route=\/wp\/v2\/types\/post"}],"author":[{"embeddable":true,"href":"http:\/\/www.loucamino.com\/index.php?rest_route=\/wp\/v2\/users\/1"}],"replies":[{"embeddable":true,"href":"http:\/\/www.loucamino.com\/index.php?rest_route=%2Fwp%2Fv2%2Fcomments&post=2816"}],"version-history":[{"count":0,"href":"http:\/\/www.loucamino.com\/index.php?rest_route=\/wp\/v2\/posts\/2816\/revisions"}],"wp:attachment":[{"href":"http:\/\/www.loucamino.com\/index.php?rest_route=%2Fwp%2Fv2%2Fmedia&parent=2816"}],"wp:term":[{"taxonomy":"category","embeddable":true,"href":"http:\/\/www.loucamino.com\/index.php?rest_route=%2Fwp%2Fv2%2Fcategories&post=2816"},{"taxonomy":"post_tag","embeddable":true,"href":"http:\/\/www.loucamino.com\/index.php?rest_route=%2Fwp%2Fv2%2Ftags&post=2816"}],"curies":[{"name":"wp","href":"https:\/\/api.w.org\/{rel}","templated":true}]}}