{"id":22049,"date":"2020-05-06T21:15:21","date_gmt":"2020-05-06T19:15:21","guid":{"rendered":"http:\/\/www.loucamino.com\/?p=22049"},"modified":"2020-05-06T21:15:21","modified_gmt":"2020-05-06T19:15:21","slug":"carnet-de-confinement-en-france-jour-14-meme-pas-peur","status":"publish","type":"post","link":"http:\/\/www.loucamino.com\/?p=22049","title":{"rendered":"Carnet de confinement en France Jour 14 &#8211; M\u00eame pas peur !"},"content":{"rendered":"<ul class=\"wpsocialite social-buttons large\"><\/ul><p><a href=\"http:\/\/www.loucamino.com\/wp-content\/uploads\/2020\/05\/JCF14_DSC9543-72-site.jpg\"><img loading=\"lazy\" class=\"size-full wp-image-22051 aligncenter\" src=\"http:\/\/www.loucamino.com\/wp-content\/uploads\/2020\/05\/JCF14_DSC9543-72-site.jpg\" alt=\"JCF14_DSC9543-72-site\" width=\"550\" height=\"367\" srcset=\"http:\/\/www.loucamino.com\/wp-content\/uploads\/2020\/05\/JCF14_DSC9543-72-site.jpg 550w, http:\/\/www.loucamino.com\/wp-content\/uploads\/2020\/05\/JCF14_DSC9543-72-site-300x200.jpg 300w\" sizes=\"(max-width: 550px) 100vw, 550px\" \/><\/a><\/p>\n<p style=\"text-align: justify;\">C\u2019est \u00e9trange, il semblerait que le d\u00e9confinement fasse plus peur que le confinement. Comme si, bien qu\u2019au d\u00e9part, c\u2019est l\u2019enfermement qui nous effrayait, nous avions d\u00e9sormais plus peur d\u2019\u00eatre dehors que dedans. Ou plut\u00f4t, dehors avec les autres. Malgr\u00e9 Aristote, qui proclamait d\u00e9j\u00e0 dans une tr\u00e8s tr\u00e8s lointaine galaxie, que l\u2019homme \u00e9tait un animal social. Voil\u00e0 un retournement de situation presque inattendu. Mais qui n\u2019aurait sans doute pas d\u00e9plu \u00e0 Pascal, Rousseau ou m\u00eame Sartre, le premier estimant que l\u2019homme est surtout seul, le deuxi\u00e8me, que la soci\u00e9t\u00e9 corrompt l\u2019\u00e2me humaine et le dernier, que l\u2019enfer c\u2019est les autres\u2026 Voil\u00e0 qui est bien pratique avec la philosophie\u00a0: nulle v\u00e9rit\u00e9, que des opinions \u2013 argument\u00e9es bien s\u00fbr \u2013 que l\u2019on peut adopter au gr\u00e9 de notre humeur, naturellement changeante.<\/p>\n<p style=\"text-align: justify;\">Sans doute sentons-nous que ce qui se profile \u00e0 l\u2019horizon \u2013 cette fameuse ligne qui s\u2019\u00e9loigne au fur et \u00e0 mesure que l\u2019on s\u2019en approche \u2013 est aussi flou que le reste, que cette date du 11 mai est finalement un peu arbitraire, qu\u2019elle ne signifie en rien que tout est r\u00e9solu, bien au contraire, ni que tout est pr\u00eat pour ceux qui vont pouvoir reprendre le chemin de l\u2019\u00e9cole, du bureau, du chantier, de la boutique, du cabinet\u2026, mais surtout qu\u2019il est l\u2019heure de relancer la machine \u2013 si besoin, il y a \u00e0 nouveau de la place dans les h\u00f4pitaux \u2013, et puis, de toute mani\u00e8re, il faut bien y aller. Ce statu quo ne peut pas durer \u00e9ternellement. Certes.<\/p>\n<p style=\"text-align: justify;\">Chacun, bon an mal an, est donc en train de s\u2019organiser pour la reprise, moyennant une foultitude de recommandations \/ consignes \/ directives \/ obligations \u00e0 respecter avant de penser retourner la petite pancarte \u00ab\u00a0Ferm\u00e9 pour cause de covid-19, r\u00e9ouverture \u00e0 une date ult\u00e9rieure, les caisses sont vides, d\u2019ici l\u00e0 portez-vous bien\u00a0!\u00a0\u00bb. Dans ce contexte pr\u00e9-lib\u00e9ration, j\u2019ai discut\u00e9 hier avec une orthodontiste avec qui je travaille depuis plusieurs ann\u00e9es pour des missions de r\u00e9daction (d\u2019ailleurs, si vous avez des besoins, quels qu\u2019ils soient, je suis \u00e0 vous\u00a0: ne soyez pas timides, et ayez confiance, je peux \u00e9crire avec autant d\u2019enthousiasme que pour mes propres textes sur les pompes fun\u00e8bres, le sourire id\u00e9al, le mobilier commercial ou encore le microbiote\u00a0! A cela, s\u2019ajoutent bien entendu mes photographies, qui peuvent \u00e9galement habiller vos murs\u2026).<\/p>\n<p style=\"text-align: justify;\">Quel casse-t\u00eate pour ces professionnels en contact direct avec la bouche de leurs patients\u00a0! Elle ne se plaint pas, elle s\u2019adapte\u00a0: installer une machine \u00e0 laver directement dans le labo pour nettoyer les blouses sur place\u00a0; acheter des grands sacs en papier pour que les patients y mettent leurs affaires personnelles et ne posent rien sur le sol, ni sur les chaises, ni dans l\u2019armoire collective, ni sur le bureau\u00a0; trouver une solution pour leur masque qu\u2019ils ne pourront retirer qu\u2019une fois bien assis dans le fauteuil\u00a0; s\u2019\u00e9quiper de masques \u00e0 visi\u00e8re pour soigner en toute s\u00e9curit\u00e9\u00a0; r\u00e9organiser les journ\u00e9es de travail pour \u00e9viter aux assistantes, habitant loin, de prendre les transports aux heures de pointe\u2026 Il faut ainsi visualiser l\u2019encha\u00eenement de toutes les actions r\u00e9alis\u00e9es avant, pendant et apr\u00e8s un rendez-vous pour en identifier les faiblesses potentielles et les solutions \u00e0 pr\u00e9voir en amont. La liste est longue et, \u00e9videmment, \u00e9volue chaque jour.<\/p>\n<p style=\"text-align: justify;\">Cette logistique extr\u00eame, ce r\u00e9am\u00e9nagement minutieux qui se met en place pour une dur\u00e9e ind\u00e9termin\u00e9e et n\u00e9cessite de revoir toutes ses pratiques devrait faire diminuer le niveau d\u2019anxi\u00e9t\u00e9 et de peur. Car, comme le rappelle le politologue Dominique Mo\u00efsi, \u00ab\u00a0vivre sous l&#8217;emprise de la peur, c&rsquo;est non seulement s&rsquo;inqui\u00e9ter du pr\u00e9sent, mais attendre plus de dangers encore du futur.\u00a0La peur est l&rsquo;inverse absolu de l&rsquo;espoir, \u00e9motion dans laquelle le futur ne peut qu&rsquo;\u00eatre plus radieux encore que le pr\u00e9sent\u00a0\u00bb (1). Et j\u2019insiste lourdement en citant \u00e0 nouveau le philosophe Patrick Viveret\u00a0: \u00ab\u00a0Derri\u00e8re tous les ph\u00e9nom\u00e8nes de dominations et de captations, vous trouvez de la peur. Le d\u00e9sir c&rsquo;est le contraire de la sid\u00e9ration. Le premier \u00e9l\u00e9ment, c&rsquo;est de retrouver une \u00e9nergie du d\u00e9sir, c\u2019est-\u00e0-dire une capacit\u00e9 de d\u00e9bloquer l&rsquo;imaginaire qui permette effectivement de redire : \u201coui d&rsquo;autres voies, d&rsquo;autres mondes, sont possibles\u201d. Nous avons besoin de nous remobiliser du c\u00f4t\u00e9 des forces de vie. Et \u00e0 ce moment-l\u00e0, la capacit\u00e9 \u00e0 opposer au couple des mesures \u00ab mal \u00eatre et mal de vivre \u00bb un autre couple qui est celui de la simplicit\u00e9 et de la joie de vivre, devient un acte de r\u00e9sistance politique. Quand les syst\u00e8mes de domination sont fond\u00e9s sur le malheur et sur la maltraitance, choisir d&rsquo;\u00eatre heureux, c&rsquo;est un acte de r\u00e9sistance.\u00a0\u00bb (2) Voil\u00e0,\u00a0c\u2019est clair, net et pr\u00e9cis\u00a0!<\/p>\n<p style=\"text-align: justify;\">Ce qui nous am\u00e8ne au monde de demain, ou plut\u00f4t, puisque l\u00e0 aussi, c\u2019est devenu la formule consacr\u00e9e, \u00ab\u00a0Le Monde D\u2019Apr\u00e8s\u00a0\u00bb, LMDA pour les plus press\u00e9s\u00a0! J\u2019ai l\u2019impression que nous n\u2019avions jamais utilis\u00e9 cette expression auparavant. En tout cas, pas autant, et pas de m\u00e9moire de ma courte vie de quarantenaire. Face \u00e0 un \u00e9v\u00e9nement global tel que celui-ci, cela a \u00e0 la fois du sens \u2013 pour le philosophe Roger Pol-Droit, bien plus \u00e2g\u00e9 que moi donc plus \u00e0 m\u00eame de peser ses mots, \u00ab\u00a0jamais peut-\u00eatre il n\u2019y a eu une exp\u00e9rience intime et mondiale d\u2019une telle ampleur\u00a0\u00bb (3), exp\u00e9rience qui nous rapproche les uns des autres \u2013 et absolument aucun sens \u2013 tout comme il n\u2019y a pas une r\u00e9alit\u00e9 mais des r\u00e9alit\u00e9s, il n\u2019y a pas un monde mais une pluralit\u00e9 de mondes, et je ne pense pas, l\u00e0, \u00e0 celle \u00e9voqu\u00e9e par Guillaume d\u2019Ockham au Moyen-\u00c2ge. Il suffit en effet de r\u00e9aliser \u00e0 quel point chaque pays a v\u00e9cu et vit cette pand\u00e9mie en cours de fa\u00e7on singuli\u00e8re \u2013 selon sa densit\u00e9 de population, son syst\u00e8me de sant\u00e9, sa situation g\u00e9ographique, son r\u00e9gime politique, ses dirigeants, ses habitudes culturelles, peut-\u00eatre m\u00eame son climat, son rapport au pouvoir, sa conscience sociale\u2026 \u2013 pour comprendre que parler d\u2019un monde est r\u00e9ducteur, illusoire et tout autant l\u00e9gitime. Jamais, donc, nous n\u2019avons attendu demain avec autant d\u2019impatience, d\u2019espoir, mais aussi de crainte, ne nous leurrons pas. Par curiosit\u00e9, j\u2019ai lanc\u00e9 une requ\u00eate internet sur la formule \u00ab\u00a0le monde d\u2019apr\u00e8s\u00a0\u00bb (4), entre guillemets pour que l\u2019expression ne soit pas tronqu\u00e9e. R\u00e9sultat\u00a0? 6 720 000 r\u00e9sultats. C\u2019est dire l\u2019engouement pour ce qui se pr\u00e9pare\u00a0! Puis-je l\u2019utiliser comme une sorte de barom\u00e8tre\u00a0? Allez, quelques uns en vrac\u00a0: \u00ab\u00a0La Chine va-t-elle dominer le monde d\u2019apr\u00e8s\u00a0?\u00a0\u00bb, \u00ab\u00a0Et si c\u2019\u00e9tait l\u2019heure de tout r\u00e9inventer\u00a0?\u00a0\u00bb, \u00ab\u00a0Le \u00ab\u00a0monde d\u2019apr\u00e8s\u00a0\u00bb sera-t-il diff\u00e9rent\u00a0?\u00a0\u00bb, \u00ab\u00a0Le \u00ab\u00a0monde d\u2019apr\u00e8s\u00a0\u00bb est repouss\u00e9 \u00e0 plus tard\u2026\u00a0\u00bb, \u00ab\u00a0Ma crainte, c\u2019est que le monde d\u2019apr\u00e8s ressemble au monde d\u2019avant, mais en pire\u00a0\u00bb, \u00ab\u00a0Le monde d\u2019apr\u00e8s aura un go\u00fbt d\u2019ancien monde\u00a0\u00bb, \u00ab\u00a0McDo et le monde d\u2019apr\u00e8s\u00a0\u00bb, \u00ab\u00a0S\u2019inspirer des films pour penser le monde d\u2019apr\u00e8s\u00a0\u00bb, \u00ab\u00a0Inventons ensemble le monde d\u2019apr\u00e8s\u00a0\u00bb, \u00ab\u00a0Mais \u00e0 quoi va ressembler le monde d\u2019apr\u00e8s\u00a0?\u00a0\u00bb, \u00ab\u00a0Le monde d\u2019apr\u00e8s, mais apr\u00e8s quoi\u00a0?\u00a0\u00bb, \u00ab\u00a0Les paradis fiscaux et le monde d\u2019apr\u00e8s\u00a0\u00bb, \u00ab\u00a0Et si le monde d\u2019apr\u00e8s existait d\u00e9j\u00e0 dans le monde d\u2019aujourd\u2019hui\u00a0\u00bb, \u00ab\u00a0Flammarion jeunesse invite les enfants \u00e0 dessiner le monde d\u2019apr\u00e8s\u00a0\u00bb, \u00ab\u00a0Le monde d\u2019apr\u00e8s, c\u2019\u00e9tait mieux avant\u00a0!\u00a0\u00bb, \u00ab\u00a0Une r\u00e9volution \u00e9cologique et sociale pour construire le monde d\u2019apr\u00e8s\u00a0\u00bb, \u00ab\u00a0Le monde d\u2019apr\u00e8s, une illusion\u00a0?\u00a0\u00bb, \u00ab\u00a0Or le monde d\u2019apr\u00e8s sera f\u00e9minis\u00e9 ou ne sera pas\u00a0\u00bb, \u00ab\u00a0Le monde d\u2019apr\u00e8s sera profond\u00e9ment impact\u00e9 par une r\u00e9volution num\u00e9rique\u00a0qui vient tout juste de commencer\u00a0\u00bb, \u00ab\u00a0Le \u00ab\u00a0monde d\u2019apr\u00e8s\u00a0\u00bb n\u2019a jamais \u00e9t\u00e9 aussi proche\u00a0\u00bb, \u00ab\u00a0Nous refusons que le \u00ab\u00a0monde d\u2019apr\u00e8s\u00a0\u00bb se d\u00e9cide dans la bo\u00eete noire institutionnelle\u00a0\u00bb. Et plein d\u2019autres donc&#8230; Tout cela, je me dis, qu\u2019\u00e0 nouveau, ce sont des id\u00e9es, des projections abstraites, des exercices de pens\u00e9e et qu\u2019au fond, il est \u00e9videmment trop t\u00f4t pour savoir.<\/p>\n<p style=\"text-align: justify;\">Et puis, il y a cette consultation, ouverte depuis le 10 avril et jusqu\u2019au 25 mai, que je d\u00e9couvre aujourd\u2019hui, organis\u00e9e conjointement par La Croix-Rouge fran\u00e7aise, le WWF France, Make.org, le Groupe SOS, Unis-Cit\u00e9 et le Mouvement UP qui nous invite \u00ab\u00a0\u00e0 r\u00e9pondre \u00e0 cette question cruciale\u00a0: \u00ab\u00a0Crise Covid-19\u00a0: Comment inventer tous ensemble le monde d\u2019apr\u00e8s\u00a0?\u00a0\u00bb (5). Depuis le 10 avril donc, les gens, nous donc, peuvent faire des propositions sur divers sujets (list\u00e9s par ordre d\u00e9croissant de propositions, ce qui donne aussi une id\u00e9e des priorit\u00e9s des proposants)\u00a0: protection de l\u2019environnement (3903 propositions), alimentation et agriculture, emploi et salaire, transport et mobilit\u00e9, d\u00e9mocratie et institutions, politiques \u00e9conomiques, sant\u00e9, \u00e9coles, emballages et d\u00e9chets, solidarit\u00e9, fiscalit\u00e9 et imp\u00f4ts, \u00e9nergies, Europe, logement, digital et num\u00e9rique, services publics, allocations et aides (100 propositions). Les plus pl\u00e9biscit\u00e9es par les votes seront rassembl\u00e9es dans un Agenda citoyen que les initiateurs de la consultation transmettront \u00e0 qui de droit \u00ab\u00a0pour construire ensemble le monde de l\u2019apr\u00e8s-crise\u00a0\u00bb. D\u00e9velopper l\u2019agro\u00e9cologie et les circuits courts, r\u00e9duire les lumi\u00e8res des villes et \u00e9teindre les enseignes commerciales, tendre vers le z\u00e9ro d\u00e9chet, revoir les possibilit\u00e9s de t\u00e9l\u00e9-travail, relocaliser au maximum les produits de premi\u00e8re n\u00e9cessit\u00e9, garder une ind\u00e9pendance face aux besoins en \u00e9nergie, sant\u00e9, emploi\u00a0; sauver l\u2019h\u00f4pital public\u00a0; \u00e9duquer les enfants d\u00e8s la maternelle avec des programmes sp\u00e9cifiques \u00e0 la protection et \u00e0 la sauvegarde de la vie sur Terre\u00a0sont, pour l\u2019heure, les id\u00e9es les plus populaires. Vous penserez peut-\u00eatre, un peu comme moi par moments, que c\u2019est un peu comme les documentaires, ce type de consultation pr\u00eache des convaincus. Mais, quand bien m\u00eame, il faut bien commencer quelque part. Et m\u00eame si ces propositions restent lettre morte aupr\u00e8s des d\u00e9cideurs \u2013 l\u2019histoire nous a montr\u00e9 qu\u2019il fallait envisager cette possibilit\u00e9 \u2013, ce sont autant d\u2019id\u00e9es qu\u2019\u00e0 petite \u00e9chelle, nous pouvons tenter de mettre en \u0153uvre\u2026 Un peu comme les colibris de Pierre Rabhi, par lequel je conclus aujourd\u2019hui\u00a0: \u00ab\u00a0Si chacun de nous fait le peu qu&rsquo;il peut avec conviction et responsabilit\u00e9, je vous assure que l&rsquo;on fera \u00e9norm\u00e9ment\u00a0\u00bb.<\/p>\n<p>&nbsp;<\/p>\n<ol>\n<li><a href=\"https:\/\/www.institutmontaigne.org\/blog\/le-coronavirus-une-geopolitique-des-peurs\">https:\/\/www.institutmontaigne.org\/blog\/le-coronavirus-une-geopolitique-des-peurs<\/a><\/li>\n<li><a href=\"http:\/\/la-maison-forte.com\/mars-le-droit-detre-heureux\">http:\/\/la-maison-forte.com\/mars-le-droit-detre-heureux<\/a><\/li>\n<li><a href=\"https:\/\/www.rts.ch\/info\/culture\/11192073-pour-le-philosophe-roger-pol-droit-le-coronavirus-est-un-tsunami-mental.html\">https:\/\/www.rts.ch\/info\/culture\/11192073-pour-le-philosophe-roger-pol-droit-le-coronavirus-est-un-tsunami-mental.html<\/a><\/li>\n<li>Pour voir ce qu\u2019il en \u00e9tait du c\u00f4t\u00e9 des non-francophones \u2013 la r\u00e9flexion doit nous occuper aux 4 coins de la plan\u00e8te non\u00a0? \u2013, j\u2019ai cherch\u00e9 l\u2019\u00e9quivalent en anglais du monde d\u2019apr\u00e8s\u2026 D\u2019abord en traduisant litt\u00e9ralement l\u2019expression, mais cela renvoie plut\u00f4t \u00e0 des films post-apocalyptiques, puis en m\u2019en \u00e9loignant un peu. Jusqu\u2019\u00e0 trouver a priori\u00a0: \u00ab\u00a0post-coronavirus world\u00a0\u00bb\u00a0! Une expression que je trouve plus pragmatique, plus cibl\u00e9e, moins philosophique aussi\u2026<\/li>\n<li><a href=\"https:\/\/make.org\/FR-fr\/consultation\/le-monde-dapres\/consultation\">https:\/\/make.org\/FR-fr\/consultation\/le-monde-dapres\/consultation<\/a><\/li>\n<\/ol>\n<div id=\"iLikeThis-22049\" class=\"iLikeThis\"><span class=\"counter\"><a onclick=\"likeThis(22049);\" class=\"image\">4<\/a><\/span><\/div>\n<p><a href=\"http:\/\/www.facebook.com\/share.php?u=http%3A%2F%2Fwww.loucamino.com%2F%3Fp%3D22049&amp;t=Carnet%20de%20confinement%20en%20France%20Jour%2014%20-%20M%C3%AAme%20pas%20peur%20%21\" id=\"facebook_share_both_22049\" style=\"font-size:11px; line-height:13px; font-family:'lucida grande',tahoma,verdana,arial,sans-serif; text-decoration:none; padding:2px 0 0 20px; height:16px; background:url(http:\/\/b.static.ak.fbcdn.net\/images\/share\/facebook_share_icon.gif) no-repeat top left;\">Share on Facebook<\/a><br \/>\n\t<script type=\"text\/javascript\">\n\t<!--\n\tvar button = document.getElementById('facebook_share_link_22049') || document.getElementById('facebook_share_icon_22049') || document.getElementById('facebook_share_both_22049') || document.getElementById('facebook_share_button_22049');\n\tif (button) {\n\t\tbutton.onclick = function(e) {\n\t\t\tvar url = this.href.replace(\/share\\.php\/, 'sharer.php');\n\t\t\twindow.open(url,'sharer','toolbar=0,status=0,width=626,height=436');\n\t\t\treturn false;\n\t\t}\n\t\n\t\tif (button.id === 'facebook_share_button_22049') {\n\t\t\tbutton.onmouseover = function(){\n\t\t\t\tthis.style.color='#fff';\n\t\t\t\tthis.style.borderColor = '#295582';\n\t\t\t\tthis.style.backgroundColor = '#3b5998';\n\t\t\t}\n\t\t\tbutton.onmouseout = function(){\n\t\t\t\tthis.style.color = '#3b5998';\n\t\t\t\tthis.style.borderColor = '#d8dfea';\n\t\t\t\tthis.style.backgroundColor = '#fff';\n\t\t\t}\n\t\t}\n\t}\n\t-->\n\t<\/script><\/p>\n","protected":false},"excerpt":{"rendered":"<p>C\u2019est \u00e9trange, il semblerait que le d\u00e9confinement fasse plus peur que le confinement. Comme si, bien qu\u2019au d\u00e9part, c\u2019est l\u2019enfermement qui nous effrayait, nous avions d\u00e9sormais plus peur d\u2019\u00eatre dehors que dedans. Ou plut\u00f4t, dehors avec les autres. Malgr\u00e9 Aristote, qui proclamait d\u00e9j\u00e0 dans une tr\u00e8s tr\u00e8s lointaine galaxie, que l\u2019homme \u00e9tait un animal social. [&hellip;]<\/p>\n<a href=\"http:\/\/www.facebook.com\/share.php?u=http%3A%2F%2Fwww.loucamino.com%2F%3Fp%3D22049&amp;t=Carnet%20de%20confinement%20en%20France%20Jour%2014%20-%20M%C3%AAme%20pas%20peur%20%21\" id=\"facebook_share_both_22049\" style=\"font-size:11px; line-height:13px; font-family:'lucida grande',tahoma,verdana,arial,sans-serif; text-decoration:none; padding:2px 0 0 20px; height:16px; background:url(http:\/\/b.static.ak.fbcdn.net\/images\/share\/facebook_share_icon.gif) no-repeat top left;\">Share on Facebook<\/a>\r\n\t<script type=\"text\/javascript\">\r\n\t<!--\r\n\tvar button = document.getElementById('facebook_share_link_22049') || document.getElementById('facebook_share_icon_22049') || document.getElementById('facebook_share_both_22049') || document.getElementById('facebook_share_button_22049');\r\n\tif (button) {\r\n\t\tbutton.onclick = function(e) {\r\n\t\t\tvar url = this.href.replace(\/share\\.php\/, 'sharer.php');\r\n\t\t\twindow.open(url,'sharer','toolbar=0,status=0,width=626,height=436');\r\n\t\t\treturn false;\r\n\t\t}\r\n\t\r\n\t\tif (button.id === 'facebook_share_button_22049') {\r\n\t\t\tbutton.onmouseover = function(){\r\n\t\t\t\tthis.style.color='#fff';\r\n\t\t\t\tthis.style.borderColor = '#295582';\r\n\t\t\t\tthis.style.backgroundColor = '#3b5998';\r\n\t\t\t}\r\n\t\t\tbutton.onmouseout = function(){\r\n\t\t\t\tthis.style.color = '#3b5998';\r\n\t\t\t\tthis.style.borderColor = '#d8dfea';\r\n\t\t\t\tthis.style.backgroundColor = '#fff';\r\n\t\t\t}\r\n\t\t}\r\n\t}\r\n\t-->\r\n\t<\/script>\r\n\t","protected":false},"author":1,"featured_media":0,"comment_status":"open","ping_status":"open","sticky":false,"template":"","format":"standard","meta":{"ngg_post_thumbnail":0},"categories":[1,4139],"tags":[4182,4132,4129,4128,4183,276,1776,3204,4131,4136],"_links":{"self":[{"href":"http:\/\/www.loucamino.com\/index.php?rest_route=\/wp\/v2\/posts\/22049"}],"collection":[{"href":"http:\/\/www.loucamino.com\/index.php?rest_route=\/wp\/v2\/posts"}],"about":[{"href":"http:\/\/www.loucamino.com\/index.php?rest_route=\/wp\/v2\/types\/post"}],"author":[{"embeddable":true,"href":"http:\/\/www.loucamino.com\/index.php?rest_route=\/wp\/v2\/users\/1"}],"replies":[{"embeddable":true,"href":"http:\/\/www.loucamino.com\/index.php?rest_route=%2Fwp%2Fv2%2Fcomments&post=22049"}],"version-history":[{"count":1,"href":"http:\/\/www.loucamino.com\/index.php?rest_route=\/wp\/v2\/posts\/22049\/revisions"}],"predecessor-version":[{"id":22052,"href":"http:\/\/www.loucamino.com\/index.php?rest_route=\/wp\/v2\/posts\/22049\/revisions\/22052"}],"wp:attachment":[{"href":"http:\/\/www.loucamino.com\/index.php?rest_route=%2Fwp%2Fv2%2Fmedia&parent=22049"}],"wp:term":[{"taxonomy":"category","embeddable":true,"href":"http:\/\/www.loucamino.com\/index.php?rest_route=%2Fwp%2Fv2%2Fcategories&post=22049"},{"taxonomy":"post_tag","embeddable":true,"href":"http:\/\/www.loucamino.com\/index.php?rest_route=%2Fwp%2Fv2%2Ftags&post=22049"}],"curies":[{"name":"wp","href":"https:\/\/api.w.org\/{rel}","templated":true}]}}