{"id":22008,"date":"2020-04-25T20:12:41","date_gmt":"2020-04-25T18:12:41","guid":{"rendered":"http:\/\/www.loucamino.com\/?p=22008"},"modified":"2020-04-25T20:13:16","modified_gmt":"2020-04-25T18:13:16","slug":"carnet-de-confinement-en-france-jour-3-atterrir","status":"publish","type":"post","link":"http:\/\/www.loucamino.com\/?p=22008","title":{"rendered":"Carnet de confinement en France &#8211; Jour 3 \/ Atterrir"},"content":{"rendered":"<ul class=\"wpsocialite social-buttons large\"><\/ul><p><a href=\"http:\/\/www.loucamino.com\/wp-content\/uploads\/2020\/04\/JCF3_DSC9457-72-site.jpg\"><img loading=\"lazy\" class=\"size-full wp-image-22009 aligncenter\" src=\"http:\/\/www.loucamino.com\/wp-content\/uploads\/2020\/04\/JCF3_DSC9457-72-site.jpg\" alt=\"JCF3_DSC9457-72-site\" width=\"550\" height=\"367\" srcset=\"http:\/\/www.loucamino.com\/wp-content\/uploads\/2020\/04\/JCF3_DSC9457-72-site.jpg 550w, http:\/\/www.loucamino.com\/wp-content\/uploads\/2020\/04\/JCF3_DSC9457-72-site-300x200.jpg 300w\" sizes=\"(max-width: 550px) 100vw, 550px\" \/><\/a><\/p>\n<p style=\"text-align: justify;\">Je suis ici mais je suis aussi l\u00e0-bas. Les onglets de mon navigateur web relatifs au covid-19 en\u00a0Nouvelle Z\u00e9lande sont toujours ouverts. Il y a notamment la page d\u00e9di\u00e9e au virus sur le site du Minist\u00e8re de la Sant\u00e9 qui relaie essentiellement les statistiques du jour\u00a0\u2013 cette crise mondiale nous montre d\u2019ailleurs \u00e0 quel point elles sont un instrument de manipulation politique alors m\u00eame que les chiffres sont sens\u00e9s traduire des faits indiscutables : 5 cas aujourd\u2019hui, dont 4 li\u00e9s \u00e0 un cluster\u00a0; plus que 7 personnes \u00e0 l\u2019h\u00f4pital\u00a0; 1118 personnes gu\u00e9ries sur les 1461 touch\u00e9es\u00a0; 115 015 tests r\u00e9alis\u00e9s\u2026 Cela me r\u00e9jouit de lire \u00e7a.<\/p>\n<p style=\"text-align: justify;\">Je crois que j\u2019aurais aim\u00e9 \u00eatre sur place le jour \u2013 prochain a priori \u2013 o\u00f9, pour la premi\u00e8re fois, la case des nouveaux cas des derni\u00e8res 24h affichera un z\u00e9ro point\u00e9. J\u2019en aurais eu des frissons, car je l\u2019aurais v\u00e9cu comme une victoire collective, celle d\u2019une population unie et disciplin\u00e9e (sans le c\u00f4t\u00e9 p\u00e9joratif associ\u00e9 parfois \u00e0 cet adjectif) et d\u2019un gouvernement rationnel et empathique, sur une menace invisible \u00e0 l\u2019\u0153il nu mais potentiellement ravageuse. J\u2019utilise le conditionnel pass\u00e9 \u2013 soit dit en passant, un temps qui permet d\u2019\u00e9voquer un fait dans le futur, donc pas encore pass\u00e9, qui aurait pu avoir lieu si le pr\u00e9sent, donc ni le pass\u00e9 ni le futur, avait \u00e9t\u00e9 diff\u00e9rent \u2013 mais je pourrai \u00e9videmment suivre tout cela \u00e0 distance et en diff\u00e9r\u00e9 de 10h. Simplement, j\u2019aurai moins la sensation \u2013 et satisfaction \u2013 d\u2019en faire partie. Ce n\u2019est pas grand chose mais j\u2019avais fini par embrasser les slogans efficaces du gouvernement, qui a articul\u00e9 sa communication autour de messages simples et forts, \u00e0 l\u2019instar de son \u00ab\u00a0Stay home. Save lives\u00a0\u00bb diffus\u00e9 partout d\u00e8s le d\u00e9but du confinement il y a un mois. Un message facile \u00e0 comprendre et touchant droit au c\u0153ur\u00a0: \u00e0 contrainte exceptionnelle, effet exceptionnel. Voil\u00e0 qui s\u2019affiche presque comme une illustration de la 3<sup>e<\/sup>loi de Newton, celle d\u2019action \/ r\u00e9action. Quand, dans notre vie, avons-nous r\u00e9ellement l\u2019occasion de sauver d\u2019autres vies aussi facilement\u00a0? Il y a une part de na\u00efvet\u00e9 dans cette approche \u2013 la r\u00e9alit\u00e9 est toujours plus complexe \u2013, j\u2019en ai conscience. Et en m\u00eame temps, si l\u2019on fait le raisonnement inverse, on se rend aussi compte que de nombreux d\u00e9c\u00e8s sont imputables au non respect de cette pr\u00e9caution simple et, mais c\u2019est li\u00e9, \u00e0 cette croyance aussi \u00e9tonnante que commune que cela ne peut pas nous toucher, enfin, me toucher personnellement, et qu\u2019a fortiori, je ne peux \u00eatre vecteur de la mort\u2026 C\u2019est incroyablement compliqu\u00e9\u2026<\/p>\n<p style=\"text-align: justify;\">Sinon, je parcours encore les messages du groupe FB des Fran\u00e7ais en NZ, un peu par embryo-nostalgie et aussi pour suivre la situation sur place. Certains se sont virtuellement r\u00e9unis pour demander un nouveau vol \u00e0 l\u2019Ambassade alors qu\u2019elle a annonc\u00e9 que celui du 21, que nous avons pris donc, \u00e9tait le dernier. D\u2019autres parlent de vols retour initialement pr\u00e9vus d\u00e9but juin qui commencent \u00e0 \u00eatre annul\u00e9s par les compagnies a\u00e9riennes et report\u00e9s automatiquement \u00e0 juillet. Certains se projettent m\u00eame \u00e0 septembre, m\u00eame si, pour l\u2019heure, il n\u2019y a rien d\u2019officiel et que ce sont toujours des rumeurs. Elles sont terribles les rumeurs. D\u2019o\u00f9 \u00e9mergent-elles, les rumeurs\u00a0? Toutes ces informations nous confortent encore plus dans notre d\u00e9cision que, m\u00eame sans elles, nous n\u2019aurions pas regrett\u00e9e.<\/p>\n<p style=\"text-align: justify;\">Je suis ici mais je suis aussi l\u00e0-bas. Dans mon lit, la nuit, au lieu de compter les moutons \u2013 en vrai, je tombe comme une masse \u00e0 22h depuis notre retour \u2013, je refais mentalement le chemin de notre appartement \u00e0 \u00ab\u00a0mon\u00a0\u00bb arbre dans la for\u00eat derri\u00e8re, celui au c\u0153ur duquel j\u2019allais, chaque jour, m\u00e9diter et papoter un peu. Gauche, gauche, gauche, \u00e7a monte sec, gauche, attention au tronc, attention aux racines, \u00e9tait-elle cass\u00e9e cette branche hier\u00a0?, la toile d\u2019araign\u00e9e a disparu, que j\u2019aime ce sol meuble, le voil\u00e0, plus que quelques m\u00e8tres, j\u2019en ai le c\u0153ur nou\u00e9, je m\u2019approche, je le regarde de bas en haut s\u2019\u00e9vader vers l\u2019infini du ciel, contact, connexion, vibration. Il semblerait qu\u2019ainsi accroch\u00e9e, j\u2019aie effray\u00e9 et intrigu\u00e9 plus d\u2019une personne passant par l\u00e0. Est-ce vraiment si \u00e9trange que cela de communier avec un arbre (en silence, je pr\u00e9cise)\u00a0? Surtout, dans un pays o\u00f9 les \u00e9l\u00e9ments sont si pr\u00e9sents et nous appellent autant\u00a0? Je ne sais combien de temps je conserverai une vision aussi fine et fid\u00e8le de cet univers-l\u00e0\u2026 Aussi, pour retarder l\u2019oubli, je l\u2019ai mis dans ma boite \u00e0 lumi\u00e8re. Il me suffit donc de l\u2019ouvrir pour le retrouver. Au moins, visuellement.<\/p>\n<p style=\"text-align: justify;\">Je suis ici mais je suis aussi l\u00e0-bas. Surtout lorsque, comme aujourd\u2019hui, je re\u00e7ois plusieurs messages m\u2019informant de la diffusion d\u2019un documentaire sur la Nouvelle Z\u00e9lande ce soir \u00e0 la t\u00e9l\u00e9vision. Je suis touch\u00e9e de l\u2019intention et me dis que, peut-\u00eatre, certains vont pouvoir d\u00e9couvrir un pays sur lequel ils ne se seraient pas pench\u00e9s sans ce lien amical entre nous. Ceci dit, je ne sais pas si je le regarderai\u2026 Sans doute un jour, pas tout de suite. Le temps de vraiment atterrir et d\u2019\u00eatre enti\u00e8rement ici\u2026<\/p>\n<div id=\"iLikeThis-22008\" class=\"iLikeThis\"><span class=\"counter\"><a onclick=\"likeThis(22008);\" class=\"image\">3<\/a><\/span><\/div>\n<p><a href=\"http:\/\/www.facebook.com\/share.php?u=http%3A%2F%2Fwww.loucamino.com%2F%3Fp%3D22008&amp;t=Carnet%20de%20confinement%20en%20France%20-%20Jour%203%20%2F%20Atterrir\" id=\"facebook_share_both_22008\" style=\"font-size:11px; line-height:13px; font-family:'lucida grande',tahoma,verdana,arial,sans-serif; text-decoration:none; padding:2px 0 0 20px; height:16px; background:url(http:\/\/b.static.ak.fbcdn.net\/images\/share\/facebook_share_icon.gif) no-repeat top left;\">Share on Facebook<\/a><br \/>\n\t<script type=\"text\/javascript\">\n\t<!--\n\tvar button = document.getElementById('facebook_share_link_22008') || document.getElementById('facebook_share_icon_22008') || document.getElementById('facebook_share_both_22008') || document.getElementById('facebook_share_button_22008');\n\tif (button) {\n\t\tbutton.onclick = function(e) {\n\t\t\tvar url = this.href.replace(\/share\\.php\/, 'sharer.php');\n\t\t\twindow.open(url,'sharer','toolbar=0,status=0,width=626,height=436');\n\t\t\treturn false;\n\t\t}\n\t\n\t\tif (button.id === 'facebook_share_button_22008') {\n\t\t\tbutton.onmouseover = function(){\n\t\t\t\tthis.style.color='#fff';\n\t\t\t\tthis.style.borderColor = '#295582';\n\t\t\t\tthis.style.backgroundColor = '#3b5998';\n\t\t\t}\n\t\t\tbutton.onmouseout = function(){\n\t\t\t\tthis.style.color = '#3b5998';\n\t\t\t\tthis.style.borderColor = '#d8dfea';\n\t\t\t\tthis.style.backgroundColor = '#fff';\n\t\t\t}\n\t\t}\n\t}\n\t-->\n\t<\/script><\/p>\n","protected":false},"excerpt":{"rendered":"<p>Je suis ici mais je suis aussi l\u00e0-bas. Les onglets de mon navigateur web relatifs au covid-19 en\u00a0Nouvelle Z\u00e9lande sont toujours ouverts. Il y a notamment la page d\u00e9di\u00e9e au virus sur le site du Minist\u00e8re de la Sant\u00e9 qui relaie essentiellement les statistiques du jour\u00a0\u2013 cette crise mondiale nous montre d\u2019ailleurs \u00e0 quel point [&hellip;]<\/p>\n<a href=\"http:\/\/www.facebook.com\/share.php?u=http%3A%2F%2Fwww.loucamino.com%2F%3Fp%3D22008&amp;t=Carnet%20de%20confinement%20en%20France%20-%20Jour%203%20%2F%20Atterrir\" id=\"facebook_share_both_22008\" style=\"font-size:11px; line-height:13px; font-family:'lucida grande',tahoma,verdana,arial,sans-serif; text-decoration:none; padding:2px 0 0 20px; height:16px; background:url(http:\/\/b.static.ak.fbcdn.net\/images\/share\/facebook_share_icon.gif) no-repeat top left;\">Share on Facebook<\/a>\r\n\t<script type=\"text\/javascript\">\r\n\t<!--\r\n\tvar button = document.getElementById('facebook_share_link_22008') || document.getElementById('facebook_share_icon_22008') || document.getElementById('facebook_share_both_22008') || document.getElementById('facebook_share_button_22008');\r\n\tif (button) {\r\n\t\tbutton.onclick = function(e) {\r\n\t\t\tvar url = this.href.replace(\/share\\.php\/, 'sharer.php');\r\n\t\t\twindow.open(url,'sharer','toolbar=0,status=0,width=626,height=436');\r\n\t\t\treturn false;\r\n\t\t}\r\n\t\r\n\t\tif (button.id === 'facebook_share_button_22008') {\r\n\t\t\tbutton.onmouseover = function(){\r\n\t\t\t\tthis.style.color='#fff';\r\n\t\t\t\tthis.style.borderColor = '#295582';\r\n\t\t\t\tthis.style.backgroundColor = '#3b5998';\r\n\t\t\t}\r\n\t\t\tbutton.onmouseout = function(){\r\n\t\t\t\tthis.style.color = '#3b5998';\r\n\t\t\t\tthis.style.borderColor = '#d8dfea';\r\n\t\t\t\tthis.style.backgroundColor = '#fff';\r\n\t\t\t}\r\n\t\t}\r\n\t}\r\n\t-->\r\n\t<\/script>\r\n\t","protected":false},"author":1,"featured_media":0,"comment_status":"open","ping_status":"open","sticky":false,"template":"","format":"standard","meta":{"ngg_post_thumbnail":0},"categories":[1,4139],"tags":[59,1354,4156,4132,4129,4128,4130,4131,4170,4136,333],"_links":{"self":[{"href":"http:\/\/www.loucamino.com\/index.php?rest_route=\/wp\/v2\/posts\/22008"}],"collection":[{"href":"http:\/\/www.loucamino.com\/index.php?rest_route=\/wp\/v2\/posts"}],"about":[{"href":"http:\/\/www.loucamino.com\/index.php?rest_route=\/wp\/v2\/types\/post"}],"author":[{"embeddable":true,"href":"http:\/\/www.loucamino.com\/index.php?rest_route=\/wp\/v2\/users\/1"}],"replies":[{"embeddable":true,"href":"http:\/\/www.loucamino.com\/index.php?rest_route=%2Fwp%2Fv2%2Fcomments&post=22008"}],"version-history":[{"count":2,"href":"http:\/\/www.loucamino.com\/index.php?rest_route=\/wp\/v2\/posts\/22008\/revisions"}],"predecessor-version":[{"id":22011,"href":"http:\/\/www.loucamino.com\/index.php?rest_route=\/wp\/v2\/posts\/22008\/revisions\/22011"}],"wp:attachment":[{"href":"http:\/\/www.loucamino.com\/index.php?rest_route=%2Fwp%2Fv2%2Fmedia&parent=22008"}],"wp:term":[{"taxonomy":"category","embeddable":true,"href":"http:\/\/www.loucamino.com\/index.php?rest_route=%2Fwp%2Fv2%2Fcategories&post=22008"},{"taxonomy":"post_tag","embeddable":true,"href":"http:\/\/www.loucamino.com\/index.php?rest_route=%2Fwp%2Fv2%2Ftags&post=22008"}],"curies":[{"name":"wp","href":"https:\/\/api.w.org\/{rel}","templated":true}]}}