{"id":22001,"date":"2020-04-24T19:01:01","date_gmt":"2020-04-24T06:01:01","guid":{"rendered":"http:\/\/www.loucamino.com\/?p=22001"},"modified":"2020-04-25T06:11:30","modified_gmt":"2020-04-24T17:11:30","slug":"carnet-de-confinement-en-france-jour-2-lockdown-en-vf","status":"publish","type":"post","link":"http:\/\/www.loucamino.com\/?p=22001","title":{"rendered":"Carnet de confinement en France \/ Jour 2 &#8211; Lockdown en VF"},"content":{"rendered":"<ul class=\"wpsocialite social-buttons large\"><\/ul><p><a href=\"http:\/\/www.loucamino.com\/wp-content\/uploads\/2020\/04\/JCF2_DSC9497-72-site.jpg\"><img loading=\"lazy\" class=\"size-full wp-image-22002 aligncenter\" src=\"http:\/\/www.loucamino.com\/wp-content\/uploads\/2020\/04\/JCF2_DSC9497-72-site.jpg\" alt=\"JCF2_DSC9497-72-site\" width=\"550\" height=\"367\" srcset=\"http:\/\/www.loucamino.com\/wp-content\/uploads\/2020\/04\/JCF2_DSC9497-72-site.jpg 550w, http:\/\/www.loucamino.com\/wp-content\/uploads\/2020\/04\/JCF2_DSC9497-72-site-300x200.jpg 300w\" sizes=\"(max-width: 550px) 100vw, 550px\" \/><\/a><\/p>\n<p style=\"text-align: justify;\">J\u2019ai d\u00fb adapter mon titre pour coller \u00e0 mon actualit\u00e9 g\u00e9ographique\u2026 Pour \u00eatre tout \u00e0 fait exacte, il faudra d\u2019ailleurs que je modifie les 28 pr\u00e9c\u00e9dents en sp\u00e9cifiant \u00ab\u00a0en Nouvelle Z\u00e9lande\u00a0\u00bb avant \u00ab\u00a0confinement\u00a0\u00bb. Je ne sais combien de personnes dans le monde auront eu la chance de le vivre dans deux pays diff\u00e9rents et si diff\u00e9rents l\u2019un de l\u2019autre \u00e0 tous points de vue, mais voil\u00e0 qui me fait sentir un peu sp\u00e9ciale aujourd\u2019hui.<\/p>\n<p style=\"text-align: justify;\">Dans quelques ann\u00e9es, au coin du feu de ma maison en bois nich\u00e9e au c\u0153ur de la for\u00eat, je pourrai raconter aux oiseaux de passage que j\u2019ai travers\u00e9 Le Grand Confinement d\u2019abord en Nouvelle Z\u00e9lande, o\u00f9 le virus a \u00e9t\u00e9 \u00e9limin\u00e9 en un bon mois, pour le finir en France, o\u00f9 il a circul\u00e9 des ann\u00e9es durant, avec et sans masque&#8230; The Great Lockdown, voici donc le nom qui a \u00e9t\u00e9 choisi pour qualifier cette p\u00e9riode particuli\u00e8re, qui signe, selon l\u2019historien J\u00e9r\u00f4me Baschet, le vrai d\u00e9but du 21<sup>e<\/sup>si\u00e8cle (1), au m\u00eame titre que la 1<sup>re<\/sup>guerre mondiale avait, a posteriori, lanc\u00e9 le 20<sup>e<\/sup>si\u00e8cle. Si je comprends bien la logique, un nouveau si\u00e8cle doit commencer par une catastrophe plan\u00e9taire. Voil\u00e0 qui est encourageant\u00a0! Notons qu\u2019entre ces deux \u00e9v\u00e9nements majeurs, les 100 ann\u00e9es sont presque respect\u00e9es. Est-ce \u00e0 dire que les bouleversements \u00e0 l\u2019\u00e9chelle mondiale surviennent \u00e0 une fr\u00e9quence r\u00e9guli\u00e8re\u00a0? Et si oui, qu\u2019ils sont donc pr\u00e9visibles\u00a0?<\/p>\n<p style=\"text-align: justify;\">Etrangement, \u00ab\u00a0Le Grand Confinement\u00a0\u00bb, expression invent\u00e9e par le FMI pour faire \u00e9cho \u00e0 La Grande D\u00e9pression des ann\u00e9es 1930 et \u00e0 La Grande R\u00e9cession post-crise financi\u00e8re de 2008, ne renvoie pas \u00e0 la situation sanitaire mondiale mais \u00e0 la crise \u00e9conomique sans pr\u00e9c\u00e9dent qui d\u00e9coule de cette pand\u00e9mie de coronavirus. C\u2019est une fa\u00e7on tr\u00e8s angl\u00e9e, tr\u00e8s partielle et, en m\u00eame temps, tr\u00e8s r\u00e9v\u00e9latrice de notre \u00e9poque et de \u00ab\u00a0nos\u00a0\u00bb priorit\u00e9s d\u2019aborder cette situation touchant des milliards de personnes, et dont les cons\u00e9quences sont loin de n\u2019\u00eatre qu\u2019\u00e9conomiques.<\/p>\n<p style=\"text-align: justify;\">Toutefois, mon premier r\u00e9flexe en apprenant l\u2019existence de cette d\u00e9nomination a plut\u00f4t \u00e9t\u00e9 de penser, \u00e0 nouveau, aux films d\u2019anticipation. En particulier aux dystopies que j\u2019affectionne depuis de nombreuses ann\u00e9es pour leurs vertus visionnaire et p\u00e9dagogique. Ces films nous plongent dans le chaos d\u00e8s leurs premi\u00e8res minutes, mettent en sc\u00e8ne\u00a0des mondes totalitaires et scl\u00e9ros\u00e9s dans lesquels toute personne sens\u00e9e ne voudrait pas mettre ne serait-ce que le petit orteil gauche. Figure r\u00e9currente de ces fictions dont il fait r\u00e9guli\u00e8rement l\u2019introduction, un montage vid\u00e9o d\u2019images d\u2019archives \u2013 sans doute en partie r\u00e9elles \u2013 montrant, comment, progressivement, la situation \u2013 \u00e9conomique, sociale, politique, sanitaire, \u00e9cologique dans tel pays, sur tel continent, dans le monde entier m\u00eame si \u00e7a ne se dit pas selon l\u2019une de mes anciennes prof de fran\u00e7ais de lyc\u00e9e\u00a0\u2013 a irr\u00e9versiblement d\u00e9g\u00e9n\u00e9r\u00e9, devenant, au bout d\u2019un temps plus ou moins long, totalement incontr\u00f4lable. Un magma d\u2019images saccad\u00e9es, de d\u00e9cha\u00eenement de haine, de mont\u00e9e des in\u00e9galit\u00e9s\u2026 devant expliquer, si ce n\u2019est justifier, a posteriori \u2013 car au pr\u00e9sent, on ne voit pas ou on ne veut pas voir, on ne connecte pas les faits entre eux ou si, mais sans y croire \u2013, l\u2019origine du\u00a0chaos liminaire pr\u00e9sent\u00e9, d\u00e8s lors, comme un \u00e9tat de fait.<\/p>\n<p style=\"text-align: justify;\">Il me semble que nous pourrions, d\u00e8s aujourd\u2019hui et sur la base d\u2019images glan\u00e9es \u00e7a et l\u00e0 dans le monde au cours de ces quatre derniers mois, produire de tels montages, qui, dans ces univers fictionnels, sont rarement suivis d\u2019une embellie. De fait, parfois, nourrie par cette mythologie-l\u00e0 \u2013 qui ne l\u2019est que faussement \u2013, je m\u2019imagine que ce que nous vivons actuellement n\u2019est en fait que le premier \u00e9pisode d\u2019une s\u00e9rie que nous avons d\u00e9j\u00e0 vue mille fois. Le deuxi\u00e8me \u00e9pisode ne se profile d\u00e9j\u00e0 t-il pas \u00e0 l\u2019horizon\u00a0? Il a m\u00eame un nom\u00a0: \u00ab\u00a0La deuxi\u00e8me vague\u00a0\u00bb.<\/p>\n<p style=\"text-align: justify;\">En attendant, je d\u00e9couvre la subtilit\u00e9 des r\u00e8gles du confinement \u00e0 la fran\u00e7aise, et dans le m\u00eame temps, saisis mieux le d\u00e9sarroi \u00e9voqu\u00e9 par certains ces derni\u00e8res semaines, en comprenant, par exemple, que mes promenades quotidiennes \u2013 mon \u00ab\u00a0activit\u00e9 physique\u00a0\u00bb \u2013 ne sont autoris\u00e9es que dans un rayon d\u2019un kilom\u00e8tre au d\u00e9part de mon domicile et pendant 1h, mais que, paradoxalement ou bizarrement, je peux aller faire des courses \u2013 alimentaires, j\u2019ai bien compris\u00a0; de toute fa\u00e7on, en temps normal, je n\u2019ach\u00e8te presque rien d\u2019autre \u2013 bien au-del\u00e0 de ce territoire restreint et sur une dur\u00e9e pouvant d\u00e9passer l\u2019heure\u2026 Que je peux m\u00eame cocher ces deux cases sur une m\u00eame d\u00e9rogation tout en \u00e9tant en r\u00e8gle. Tout d\u2019un coup, j\u2019ai l\u2019impression que le monde s\u2019ouvre un peu plus. Et aussi que tout cela n\u2019est pas tr\u00e8s logique ni coh\u00e9rent, mais \u00e7a, c\u2019est encore autre chose, et je crois en avoir fait le deuil temporairement suite \u00e0 notre exp\u00e9rience n\u00e9o-z\u00e9landaise \u2013 o\u00f9, pour le coup, le pragmatisme primait \u2013 et \u00e0 ce qu\u2019elle nous a permis d\u2019apprendre en vivant cet \u00e9v\u00e9nement depuis un autre point de vue&#8230; Anyway, il ne me reste plus qu\u2019\u00e0 trouver une poissonnerie \u00e0 5 kilom\u00e8tres\u00a0!<\/p>\n<p>&nbsp;<\/p>\n<p>(1) https:\/\/www.lemonde.fr\/idees\/article\/2020\/04\/02\/jerome-baschet-le-xxie-siecle-a-commence-en-2020-avec-l-entree-en-scene-du-covid-19_6035303_3232.html<\/p>\n<div id=\"iLikeThis-22001\" class=\"iLikeThis\"><span class=\"counter\"><a onclick=\"likeThis(22001);\" class=\"image\">3<\/a><\/span><\/div>\n<p><a href=\"http:\/\/www.facebook.com\/share.php?u=http%3A%2F%2Fwww.loucamino.com%2F%3Fp%3D22001&amp;t=Carnet%20de%20confinement%20en%20France%20%2F%20Jour%202%20-%20Lockdown%20en%20VF\" id=\"facebook_share_both_22001\" style=\"font-size:11px; line-height:13px; font-family:'lucida grande',tahoma,verdana,arial,sans-serif; text-decoration:none; padding:2px 0 0 20px; height:16px; background:url(http:\/\/b.static.ak.fbcdn.net\/images\/share\/facebook_share_icon.gif) no-repeat top left;\">Share on Facebook<\/a><br \/>\n\t<script type=\"text\/javascript\">\n\t<!--\n\tvar button = document.getElementById('facebook_share_link_22001') || document.getElementById('facebook_share_icon_22001') || document.getElementById('facebook_share_both_22001') || document.getElementById('facebook_share_button_22001');\n\tif (button) {\n\t\tbutton.onclick = function(e) {\n\t\t\tvar url = this.href.replace(\/share\\.php\/, 'sharer.php');\n\t\t\twindow.open(url,'sharer','toolbar=0,status=0,width=626,height=436');\n\t\t\treturn false;\n\t\t}\n\t\n\t\tif (button.id === 'facebook_share_button_22001') {\n\t\t\tbutton.onmouseover = function(){\n\t\t\t\tthis.style.color='#fff';\n\t\t\t\tthis.style.borderColor = '#295582';\n\t\t\t\tthis.style.backgroundColor = '#3b5998';\n\t\t\t}\n\t\t\tbutton.onmouseout = function(){\n\t\t\t\tthis.style.color = '#3b5998';\n\t\t\t\tthis.style.borderColor = '#d8dfea';\n\t\t\t\tthis.style.backgroundColor = '#fff';\n\t\t\t}\n\t\t}\n\t}\n\t-->\n\t<\/script><\/p>\n","protected":false},"excerpt":{"rendered":"<p>J\u2019ai d\u00fb adapter mon titre pour coller \u00e0 mon actualit\u00e9 g\u00e9ographique\u2026 Pour \u00eatre tout \u00e0 fait exacte, il faudra d\u2019ailleurs que je modifie les 28 pr\u00e9c\u00e9dents en sp\u00e9cifiant \u00ab\u00a0en Nouvelle Z\u00e9lande\u00a0\u00bb avant \u00ab\u00a0confinement\u00a0\u00bb. Je ne sais combien de personnes dans le monde auront eu la chance de le vivre dans deux pays diff\u00e9rents et si [&hellip;]<\/p>\n<a href=\"http:\/\/www.facebook.com\/share.php?u=http%3A%2F%2Fwww.loucamino.com%2F%3Fp%3D22001&amp;t=Carnet%20de%20confinement%20en%20France%20%2F%20Jour%202%20-%20Lockdown%20en%20VF\" id=\"facebook_share_both_22001\" style=\"font-size:11px; line-height:13px; font-family:'lucida grande',tahoma,verdana,arial,sans-serif; text-decoration:none; padding:2px 0 0 20px; height:16px; background:url(http:\/\/b.static.ak.fbcdn.net\/images\/share\/facebook_share_icon.gif) no-repeat top left;\">Share on Facebook<\/a>\r\n\t<script type=\"text\/javascript\">\r\n\t<!--\r\n\tvar button = document.getElementById('facebook_share_link_22001') || document.getElementById('facebook_share_icon_22001') || document.getElementById('facebook_share_both_22001') || document.getElementById('facebook_share_button_22001');\r\n\tif (button) {\r\n\t\tbutton.onclick = function(e) {\r\n\t\t\tvar url = this.href.replace(\/share\\.php\/, 'sharer.php');\r\n\t\t\twindow.open(url,'sharer','toolbar=0,status=0,width=626,height=436');\r\n\t\t\treturn false;\r\n\t\t}\r\n\t\r\n\t\tif (button.id === 'facebook_share_button_22001') {\r\n\t\t\tbutton.onmouseover = function(){\r\n\t\t\t\tthis.style.color='#fff';\r\n\t\t\t\tthis.style.borderColor = '#295582';\r\n\t\t\t\tthis.style.backgroundColor = '#3b5998';\r\n\t\t\t}\r\n\t\t\tbutton.onmouseout = function(){\r\n\t\t\t\tthis.style.color = '#3b5998';\r\n\t\t\t\tthis.style.borderColor = '#d8dfea';\r\n\t\t\t\tthis.style.backgroundColor = '#fff';\r\n\t\t\t}\r\n\t\t}\r\n\t}\r\n\t-->\r\n\t<\/script>\r\n\t","protected":false},"author":1,"featured_media":0,"comment_status":"open","ping_status":"open","sticky":false,"template":"","format":"standard","meta":{"ngg_post_thumbnail":0},"categories":[1,4139],"tags":[4201,4132,4129,4128,4169,4213,457,35,4131,4136],"_links":{"self":[{"href":"http:\/\/www.loucamino.com\/index.php?rest_route=\/wp\/v2\/posts\/22001"}],"collection":[{"href":"http:\/\/www.loucamino.com\/index.php?rest_route=\/wp\/v2\/posts"}],"about":[{"href":"http:\/\/www.loucamino.com\/index.php?rest_route=\/wp\/v2\/types\/post"}],"author":[{"embeddable":true,"href":"http:\/\/www.loucamino.com\/index.php?rest_route=\/wp\/v2\/users\/1"}],"replies":[{"embeddable":true,"href":"http:\/\/www.loucamino.com\/index.php?rest_route=%2Fwp%2Fv2%2Fcomments&post=22001"}],"version-history":[{"count":3,"href":"http:\/\/www.loucamino.com\/index.php?rest_route=\/wp\/v2\/posts\/22001\/revisions"}],"predecessor-version":[{"id":22007,"href":"http:\/\/www.loucamino.com\/index.php?rest_route=\/wp\/v2\/posts\/22001\/revisions\/22007"}],"wp:attachment":[{"href":"http:\/\/www.loucamino.com\/index.php?rest_route=%2Fwp%2Fv2%2Fmedia&parent=22001"}],"wp:term":[{"taxonomy":"category","embeddable":true,"href":"http:\/\/www.loucamino.com\/index.php?rest_route=%2Fwp%2Fv2%2Fcategories&post=22001"},{"taxonomy":"post_tag","embeddable":true,"href":"http:\/\/www.loucamino.com\/index.php?rest_route=%2Fwp%2Fv2%2Ftags&post=22001"}],"curies":[{"name":"wp","href":"https:\/\/api.w.org\/{rel}","templated":true}]}}