{"id":21549,"date":"2018-05-10T22:24:35","date_gmt":"2018-05-10T21:24:35","guid":{"rendered":"http:\/\/www.loucamino.com\/?p=21549"},"modified":"2018-05-11T07:18:55","modified_gmt":"2018-05-11T06:18:55","slug":"le-dos-de-la-cuiller","status":"publish","type":"post","link":"http:\/\/www.loucamino.com\/?p=21549","title":{"rendered":"Le dos de la cuiller"},"content":{"rendered":"<ul class=\"wpsocialite social-buttons large\"><\/ul><p><a href=\"http:\/\/www.loucamino.com\/wp-content\/uploads\/2018\/05\/Tunisie011-72.jpg\"><img loading=\"lazy\" class=\"size-full wp-image-21550 aligncenter\" src=\"http:\/\/www.loucamino.com\/wp-content\/uploads\/2018\/05\/Tunisie011-72.jpg\" alt=\"Le dos de la cuiller\" width=\"550\" height=\"352\" srcset=\"http:\/\/www.loucamino.com\/wp-content\/uploads\/2018\/05\/Tunisie011-72.jpg 550w, http:\/\/www.loucamino.com\/wp-content\/uploads\/2018\/05\/Tunisie011-72-300x192.jpg 300w\" sizes=\"(max-width: 550px) 100vw, 550px\" \/><\/a><\/p>\n<p style=\"text-align: justify;\">Il est 17h, je suis sens\u00e9e faire une sieste, mais je suis contre les siestes. Je n&rsquo;ai bien s\u00fbr rien contre les siestes des autres, mais je suis contre le fait de faire moi-m\u00eame des siestes, m\u00eame si j&rsquo;ai parfaitement conscience qu&rsquo;elles pourraient me faire un grand bien dans un contexte de nuits de plus en plus courtes&#8230; Mais voil\u00e0, j&rsquo;ai toujours assimil\u00e9 la sieste \u00e0 une pure perte de temps, ce qui est plut\u00f4t coh\u00e9rent avec le fait d&rsquo;estimer\u00a0qu&rsquo;il m&rsquo;en manque toujours. Car le temps de cette hypoth\u00e9tique sieste est du temps pendant lequel je pourrais m&rsquo;occuper, faire, fabriquer, cr\u00e9er&#8230;\u00a0Bien s\u00fbr, c&rsquo;est un calcul court-termiste puisque dormir nous permet de nous r\u00e9g\u00e9n\u00e9rer, de r\u00e9cup\u00e9rer physiquement, psychologiquement et intellectuellement &#8211; bref, c&rsquo;est plut\u00f4t utile (et m\u00eame un enjeu de sant\u00e9 public pour les ann\u00e9es \u00e0 venir) -. Mais la raison ne l&#8217;emporte pas toujours&#8230;<\/p>\n<p style=\"text-align: justify;\">Ceci dit, je reste ouverte aux nouvelles exp\u00e9riences susceptibles de me faire changer d&rsquo;avis. Voil\u00e0 donc qu&rsquo;au coin d&rsquo;une grande table en bois brut pos\u00e9e au coeur d&rsquo;une maison chaleureuse, l&rsquo;on me parle de la m\u00e9thode de la petite cuiller, notamment utilis\u00e9e par les pilotes. Intrigu\u00e9e, je questionne. La m\u00e9thode de la petite cuiller se vit au premier degr\u00e9 et l&rsquo;unique ustensile requis est donc&#8230; une petite cuiller. Nous verrons plus tard que nous pouvons \u00e9largir le champ sans perdre le fil. Le postulant \u00e0 la micro-sieste place donc une petite cuiller entre son pouce et son index, et la laisse pendre dans le vide. C&rsquo;est le moment de fermer les yeux et de s&rsquo;autoriser \u00e0 s&rsquo;endormir.<\/p>\n<p style=\"text-align: justify;\">M\u00e9caniquement, au bout de quelque temps &#8211; je ne saurais vous dire exactement combien de minutes, mais cela n&rsquo;alt\u00e8re pas la compr\u00e9hension du ph\u00e9nom\u00e8ne -, notre cobaye entre dans un sommeil l\u00e9ger et ses muscles se rel\u00e2chent. Suite \u00e0 quoi, naturellement, la cuiller lui glisse des doigts, tombe dans un fracas m\u00e9tallique qui le r\u00e9veille brutalement et signe le glas de sa\u00a0sieste, certes courte mais r\u00e9paratrice. CQFD. Je me permets simplement une petite suggestion\u00a0qui para\u00eetra \u00e9vidente \u00e0 tous : pour limiter les risques de transformer cette sieste d&rsquo;une dizaine de minutes en une nuit en avance, il est vivement conseill\u00e9 de poser son coude sur une surface dure, du bois, du carrelage, du m\u00e9tal, du verre, et d&rsquo;\u00e9viter tout lit, fauteuil, canap\u00e9 qui amortiraient totalement\u00a0le bruit de la chute de la cuiller. Bien \u00e9videmment, la m\u00e9thode la cuiller fonctionne \u00e9galement avec un stylo, un livre, un portable, un verre, un pot de fleurs. Et j&rsquo;oserais m\u00eame dire, si vous n&rsquo;avez rien de tout cela sous la main, avec la t\u00eate. Combien de fois, en effet, ultime trahison d&rsquo;un terrible ennui ou d&rsquo;une fatigue cors\u00e9e,\u00a0vous\u00a0\u00eates-vous r\u00e9veill\u00e9 en sursaut\u00a0suite \u00e0 la chute inopin\u00e9e de votre\u00a0t\u00eate lourde et endormie ?<\/p>\n<div id=\"iLikeThis-21549\" class=\"iLikeThis\"><span class=\"counter\"><a onclick=\"likeThis(21549);\" class=\"image\">5<\/a><\/span><\/div>\n<p><a href=\"http:\/\/www.facebook.com\/share.php?u=http%3A%2F%2Fwww.loucamino.com%2F%3Fp%3D21549&amp;t=Le%20dos%20de%20la%20cuiller%20\" id=\"facebook_share_both_21549\" style=\"font-size:11px; line-height:13px; font-family:'lucida grande',tahoma,verdana,arial,sans-serif; text-decoration:none; padding:2px 0 0 20px; height:16px; background:url(http:\/\/b.static.ak.fbcdn.net\/images\/share\/facebook_share_icon.gif) no-repeat top left;\">Share on Facebook<\/a><br \/>\n\t<script type=\"text\/javascript\">\n\t<!--\n\tvar button = document.getElementById('facebook_share_link_21549') || document.getElementById('facebook_share_icon_21549') || document.getElementById('facebook_share_both_21549') || document.getElementById('facebook_share_button_21549');\n\tif (button) {\n\t\tbutton.onclick = function(e) {\n\t\t\tvar url = this.href.replace(\/share\\.php\/, 'sharer.php');\n\t\t\twindow.open(url,'sharer','toolbar=0,status=0,width=626,height=436');\n\t\t\treturn false;\n\t\t}\n\t\n\t\tif (button.id === 'facebook_share_button_21549') {\n\t\t\tbutton.onmouseover = function(){\n\t\t\t\tthis.style.color='#fff';\n\t\t\t\tthis.style.borderColor = '#295582';\n\t\t\t\tthis.style.backgroundColor = '#3b5998';\n\t\t\t}\n\t\t\tbutton.onmouseout = function(){\n\t\t\t\tthis.style.color = '#3b5998';\n\t\t\t\tthis.style.borderColor = '#d8dfea';\n\t\t\t\tthis.style.backgroundColor = '#fff';\n\t\t\t}\n\t\t}\n\t}\n\t-->\n\t<\/script><\/p>\n","protected":false},"excerpt":{"rendered":"<p>Il est 17h, je suis sens\u00e9e faire une sieste, mais je suis contre les siestes. Je n&rsquo;ai bien s\u00fbr rien contre les siestes des autres, mais je suis contre le fait de faire moi-m\u00eame des siestes, m\u00eame si j&rsquo;ai parfaitement conscience qu&rsquo;elles pourraient me faire un grand bien dans un contexte de nuits de plus [&hellip;]<\/p>\n<a href=\"http:\/\/www.facebook.com\/share.php?u=http%3A%2F%2Fwww.loucamino.com%2F%3Fp%3D21549&amp;t=Le%20dos%20de%20la%20cuiller%20\" id=\"facebook_share_both_21549\" style=\"font-size:11px; line-height:13px; font-family:'lucida grande',tahoma,verdana,arial,sans-serif; text-decoration:none; padding:2px 0 0 20px; height:16px; background:url(http:\/\/b.static.ak.fbcdn.net\/images\/share\/facebook_share_icon.gif) no-repeat top left;\">Share on Facebook<\/a>\r\n\t<script type=\"text\/javascript\">\r\n\t<!--\r\n\tvar button = document.getElementById('facebook_share_link_21549') || document.getElementById('facebook_share_icon_21549') || document.getElementById('facebook_share_both_21549') || document.getElementById('facebook_share_button_21549');\r\n\tif (button) {\r\n\t\tbutton.onclick = function(e) {\r\n\t\t\tvar url = this.href.replace(\/share\\.php\/, 'sharer.php');\r\n\t\t\twindow.open(url,'sharer','toolbar=0,status=0,width=626,height=436');\r\n\t\t\treturn false;\r\n\t\t}\r\n\t\r\n\t\tif (button.id === 'facebook_share_button_21549') {\r\n\t\t\tbutton.onmouseover = function(){\r\n\t\t\t\tthis.style.color='#fff';\r\n\t\t\t\tthis.style.borderColor = '#295582';\r\n\t\t\t\tthis.style.backgroundColor = '#3b5998';\r\n\t\t\t}\r\n\t\t\tbutton.onmouseout = function(){\r\n\t\t\t\tthis.style.color = '#3b5998';\r\n\t\t\t\tthis.style.borderColor = '#d8dfea';\r\n\t\t\t\tthis.style.backgroundColor = '#fff';\r\n\t\t\t}\r\n\t\t}\r\n\t}\r\n\t-->\r\n\t<\/script>\r\n\t","protected":false},"author":1,"featured_media":0,"comment_status":"open","ping_status":"open","sticky":false,"template":"","format":"standard","meta":{"ngg_post_thumbnail":0},"categories":[1],"tags":[2378,511,2255,2039,3995,1051,2369,128,76,3994,846,79],"_links":{"self":[{"href":"http:\/\/www.loucamino.com\/index.php?rest_route=\/wp\/v2\/posts\/21549"}],"collection":[{"href":"http:\/\/www.loucamino.com\/index.php?rest_route=\/wp\/v2\/posts"}],"about":[{"href":"http:\/\/www.loucamino.com\/index.php?rest_route=\/wp\/v2\/types\/post"}],"author":[{"embeddable":true,"href":"http:\/\/www.loucamino.com\/index.php?rest_route=\/wp\/v2\/users\/1"}],"replies":[{"embeddable":true,"href":"http:\/\/www.loucamino.com\/index.php?rest_route=%2Fwp%2Fv2%2Fcomments&post=21549"}],"version-history":[{"count":4,"href":"http:\/\/www.loucamino.com\/index.php?rest_route=\/wp\/v2\/posts\/21549\/revisions"}],"predecessor-version":[{"id":21554,"href":"http:\/\/www.loucamino.com\/index.php?rest_route=\/wp\/v2\/posts\/21549\/revisions\/21554"}],"wp:attachment":[{"href":"http:\/\/www.loucamino.com\/index.php?rest_route=%2Fwp%2Fv2%2Fmedia&parent=21549"}],"wp:term":[{"taxonomy":"category","embeddable":true,"href":"http:\/\/www.loucamino.com\/index.php?rest_route=%2Fwp%2Fv2%2Fcategories&post=21549"},{"taxonomy":"post_tag","embeddable":true,"href":"http:\/\/www.loucamino.com\/index.php?rest_route=%2Fwp%2Fv2%2Ftags&post=21549"}],"curies":[{"name":"wp","href":"https:\/\/api.w.org\/{rel}","templated":true}]}}