{"id":21468,"date":"2018-04-25T23:01:09","date_gmt":"2018-04-25T22:01:09","guid":{"rendered":"http:\/\/www.loucamino.com\/?p=21468"},"modified":"2018-04-25T23:08:25","modified_gmt":"2018-04-25T22:08:25","slug":"tic-tac-tic-tac-verbal","status":"publish","type":"post","link":"http:\/\/www.loucamino.com\/?p=21468","title":{"rendered":"Tic tac tic tac verbal"},"content":{"rendered":"<ul class=\"wpsocialite social-buttons large\"><\/ul><p style=\"text-align: center;\"><a href=\"http:\/\/www.loucamino.com\/wp-content\/uploads\/2018\/04\/DSC7010-72.jpg\"><img loading=\"lazy\" class=\"alignnone size-full wp-image-21469\" src=\"http:\/\/www.loucamino.com\/wp-content\/uploads\/2018\/04\/DSC7010-72.jpg\" alt=\"Les tics\" width=\"550\" height=\"367\" srcset=\"http:\/\/www.loucamino.com\/wp-content\/uploads\/2018\/04\/DSC7010-72.jpg 550w, http:\/\/www.loucamino.com\/wp-content\/uploads\/2018\/04\/DSC7010-72-300x200.jpg 300w\" sizes=\"(max-width: 550px) 100vw, 550px\" \/><\/a><\/p>\n<p style=\"text-align: justify;\">\u00ab\u00a0Nous sommes malades de notre rapport au temps\u00a0\u00bb annon\u00e7ait\u00a0r\u00e9cemment l&rsquo;historien J\u00e9r\u00f4me Baschet dans un entretien accord\u00e9 \u00e0 la tr\u00e8s recommandable revue\u00a0<a title=\"Nous sommes malades de notre rapport au temps\" href=\"https:\/\/usbeketrica.com\/article\/nous-sommes-malades-de-notre-rapport-au-temps\" target=\"_blank\">Usbek&amp;Rica<\/a>.\u00a0Je\u00a0ne peux qu&rsquo;abonder dans son sens et ces pages sont d&rsquo;ailleurs remplies de sympt\u00f4mes\u00a0relatifs aux\u00a0diverses\u00a0pathologies temporelles que je collectionne\u00a0depuis des ann\u00e9es (en plus des <a title=\"Collectionneur par procuration\" href=\"http:\/\/www.loucamino.com\/?p=20542\" target=\"_blank\">\u00e9l\u00e9phants<\/a>\u00a0et des <a title=\"Le collection'air\" href=\"http:\/\/www.loucamino.com\/?p=4838\" target=\"_blank\">bouteilles d&rsquo;air<\/a>). L&rsquo;autre jour par exemple, j&rsquo;ai r\u00e9ussi \u00e0 me convaincre de regarder une conf\u00e9rence retransmise en ligne et\u00a0en direct sur le recours \u00e0 la fiction comme facteur lib\u00e9rateur de l&rsquo;innovation. La salle \u00e9tait compl\u00e8te, c&rsquo;\u00e9tait l&rsquo;alternative propos\u00e9e par les organisateurs.\u00a0Etrangement, je trouve qu&rsquo;assister \u00e0 une conf\u00e9rence physiquement est tr\u00e8s diff\u00e9rent de la suivre en live\u00a0derri\u00e8re son \u00e9cran. C&rsquo;est comme si le temps ne s&rsquo;\u00e9coulait\u00a0pas de la m\u00eame mani\u00e8re selon que l&rsquo;on se trouve d&rsquo;un c\u00f4t\u00e9 ou de l&rsquo;autre, selon que l&rsquo;on est dans le m\u00eame espace que les orateurs et le public ou pas, que le corps est impliqu\u00e9 ou pas. Et voil\u00e0 donc qu&rsquo;au bout de quelques minutes \u00e0 les \u00e9couter, j&rsquo;ai eu envie d&rsquo;aller au sujet suivant, en somme, d&rsquo;acc\u00e9l\u00e9rer le r\u00e9el&#8230; J&rsquo;ai bien conscience que c&rsquo;\u00e9tait en partie li\u00e9 \u00e0 cet \u00e9cran \u00e9cran (ce n&rsquo;est pas une faute), inhabituel pour du temps r\u00e9el, mais sur le moment, j&rsquo;ai vraiment cru que c&rsquo;\u00e9tait possible.<\/p>\n<p style=\"text-align: justify;\">J&rsquo;ai de fait\u00a0d\u00e9croch\u00e9 pour imaginer\u00a0une\u00a0vie au temps objectivement et r\u00e9ellement \u00e9lastique. Ind\u00e9pendamment donc de toute subjectivit\u00e9 scotch\u00e9e\u00a0au temps qui passe et qui est propre \u00e0 l&rsquo;histoire de chacun. Une vie o\u00f9 l&rsquo;on pourrait choisir d&rsquo;acc\u00e9l\u00e9rer le temps certes, mais aussi le ralentir, la journ\u00e9e devant toutefois toujours faire 24h. Evidemment, cela pose d&rsquo;insondables\u00a0questions et la premi\u00e8re me venant \u00e0 l&rsquo;esprit concerne tout simplement le cours du temps car celui qui choisit de l&rsquo;acc\u00e9l\u00e9rer ne peut revenir en arri\u00e8re comme on le fait avec une vieille VHS (ou une vid\u00e9o YouTube si vous\u00a0pr\u00e9f\u00e9rez). Comment peut-il alors s&rsquo;assurer qu&rsquo;il n&rsquo;a pas manqu\u00e9 quelque chose d&rsquo;important dans sa vie, une rencontre qui changerait tout, un rayon de soleil qui illuminerait sa journ\u00e9e, le d\u00e9but d&rsquo;une action qu&rsquo;il prendrait alors en cours sans en conna\u00eetre les tenants et les aboutissants ? Et de quoi est\u00a0compos\u00e9 ce temps acc\u00e9l\u00e9r\u00e9 ? D&rsquo;un futur condens\u00e9 ? Cela signifierait-il alors que tout est \u00e9crit, que le futur existe d\u00e9j\u00e0 et que nous ne faisons qu&rsquo;aller \u00e0 sa rencontre seconde apr\u00e8s seconde ? Et si quoi qu&rsquo;il en soit, la journ\u00e9e doit toujours faire 24h et pas une minute de plus ou de moins, acc\u00e9l\u00e9rer le temps \u00e0 un moment\u00a0suppose de\u00a0le ralentir d&rsquo;autant \u00e0 un autre pour compenser&#8230; Cela devient sacr\u00e9ment compliqu\u00e9 tout d&rsquo;un coup. Comment en effet choisir la p\u00e9riode de temps \u00e0 dilater sans savoir de quoi elle serait faite avec un temps s&rsquo;\u00e9coulant \u00ab\u00a0normalement\u00a0\u00bb\u00a0?<\/p>\n<p style=\"text-align: justify;\">Cet\u00a0exercice de pens\u00e9e un peu vain\u00a0me convainc cependant qu&rsquo;il est bien plus sain &#8211; voire simple &#8211; de vivre au pr\u00e9sent&#8230; Ce qui n&rsquo;est pas rien. Je me reconnecte au direct, encore quelques secondes et je r\u00e9ussirai \u00e0 nouveau \u00e0 discriminer chaque son. Voil\u00e0, je les entends distinctement. Et je r\u00e9alise \u00e0 cet instant\u00a0qu&rsquo;\u00eatre sportif doit certainement \u00eatre un crit\u00e8re cl\u00e9 pour\u00a0participer \u00e0 une conf\u00e9rence tant ils passent leur temps \u00e0 rebondir les uns et les autres sur leurs propos respectifs&#8230; O\u00f9 est le bouton stop d\u00e9j\u00e0 ?<\/p>\n<div id=\"iLikeThis-21468\" class=\"iLikeThis\"><span class=\"counter\"><a onclick=\"likeThis(21468);\" class=\"image\">4<\/a><\/span><\/div>\n<p><a href=\"http:\/\/www.facebook.com\/share.php?u=http%3A%2F%2Fwww.loucamino.com%2F%3Fp%3D21468&amp;t=Tic%20tac%20tic%20tac%20verbal\" id=\"facebook_share_both_21468\" style=\"font-size:11px; line-height:13px; font-family:'lucida grande',tahoma,verdana,arial,sans-serif; text-decoration:none; padding:2px 0 0 20px; height:16px; background:url(http:\/\/b.static.ak.fbcdn.net\/images\/share\/facebook_share_icon.gif) no-repeat top left;\">Share on Facebook<\/a><br \/>\n\t<script type=\"text\/javascript\">\n\t<!--\n\tvar button = document.getElementById('facebook_share_link_21468') || document.getElementById('facebook_share_icon_21468') || document.getElementById('facebook_share_both_21468') || document.getElementById('facebook_share_button_21468');\n\tif (button) {\n\t\tbutton.onclick = function(e) {\n\t\t\tvar url = this.href.replace(\/share\\.php\/, 'sharer.php');\n\t\t\twindow.open(url,'sharer','toolbar=0,status=0,width=626,height=436');\n\t\t\treturn false;\n\t\t}\n\t\n\t\tif (button.id === 'facebook_share_button_21468') {\n\t\t\tbutton.onmouseover = function(){\n\t\t\t\tthis.style.color='#fff';\n\t\t\t\tthis.style.borderColor = '#295582';\n\t\t\t\tthis.style.backgroundColor = '#3b5998';\n\t\t\t}\n\t\t\tbutton.onmouseout = function(){\n\t\t\t\tthis.style.color = '#3b5998';\n\t\t\t\tthis.style.borderColor = '#d8dfea';\n\t\t\t\tthis.style.backgroundColor = '#fff';\n\t\t\t}\n\t\t}\n\t}\n\t-->\n\t<\/script><\/p>\n","protected":false},"excerpt":{"rendered":"<p>\u00ab\u00a0Nous sommes malades de notre rapport au temps\u00a0\u00bb annon\u00e7ait\u00a0r\u00e9cemment l&rsquo;historien J\u00e9r\u00f4me Baschet dans un entretien accord\u00e9 \u00e0 la tr\u00e8s recommandable revue\u00a0Usbek&amp;Rica.\u00a0Je\u00a0ne peux qu&rsquo;abonder dans son sens et ces pages sont d&rsquo;ailleurs remplies de sympt\u00f4mes\u00a0relatifs aux\u00a0diverses\u00a0pathologies temporelles que je collectionne\u00a0depuis des ann\u00e9es (en plus des \u00e9l\u00e9phants\u00a0et des bouteilles d&rsquo;air). L&rsquo;autre jour par exemple, j&rsquo;ai r\u00e9ussi \u00e0 [&hellip;]<\/p>\n<a href=\"http:\/\/www.facebook.com\/share.php?u=http%3A%2F%2Fwww.loucamino.com%2F%3Fp%3D21468&amp;t=Tic%20tac%20tic%20tac%20verbal\" id=\"facebook_share_both_21468\" style=\"font-size:11px; line-height:13px; font-family:'lucida grande',tahoma,verdana,arial,sans-serif; text-decoration:none; padding:2px 0 0 20px; height:16px; background:url(http:\/\/b.static.ak.fbcdn.net\/images\/share\/facebook_share_icon.gif) no-repeat top left;\">Share on Facebook<\/a>\r\n\t<script type=\"text\/javascript\">\r\n\t<!--\r\n\tvar button = document.getElementById('facebook_share_link_21468') || document.getElementById('facebook_share_icon_21468') || document.getElementById('facebook_share_both_21468') || document.getElementById('facebook_share_button_21468');\r\n\tif (button) {\r\n\t\tbutton.onclick = function(e) {\r\n\t\t\tvar url = this.href.replace(\/share\\.php\/, 'sharer.php');\r\n\t\t\twindow.open(url,'sharer','toolbar=0,status=0,width=626,height=436');\r\n\t\t\treturn false;\r\n\t\t}\r\n\t\r\n\t\tif (button.id === 'facebook_share_button_21468') {\r\n\t\t\tbutton.onmouseover = function(){\r\n\t\t\t\tthis.style.color='#fff';\r\n\t\t\t\tthis.style.borderColor = '#295582';\r\n\t\t\t\tthis.style.backgroundColor = '#3b5998';\r\n\t\t\t}\r\n\t\t\tbutton.onmouseout = function(){\r\n\t\t\t\tthis.style.color = '#3b5998';\r\n\t\t\t\tthis.style.borderColor = '#d8dfea';\r\n\t\t\t\tthis.style.backgroundColor = '#fff';\r\n\t\t\t}\r\n\t\t}\r\n\t}\r\n\t-->\r\n\t<\/script>\r\n\t","protected":false},"author":1,"featured_media":0,"comment_status":"open","ping_status":"open","sticky":false,"template":"","format":"standard","meta":{"ngg_post_thumbnail":0},"categories":[1],"tags":[31,605,367,1056,3959,3487,388,570,4203,3957,387,30,366,3955,3956,656,1856,64,143,3594,3958,240,313],"_links":{"self":[{"href":"http:\/\/www.loucamino.com\/index.php?rest_route=\/wp\/v2\/posts\/21468"}],"collection":[{"href":"http:\/\/www.loucamino.com\/index.php?rest_route=\/wp\/v2\/posts"}],"about":[{"href":"http:\/\/www.loucamino.com\/index.php?rest_route=\/wp\/v2\/types\/post"}],"author":[{"embeddable":true,"href":"http:\/\/www.loucamino.com\/index.php?rest_route=\/wp\/v2\/users\/1"}],"replies":[{"embeddable":true,"href":"http:\/\/www.loucamino.com\/index.php?rest_route=%2Fwp%2Fv2%2Fcomments&post=21468"}],"version-history":[{"count":3,"href":"http:\/\/www.loucamino.com\/index.php?rest_route=\/wp\/v2\/posts\/21468\/revisions"}],"predecessor-version":[{"id":21472,"href":"http:\/\/www.loucamino.com\/index.php?rest_route=\/wp\/v2\/posts\/21468\/revisions\/21472"}],"wp:attachment":[{"href":"http:\/\/www.loucamino.com\/index.php?rest_route=%2Fwp%2Fv2%2Fmedia&parent=21468"}],"wp:term":[{"taxonomy":"category","embeddable":true,"href":"http:\/\/www.loucamino.com\/index.php?rest_route=%2Fwp%2Fv2%2Fcategories&post=21468"},{"taxonomy":"post_tag","embeddable":true,"href":"http:\/\/www.loucamino.com\/index.php?rest_route=%2Fwp%2Fv2%2Ftags&post=21468"}],"curies":[{"name":"wp","href":"https:\/\/api.w.org\/{rel}","templated":true}]}}