{"id":19226,"date":"2015-05-19T23:56:29","date_gmt":"2015-05-19T22:56:29","guid":{"rendered":"http:\/\/www.loucamino.com\/?p=19226"},"modified":"2015-05-20T08:14:07","modified_gmt":"2015-05-20T07:14:07","slug":"depuis-la-nuit-des-temps","status":"publish","type":"post","link":"http:\/\/www.loucamino.com\/?p=19226","title":{"rendered":"Depuis la nuit des temps"},"content":{"rendered":"<ul class=\"wpsocialite social-buttons large\"><\/ul><p><a href=\"http:\/\/www.loucamino.com\/wp-content\/uploads\/2015\/05\/DSC_8751-1_72.jpg\"><img loading=\"lazy\" class=\"size-full wp-image-19228 aligncenter\" src=\"http:\/\/www.loucamino.com\/wp-content\/uploads\/2015\/05\/DSC_8751-1_72.jpg\" alt=\"Depuis la nuit des temps\" width=\"550\" height=\"368\" srcset=\"http:\/\/www.loucamino.com\/wp-content\/uploads\/2015\/05\/DSC_8751-1_72.jpg 550w, http:\/\/www.loucamino.com\/wp-content\/uploads\/2015\/05\/DSC_8751-1_72-300x200.jpg 300w\" sizes=\"(max-width: 550px) 100vw, 550px\" \/><\/a><\/p>\n<p style=\"text-align: justify;\">Cela fait bien longtemps que je souhaite vous parler d&rsquo;elle, et, par ricochet, du temps. De lui, en r\u00e9alit\u00e9, j&rsquo;en parle tout le temps&#8230; \u00ab\u00a0Depuis la nuit des temps\u00a0\u00bb donc &#8211; environ 492 000 occurrences en 0,38 seconde dans un moteur de recherche dont l&rsquo;ambition est de vous prouver qu&rsquo;il peut r\u00e9pondre \u00e0 toutes vos questions en un rien de temps, et m\u00eame moins que \u00e7a &#8211; fait partie de ces expressions l\u00e9g\u00e8rement sur-\u00e9valu\u00e9es \u00e0 mes yeux et un brin d\u00e9magogues. Elle est sublime, ind\u00e9niablement po\u00e9tique en plus de nous transporter dans les \u00ab\u00a0confins des sph\u00e8res \u00e9toil\u00e9es\u00a0\u00bb chers \u00e0 Baudelaire, mais enfin, la nuit des temps, concr\u00e8tement, c&rsquo;est quand ?<\/p>\n<p style=\"text-align: justify;\">Je vous taquine&#8230; J&rsquo;ai bien conscience que ces quelques mots font \u00e9cho \u00e0 un \u00e9v\u00e9nement, une action, un comportement qui se reproduit et perdure depuis tr\u00e8s tr\u00e8s longtemps, si longtemps en fait, que nous avons l&rsquo;impression qu&rsquo;il ou elle existe depuis toujours. C&rsquo;est-\u00e0-dire, quoi, 14 milliards d&rsquo;ann\u00e9es ? Une vision bien r\u00e9ductrice de l&rsquo;univers qui laisse entendre qu&rsquo;il n&rsquo;y avait rien avant le Big Bang, ce qui rel\u00e8ve du m\u00eame anthropocentrisme que de penser que nous sommes seuls dans cet incommensurable univers, m\u00eame si, dans les deux cas, nous n&rsquo;en savons fichtrement rien. Par ailleurs, cette impression de permanence induit aussi que le temps a lui-m\u00eame toujours exist\u00e9&#8230; alors m\u00eame que les th\u00e9ories de la relativit\u00e9 restreinte puis g\u00e9n\u00e9rale ont conduit Albert Einstein &#8211; dont, petite parenth\u00e8se, le cerveau a \u00e9t\u00e9 pr\u00e9lev\u00e9, <a title=\"Sciences et Avenir : le cerveau d'Einstein\" href=\"http:\/\/www.sciencesetavenir.fr\/decryptage\/20131008.OBS0223\/la-saga-du-cerveau-d-einstein.html\" target=\"_blank\">subtilis\u00e9 et cach\u00e9 des ann\u00e9es durant<\/a> par le Dr Thomas Harvey, le m\u00e9decin l\u00e9giste qui avait proc\u00e9d\u00e9 \u00e0 son autopsie, post-mortem je pr\u00e9cise, et qui croyait y trouver les stigmates de son incroyable intelligence &#8211; \u00e0 d\u00e9clarer que le temps n&rsquo;existait pas en tant que tel, c&rsquo;est-\u00e0-dire ind\u00e9pendamment de l&rsquo;espace. D&rsquo;o\u00f9 la cons\u00e9cration du nouveau couple espace-temps. Je vous rassure imm\u00e9diatement, cela ne remet absolument pas en question la r\u00e9alit\u00e9 des rendez-vous que vous avez pris pour demain matin, ni celle, moins glorieuse, de vos retards r\u00e9currents.<\/p>\n<p style=\"text-align: justify;\">Le plus d\u00e9concertant reste d&rsquo;\u00eatre obs\u00e9d\u00e9 &#8211; et je p\u00e8se mes mots : la perception du temps qui passe peut \u00eatre une obsession, m\u00eame si c&rsquo;est inexact d&rsquo;en parler en ces termes, car le temps lui-m\u00eame a toujours la m\u00eame dur\u00e9e, c&rsquo;est simplement la fa\u00e7on dont nous utilisons cette dur\u00e9e qui \u00e9volue et cr\u00e9e cette impression de temps qui s&rsquo;acc\u00e9l\u00e8re &#8211; par \u00ab\u00a0quelque chose\u00a0\u00bb, une entit\u00e9 impalpable, invisible, inodore, silencieuse qui n&rsquo;existe pas \u00ab\u00a0en vrai\u00a0\u00bb. Mais encore faudrait-il ensuite s&rsquo;assurer de ce qu&rsquo;est le vrai. Difficile d&rsquo;en sortir indemne&#8230;<\/p>\n<p style=\"text-align: justify;\">Revenons donc \u00e0 nos moutons. Ceux que l&rsquo;on compte le soir dans l&rsquo;espoir de s&rsquo;endormir plus rapidement. Cette m\u00e9thode a d&rsquo;ailleurs un petit quelque chose de surann\u00e9 en 2015, puisque, comme partout sur cette Terre, les populations ont op\u00e9r\u00e9 une profonde translation des campagnes vers les villes, o\u00f9, comme chacun sait, nous avons plus de probabilit\u00e9 de croiser les moutons d\u00e9bit\u00e9s dans des barquettes sous film plastique que b\u00ealant dans des champs qui ne sont plus qu&rsquo;un vaste souvenir. Imaginez un peu le cauchemar : une c\u00f4te, deux c\u00f4tes, trois c\u00f4tes&#8230; Pas tr\u00e8s convaincant pour trouver le sommeil ! Et finalement, cette expression renvoie elle-m\u00eame \u00e0 des temps lointains, moins urbains, o\u00f9 compter les moutons avait un sens&#8230; Mais faisons fi des bouleversements plan\u00e9taires et autres redistributions humaines&#8230; Que nous ne soyons plus entour\u00e9s de moutons n&rsquo;a pas de r\u00e9elle importance, c&rsquo;est une image. Ce qui lui suffit amplement \u00e0 g\u00e9n\u00e9rer l&rsquo;effet escompt\u00e9. La preuve ? Depuis, la nuit d\u00e9tend.<\/p>\n<div id=\"iLikeThis-19226\" class=\"iLikeThis\"><span class=\"counter\"><a onclick=\"likeThis(19226);\" class=\"image\">5<\/a><\/span><\/div>\n<p><a href=\"http:\/\/www.facebook.com\/share.php?u=http%3A%2F%2Fwww.loucamino.com%2F%3Fp%3D19226&amp;t=Depuis%20la%20nuit%20des%20temps\" id=\"facebook_share_both_19226\" style=\"font-size:11px; line-height:13px; font-family:'lucida grande',tahoma,verdana,arial,sans-serif; text-decoration:none; padding:2px 0 0 20px; height:16px; background:url(http:\/\/b.static.ak.fbcdn.net\/images\/share\/facebook_share_icon.gif) no-repeat top left;\">Share on Facebook<\/a><br \/>\n\t<script type=\"text\/javascript\">\n\t<!--\n\tvar button = document.getElementById('facebook_share_link_19226') || document.getElementById('facebook_share_icon_19226') || document.getElementById('facebook_share_both_19226') || document.getElementById('facebook_share_button_19226');\n\tif (button) {\n\t\tbutton.onclick = function(e) {\n\t\t\tvar url = this.href.replace(\/share\\.php\/, 'sharer.php');\n\t\t\twindow.open(url,'sharer','toolbar=0,status=0,width=626,height=436');\n\t\t\treturn false;\n\t\t}\n\t\n\t\tif (button.id === 'facebook_share_button_19226') {\n\t\t\tbutton.onmouseover = function(){\n\t\t\t\tthis.style.color='#fff';\n\t\t\t\tthis.style.borderColor = '#295582';\n\t\t\t\tthis.style.backgroundColor = '#3b5998';\n\t\t\t}\n\t\t\tbutton.onmouseout = function(){\n\t\t\t\tthis.style.color = '#3b5998';\n\t\t\t\tthis.style.borderColor = '#d8dfea';\n\t\t\t\tthis.style.backgroundColor = '#fff';\n\t\t\t}\n\t\t}\n\t}\n\t-->\n\t<\/script><\/p>\n","protected":false},"excerpt":{"rendered":"<p>Cela fait bien longtemps que je souhaite vous parler d&rsquo;elle, et, par ricochet, du temps. De lui, en r\u00e9alit\u00e9, j&rsquo;en parle tout le temps&#8230; \u00ab\u00a0Depuis la nuit des temps\u00a0\u00bb donc &#8211; environ 492 000 occurrences en 0,38 seconde dans un moteur de recherche dont l&rsquo;ambition est de vous prouver qu&rsquo;il peut r\u00e9pondre \u00e0 toutes vos [&hellip;]<\/p>\n<a href=\"http:\/\/www.facebook.com\/share.php?u=http%3A%2F%2Fwww.loucamino.com%2F%3Fp%3D19226&amp;t=Depuis%20la%20nuit%20des%20temps\" id=\"facebook_share_both_19226\" style=\"font-size:11px; line-height:13px; font-family:'lucida grande',tahoma,verdana,arial,sans-serif; text-decoration:none; padding:2px 0 0 20px; height:16px; background:url(http:\/\/b.static.ak.fbcdn.net\/images\/share\/facebook_share_icon.gif) no-repeat top left;\">Share on Facebook<\/a>\r\n\t<script type=\"text\/javascript\">\r\n\t<!--\r\n\tvar button = document.getElementById('facebook_share_link_19226') || document.getElementById('facebook_share_icon_19226') || document.getElementById('facebook_share_both_19226') || document.getElementById('facebook_share_button_19226');\r\n\tif (button) {\r\n\t\tbutton.onclick = function(e) {\r\n\t\t\tvar url = this.href.replace(\/share\\.php\/, 'sharer.php');\r\n\t\t\twindow.open(url,'sharer','toolbar=0,status=0,width=626,height=436');\r\n\t\t\treturn false;\r\n\t\t}\r\n\t\r\n\t\tif (button.id === 'facebook_share_button_19226') {\r\n\t\t\tbutton.onmouseover = function(){\r\n\t\t\t\tthis.style.color='#fff';\r\n\t\t\t\tthis.style.borderColor = '#295582';\r\n\t\t\t\tthis.style.backgroundColor = '#3b5998';\r\n\t\t\t}\r\n\t\t\tbutton.onmouseout = function(){\r\n\t\t\t\tthis.style.color = '#3b5998';\r\n\t\t\t\tthis.style.borderColor = '#d8dfea';\r\n\t\t\t\tthis.style.backgroundColor = '#fff';\r\n\t\t\t}\r\n\t\t}\r\n\t}\r\n\t-->\r\n\t<\/script>\r\n\t","protected":false},"author":1,"featured_media":0,"comment_status":"open","ping_status":"open","sticky":false,"template":"","format":"standard","meta":{"ngg_post_thumbnail":0},"categories":[1],"tags":[1940,1191,31,18,751,12,1031,3168,1212,4224,2285,201,587,143,2284,313],"_links":{"self":[{"href":"http:\/\/www.loucamino.com\/index.php?rest_route=\/wp\/v2\/posts\/19226"}],"collection":[{"href":"http:\/\/www.loucamino.com\/index.php?rest_route=\/wp\/v2\/posts"}],"about":[{"href":"http:\/\/www.loucamino.com\/index.php?rest_route=\/wp\/v2\/types\/post"}],"author":[{"embeddable":true,"href":"http:\/\/www.loucamino.com\/index.php?rest_route=\/wp\/v2\/users\/1"}],"replies":[{"embeddable":true,"href":"http:\/\/www.loucamino.com\/index.php?rest_route=%2Fwp%2Fv2%2Fcomments&post=19226"}],"version-history":[{"count":4,"href":"http:\/\/www.loucamino.com\/index.php?rest_route=\/wp\/v2\/posts\/19226\/revisions"}],"predecessor-version":[{"id":19231,"href":"http:\/\/www.loucamino.com\/index.php?rest_route=\/wp\/v2\/posts\/19226\/revisions\/19231"}],"wp:attachment":[{"href":"http:\/\/www.loucamino.com\/index.php?rest_route=%2Fwp%2Fv2%2Fmedia&parent=19226"}],"wp:term":[{"taxonomy":"category","embeddable":true,"href":"http:\/\/www.loucamino.com\/index.php?rest_route=%2Fwp%2Fv2%2Fcategories&post=19226"},{"taxonomy":"post_tag","embeddable":true,"href":"http:\/\/www.loucamino.com\/index.php?rest_route=%2Fwp%2Fv2%2Ftags&post=19226"}],"curies":[{"name":"wp","href":"https:\/\/api.w.org\/{rel}","templated":true}]}}