{"id":18889,"date":"2015-04-28T20:49:00","date_gmt":"2015-04-28T19:49:00","guid":{"rendered":"http:\/\/www.loucamino.com\/?p=18889"},"modified":"2015-04-28T20:49:00","modified_gmt":"2015-04-28T19:49:00","slug":"les-lambda-la","status":"publish","type":"post","link":"http:\/\/www.loucamino.com\/?p=18889","title":{"rendered":"Les lambda l\u00e0"},"content":{"rendered":"<ul class=\"wpsocialite social-buttons large\"><\/ul><p><a href=\"http:\/\/www.loucamino.com\/wp-content\/uploads\/2015\/04\/DSC_0541-1_72.jpg\"><img loading=\"lazy\" class=\"aligncenter size-full wp-image-18890\" src=\"http:\/\/www.loucamino.com\/wp-content\/uploads\/2015\/04\/DSC_0541-1_72.jpg\" alt=\"La lambda l\u00e0\" width=\"550\" height=\"368\" srcset=\"http:\/\/www.loucamino.com\/wp-content\/uploads\/2015\/04\/DSC_0541-1_72.jpg 550w, http:\/\/www.loucamino.com\/wp-content\/uploads\/2015\/04\/DSC_0541-1_72-300x200.jpg 300w\" sizes=\"(max-width: 550px) 100vw, 550px\" \/><\/a><\/p>\n<p style=\"text-align: justify;\">Ces deux-l\u00e0 ne le sont assur\u00e9ment pas\u2026 Tout est en fait parti d\u2019une conversation avec un chercheur en math\u00e9matiques qu\u00e9b\u00e9cois, ou plut\u00f4t un chercheur qu\u00e9b\u00e9cois en math\u00e9matiques. Il s\u2019amuse d\u2019une expression que je viens d\u2019utiliser dans une phrase banale et que je crois na\u00efvement universelle, tout du moins, partag\u00e9e dans toute la Francophonie, cette entit\u00e9 aux fronti\u00e8res mouvantes o\u00f9 l\u2019on s\u2019exprime majoritairement en fran\u00e7ais. \u00ab\u00a0Vous me faites rire, vous les fran\u00e7ais, avec cette expression\u00a0! On ne l\u2019utilise pas du tout icitte.\u00a0\u00bb<\/p>\n<p style=\"text-align: justify;\">En l\u2019occurrence, j\u2019ai fait surgir une \u00ab\u00a0personne lambda\u00a0\u00bb dans la discussion dont j&rsquo;ai oubli\u00e9 le contenu. Quand on y r\u00e9fl\u00e9chit un peu \u2013 ce qui est rarement le cas avec les expressions que nous avons totalement int\u00e9gr\u00e9es au fil des ann\u00e9es et que nous employons sans plus nous interroger sur leur origine \u2013, il est vrai que cela sonne \u00e9trangement. Une personne lambda. Une personne en forme de lettre, grecque qui plus est\u2026<\/p>\n<p style=\"text-align: justify;\">Vous me direz, ce n\u2019est pas la seule de cet alphabet antique \u00e0 \u00eatre pass\u00e9e dans le langage courant. Je vous laisse sonder votre esprit une microseconde. Hop, c\u2019est fini\u00a0! Il y a \u00ab\u00a0l\u2019alpha et l\u2019om\u00e9ga\u00a0\u00bb, qui en sont respectivement les premi\u00e8re et derni\u00e8re lettre. Et qui, logiquement, sont associ\u00e9es aux notions de commencement et de fin de quelque chose. Cette br\u00e8ve explication combin\u00e9e \u00e0 votre ma\u00eetrise de ladite \u00ab\u00a0personne lambda\u00a0\u00bb devrait vous donner un indice quant \u00e0 la place de cette lettre dans sa famille\u2026 Plut\u00f4t moyenne. Quelconque. Sans r\u00e9elle envergure ni signe distinctif. A peu pr\u00e8s au milieu. Normale quoi\u00a0! Ce qu\u2019est, par extension, une personne lambda, que rien, ni physiquement ni psychiquement, ne distingue particuli\u00e8rement des autres, de la masse, un monsieur ou madame Toutlemonde comme on dit aussi. Que l\u2019on invoque pour parler du citoyen moyen, ni plus ni moins, juste \u00ab\u00a0de base\u00a0\u00bb. Evidemment, la normalit\u00e9 est une notion relative, subjective autant que culturelle.<\/p>\n<p style=\"text-align: justify;\">Cela nous ram\u00e8ne \u00e0 ma toute premi\u00e8re phrase, toute, toute, que je compl\u00e8te tout de suite\u00a0: \u00ab\u00a0ces deux-l\u00e0 ne le sont assur\u00e9ment pas, des personnes lambda\u00a0!\u00a0\u00bb. A mes yeux d\u2019occidentale, lambda dois-je le pr\u00e9ciser\u00a0?, la rencontre visuelle avec ces demoiselles habill\u00e9es en \u2026, en \u2026, en\u00a0quoi d\u2019ailleurs ?, sans qu\u2019elles aillent pour autant \u00e0 un bal costum\u00e9 ou une soir\u00e9e \u00e0 th\u00e8me, est assur\u00e9ment surr\u00e9aliste. Dans les faits, il me suffit d\u2019\u00e9largir un peu mon champ visuel pour en croiser d&rsquo;autres, et m\u00eame beaucoup d\u2019autres, et, par cons\u00e9quent, r\u00e9aliser que porter des habits d\u2019\u00e9coli\u00e8re, de soubrette ou d\u2019infirmi\u00e8re, que se d\u00e9guiser en personnage de manga \u2013 et pratiquer donc le <em>cosplay<\/em>, \u00ab\u00a0costumade\u00a0\u00bb pour nos cousins qu\u00e9b\u00e9cois \u2013 n\u2019est pas si original que cela. Et que c\u2019est m\u00eame plut\u00f4t banal au Japon\u00a0! Moralit\u00e9, le lambda de l\u2019un n\u2019est pas forc\u00e9ment le lambda de l\u2019autre.<\/p>\n<div id=\"iLikeThis-18889\" class=\"iLikeThis\"><span class=\"counter\"><a onclick=\"likeThis(18889);\" class=\"image\">3<\/a><\/span><\/div>\n<p><a href=\"http:\/\/www.facebook.com\/share.php?u=http%3A%2F%2Fwww.loucamino.com%2F%3Fp%3D18889&amp;t=Les%20lambda%20l%C3%A0\" id=\"facebook_share_both_18889\" style=\"font-size:11px; line-height:13px; font-family:'lucida grande',tahoma,verdana,arial,sans-serif; text-decoration:none; padding:2px 0 0 20px; height:16px; background:url(http:\/\/b.static.ak.fbcdn.net\/images\/share\/facebook_share_icon.gif) no-repeat top left;\">Share on Facebook<\/a><br \/>\n\t<script type=\"text\/javascript\">\n\t<!--\n\tvar button = document.getElementById('facebook_share_link_18889') || document.getElementById('facebook_share_icon_18889') || document.getElementById('facebook_share_both_18889') || document.getElementById('facebook_share_button_18889');\n\tif (button) {\n\t\tbutton.onclick = function(e) {\n\t\t\tvar url = this.href.replace(\/share\\.php\/, 'sharer.php');\n\t\t\twindow.open(url,'sharer','toolbar=0,status=0,width=626,height=436');\n\t\t\treturn false;\n\t\t}\n\t\n\t\tif (button.id === 'facebook_share_button_18889') {\n\t\t\tbutton.onmouseover = function(){\n\t\t\t\tthis.style.color='#fff';\n\t\t\t\tthis.style.borderColor = '#295582';\n\t\t\t\tthis.style.backgroundColor = '#3b5998';\n\t\t\t}\n\t\t\tbutton.onmouseout = function(){\n\t\t\t\tthis.style.color = '#3b5998';\n\t\t\t\tthis.style.borderColor = '#d8dfea';\n\t\t\t\tthis.style.backgroundColor = '#fff';\n\t\t\t}\n\t\t}\n\t}\n\t-->\n\t<\/script><\/p>\n","protected":false},"excerpt":{"rendered":"<p>Ces deux-l\u00e0 ne le sont assur\u00e9ment pas\u2026 Tout est en fait parti d\u2019une conversation avec un chercheur en math\u00e9matiques qu\u00e9b\u00e9cois, ou plut\u00f4t un chercheur qu\u00e9b\u00e9cois en math\u00e9matiques. Il s\u2019amuse d\u2019une expression que je viens d\u2019utiliser dans une phrase banale et que je crois na\u00efvement universelle, tout du moins, partag\u00e9e dans toute la Francophonie, cette entit\u00e9 [&hellip;]<\/p>\n<a href=\"http:\/\/www.facebook.com\/share.php?u=http%3A%2F%2Fwww.loucamino.com%2F%3Fp%3D18889&amp;t=Les%20lambda%20l%C3%A0\" id=\"facebook_share_both_18889\" style=\"font-size:11px; line-height:13px; font-family:'lucida grande',tahoma,verdana,arial,sans-serif; text-decoration:none; padding:2px 0 0 20px; height:16px; background:url(http:\/\/b.static.ak.fbcdn.net\/images\/share\/facebook_share_icon.gif) no-repeat top left;\">Share on Facebook<\/a>\r\n\t<script type=\"text\/javascript\">\r\n\t<!--\r\n\tvar button = document.getElementById('facebook_share_link_18889') || document.getElementById('facebook_share_icon_18889') || document.getElementById('facebook_share_both_18889') || document.getElementById('facebook_share_button_18889');\r\n\tif (button) {\r\n\t\tbutton.onclick = function(e) {\r\n\t\t\tvar url = this.href.replace(\/share\\.php\/, 'sharer.php');\r\n\t\t\twindow.open(url,'sharer','toolbar=0,status=0,width=626,height=436');\r\n\t\t\treturn false;\r\n\t\t}\r\n\t\r\n\t\tif (button.id === 'facebook_share_button_18889') {\r\n\t\t\tbutton.onmouseover = function(){\r\n\t\t\t\tthis.style.color='#fff';\r\n\t\t\t\tthis.style.borderColor = '#295582';\r\n\t\t\t\tthis.style.backgroundColor = '#3b5998';\r\n\t\t\t}\r\n\t\t\tbutton.onmouseout = function(){\r\n\t\t\t\tthis.style.color = '#3b5998';\r\n\t\t\t\tthis.style.borderColor = '#d8dfea';\r\n\t\t\t\tthis.style.backgroundColor = '#fff';\r\n\t\t\t}\r\n\t\t}\r\n\t}\r\n\t-->\r\n\t<\/script>\r\n\t","protected":false},"author":1,"featured_media":0,"comment_status":"open","ping_status":"open","sticky":false,"template":"","format":"standard","meta":{"ngg_post_thumbnail":0},"categories":[1],"tags":[3131,3130,2964,3133,263,913,1846,3132,205,4205,1791],"_links":{"self":[{"href":"http:\/\/www.loucamino.com\/index.php?rest_route=\/wp\/v2\/posts\/18889"}],"collection":[{"href":"http:\/\/www.loucamino.com\/index.php?rest_route=\/wp\/v2\/posts"}],"about":[{"href":"http:\/\/www.loucamino.com\/index.php?rest_route=\/wp\/v2\/types\/post"}],"author":[{"embeddable":true,"href":"http:\/\/www.loucamino.com\/index.php?rest_route=\/wp\/v2\/users\/1"}],"replies":[{"embeddable":true,"href":"http:\/\/www.loucamino.com\/index.php?rest_route=%2Fwp%2Fv2%2Fcomments&post=18889"}],"version-history":[{"count":2,"href":"http:\/\/www.loucamino.com\/index.php?rest_route=\/wp\/v2\/posts\/18889\/revisions"}],"predecessor-version":[{"id":18963,"href":"http:\/\/www.loucamino.com\/index.php?rest_route=\/wp\/v2\/posts\/18889\/revisions\/18963"}],"wp:attachment":[{"href":"http:\/\/www.loucamino.com\/index.php?rest_route=%2Fwp%2Fv2%2Fmedia&parent=18889"}],"wp:term":[{"taxonomy":"category","embeddable":true,"href":"http:\/\/www.loucamino.com\/index.php?rest_route=%2Fwp%2Fv2%2Fcategories&post=18889"},{"taxonomy":"post_tag","embeddable":true,"href":"http:\/\/www.loucamino.com\/index.php?rest_route=%2Fwp%2Fv2%2Ftags&post=18889"}],"curies":[{"name":"wp","href":"https:\/\/api.w.org\/{rel}","templated":true}]}}