{"id":18254,"date":"2014-12-16T12:11:45","date_gmt":"2014-12-16T11:11:45","guid":{"rendered":"http:\/\/www.loucamino.com\/?p=18254"},"modified":"2014-12-16T12:12:26","modified_gmt":"2014-12-16T11:12:26","slug":"objectif3280-3e-edition","status":"publish","type":"post","link":"http:\/\/www.loucamino.com\/?p=18254","title":{"rendered":"Objectif3280 3e \u00e9dition &#8211; Sur une branche, perch\u00e9e avec&#8230; : l&rsquo;ebook"},"content":{"rendered":"<ul class=\"wpsocialite social-buttons large\"><\/ul><p><a href=\"http:\/\/www.loucamino.com\/wp-content\/uploads\/2014\/12\/Surunebranche_couv_ed3.jpg\"><img loading=\"lazy\" class=\"aligncenter size-full wp-image-18255\" src=\"http:\/\/www.loucamino.com\/wp-content\/uploads\/2014\/12\/Surunebranche_couv_ed3.jpg\" alt=\"Objectif3280- Perchee sur une branche avec\" width=\"550\" height=\"550\" srcset=\"http:\/\/www.loucamino.com\/wp-content\/uploads\/2014\/12\/Surunebranche_couv_ed3.jpg 550w, http:\/\/www.loucamino.com\/wp-content\/uploads\/2014\/12\/Surunebranche_couv_ed3-150x150.jpg 150w, http:\/\/www.loucamino.com\/wp-content\/uploads\/2014\/12\/Surunebranche_couv_ed3-300x300.jpg 300w\" sizes=\"(max-width: 550px) 100vw, 550px\" \/><\/a><\/p>\n<p>D\u00e8s la 2\u00e8me \u00e9dition d&rsquo;Objectif3280, j\u2019ai cr\u00e9\u00e9 ce rendez-vous en 3 questions permettant aux participants de s&rsquo;exprimer sur la place de la photographie dans leur vie, leur image et l&rsquo;association d&rsquo;id\u00e9e l\u2019unissant \u00e0 la photo de la g\u00e9n\u00e9ration pr\u00e9c\u00e9dente. Associations d&rsquo;id\u00e9es qui sont au coeur de ce projet photographique participatif en ligne en temps r\u00e9el et mondial. L\u2019exp\u00e9rience a \u00e9t\u00e9 renouvel\u00e9e pour la 3\u00e8me \u00e9dition de cette utopie \u00e9cho-photographique. 19 d&rsquo;entre eux ont r\u00e9pondu et nous racontent leurs histoires&#8230; <\/p>\n<p>N&rsquo;h\u00e9sitez pas \u00e0 y jeter un oeil avant le prochain lancement de la 4e \u00e9dition !<\/p>\n<div data-configid=\"3698487\/10579543\" style=\"width: 500px; height: 250px;\" class=\"issuuembed\"><\/div>\n<p><script type=\"text\/javascript\" src=\"\/\/e.issuu.com\/embed.js\" async=\"true\"><\/script><\/p>\n<div id=\"iLikeThis-18254\" class=\"iLikeThis\"><span class=\"counter\"><a onclick=\"likeThis(18254);\" class=\"image\">5<\/a><\/span><\/div>\n<p><a href=\"http:\/\/www.facebook.com\/share.php?u=http%3A%2F%2Fwww.loucamino.com%2F%3Fp%3D18254&amp;t=Objectif3280%203e%20%C3%A9dition%20-%20Sur%20une%20branche%2C%20perch%C3%A9e%20avec...%20%3A%20l%27ebook\" id=\"facebook_share_both_18254\" style=\"font-size:11px; line-height:13px; font-family:'lucida grande',tahoma,verdana,arial,sans-serif; text-decoration:none; padding:2px 0 0 20px; height:16px; background:url(http:\/\/b.static.ak.fbcdn.net\/images\/share\/facebook_share_icon.gif) no-repeat top left;\">Share on Facebook<\/a><br \/>\n\t<script type=\"text\/javascript\">\n\t<!--\n\tvar button = document.getElementById('facebook_share_link_18254') || document.getElementById('facebook_share_icon_18254') || document.getElementById('facebook_share_both_18254') || document.getElementById('facebook_share_button_18254');\n\tif (button) {\n\t\tbutton.onclick = function(e) {\n\t\t\tvar url = this.href.replace(\/share\\.php\/, 'sharer.php');\n\t\t\twindow.open(url,'sharer','toolbar=0,status=0,width=626,height=436');\n\t\t\treturn false;\n\t\t}\n\t\n\t\tif (button.id === 'facebook_share_button_18254') {\n\t\t\tbutton.onmouseover = function(){\n\t\t\t\tthis.style.color='#fff';\n\t\t\t\tthis.style.borderColor = '#295582';\n\t\t\t\tthis.style.backgroundColor = '#3b5998';\n\t\t\t}\n\t\t\tbutton.onmouseout = function(){\n\t\t\t\tthis.style.color = '#3b5998';\n\t\t\t\tthis.style.borderColor = '#d8dfea';\n\t\t\t\tthis.style.backgroundColor = '#fff';\n\t\t\t}\n\t\t}\n\t}\n\t-->\n\t<\/script><\/p>\n","protected":false},"excerpt":{"rendered":"<p>D\u00e8s la 2\u00e8me \u00e9dition d&rsquo;Objectif3280, j\u2019ai cr\u00e9\u00e9 ce rendez-vous en 3 questions permettant aux participants de s&rsquo;exprimer sur la place de la photographie dans leur vie, leur image et l&rsquo;association d&rsquo;id\u00e9e l\u2019unissant \u00e0 la photo de la g\u00e9n\u00e9ration pr\u00e9c\u00e9dente. Associations d&rsquo;id\u00e9es qui sont au coeur de ce projet photographique participatif en ligne en temps r\u00e9el [&hellip;]<\/p>\n<a href=\"http:\/\/www.facebook.com\/share.php?u=http%3A%2F%2Fwww.loucamino.com%2F%3Fp%3D18254&amp;t=Objectif3280%203e%20%C3%A9dition%20-%20Sur%20une%20branche%2C%20perch%C3%A9e%20avec...%20%3A%20l%27ebook\" id=\"facebook_share_both_18254\" style=\"font-size:11px; line-height:13px; font-family:'lucida grande',tahoma,verdana,arial,sans-serif; text-decoration:none; padding:2px 0 0 20px; height:16px; background:url(http:\/\/b.static.ak.fbcdn.net\/images\/share\/facebook_share_icon.gif) no-repeat top left;\">Share on Facebook<\/a>\r\n\t<script type=\"text\/javascript\">\r\n\t<!--\r\n\tvar button = document.getElementById('facebook_share_link_18254') || document.getElementById('facebook_share_icon_18254') || document.getElementById('facebook_share_both_18254') || document.getElementById('facebook_share_button_18254');\r\n\tif (button) {\r\n\t\tbutton.onclick = function(e) {\r\n\t\t\tvar url = this.href.replace(\/share\\.php\/, 'sharer.php');\r\n\t\t\twindow.open(url,'sharer','toolbar=0,status=0,width=626,height=436');\r\n\t\t\treturn false;\r\n\t\t}\r\n\t\r\n\t\tif (button.id === 'facebook_share_button_18254') {\r\n\t\t\tbutton.onmouseover = function(){\r\n\t\t\t\tthis.style.color='#fff';\r\n\t\t\t\tthis.style.borderColor = '#295582';\r\n\t\t\t\tthis.style.backgroundColor = '#3b5998';\r\n\t\t\t}\r\n\t\t\tbutton.onmouseout = function(){\r\n\t\t\t\tthis.style.color = '#3b5998';\r\n\t\t\t\tthis.style.borderColor = '#d8dfea';\r\n\t\t\t\tthis.style.backgroundColor = '#fff';\r\n\t\t\t}\r\n\t\t}\r\n\t}\r\n\t-->\r\n\t<\/script>\r\n\t","protected":false},"author":1,"featured_media":0,"comment_status":"open","ping_status":"open","sticky":false,"template":"","format":"standard","meta":{"ngg_post_thumbnail":0},"categories":[1],"tags":[2584,2597,2966,1208],"_links":{"self":[{"href":"http:\/\/www.loucamino.com\/index.php?rest_route=\/wp\/v2\/posts\/18254"}],"collection":[{"href":"http:\/\/www.loucamino.com\/index.php?rest_route=\/wp\/v2\/posts"}],"about":[{"href":"http:\/\/www.loucamino.com\/index.php?rest_route=\/wp\/v2\/types\/post"}],"author":[{"embeddable":true,"href":"http:\/\/www.loucamino.com\/index.php?rest_route=\/wp\/v2\/users\/1"}],"replies":[{"embeddable":true,"href":"http:\/\/www.loucamino.com\/index.php?rest_route=%2Fwp%2Fv2%2Fcomments&post=18254"}],"version-history":[{"count":2,"href":"http:\/\/www.loucamino.com\/index.php?rest_route=\/wp\/v2\/posts\/18254\/revisions"}],"predecessor-version":[{"id":18257,"href":"http:\/\/www.loucamino.com\/index.php?rest_route=\/wp\/v2\/posts\/18254\/revisions\/18257"}],"wp:attachment":[{"href":"http:\/\/www.loucamino.com\/index.php?rest_route=%2Fwp%2Fv2%2Fmedia&parent=18254"}],"wp:term":[{"taxonomy":"category","embeddable":true,"href":"http:\/\/www.loucamino.com\/index.php?rest_route=%2Fwp%2Fv2%2Fcategories&post=18254"},{"taxonomy":"post_tag","embeddable":true,"href":"http:\/\/www.loucamino.com\/index.php?rest_route=%2Fwp%2Fv2%2Ftags&post=18254"}],"curies":[{"name":"wp","href":"https:\/\/api.w.org\/{rel}","templated":true}]}}