{"id":10954,"date":"2012-10-26T23:32:05","date_gmt":"2012-10-26T21:32:05","guid":{"rendered":"http:\/\/www.loucamino.com\/?p=10954"},"modified":"2012-10-26T23:43:38","modified_gmt":"2012-10-26T21:43:38","slug":"la-noirceur-de-lombre","status":"publish","type":"post","link":"http:\/\/www.loucamino.com\/?p=10954","title":{"rendered":"Les nuances de l&rsquo;ombre"},"content":{"rendered":"<ul class=\"wpsocialite social-buttons large\"><\/ul><p><a href=\"http:\/\/www.loucamino.com\/wp-content\/uploads\/2012\/10\/DSC_9732-1_72.jpg\"><img loading=\"lazy\" class=\"aligncenter size-full wp-image-10955\" title=\"DSC_9732-1_72\" src=\"http:\/\/www.loucamino.com\/wp-content\/uploads\/2012\/10\/DSC_9732-1_72.jpg\" alt=\"\" width=\"368\" height=\"550\" srcset=\"http:\/\/www.loucamino.com\/wp-content\/uploads\/2012\/10\/DSC_9732-1_72.jpg 368w, http:\/\/www.loucamino.com\/wp-content\/uploads\/2012\/10\/DSC_9732-1_72-200x300.jpg 200w\" sizes=\"(max-width: 368px) 100vw, 368px\" \/><\/a><\/p>\n<p style=\"text-align: justify;\">Prendre cette photo m&rsquo;a rappel\u00e9 une remarque de mon professeur de dessin au lyc\u00e9e. Il y a quelques phrases d&rsquo;enseignants, comme cela, qui m&rsquo;ont marqu\u00e9e, sans qu&rsquo;elles aient toujours de lien direct avec le contenu de leurs cours. En la mati\u00e8re, c&rsquo;est une appr\u00e9ciation de ma professeur de fran\u00e7ais de 1re qui gagne, haut la main, la palme de la sentence la plus m\u00e9morable. Je vous la livre telle que je m&rsquo;en souviens, c&rsquo;est-\u00e0-dire, \u00e0 la virgule pr\u00e8s : \u00ab\u00a0La m\u00e9diocrit\u00e9 du fran\u00e7ais g\u00e8ne des travaux de plus en plus satisfaisants\u00a0\u00bb. Sentence servie dans un contexte o\u00f9 j&rsquo;\u00e9tais parmi les 5 premi\u00e8res de la classe. Je n&rsquo;ose imaginer ce qu&rsquo;elle a \u00e9crit aux suivants. Un m\u00e9lange subtil de compliment et de vacherie que, comme le lait, j&rsquo;ai eu du mal \u00e0 dig\u00e9rer, ne sachant s&rsquo;il fallait que je m&rsquo;attarde plus sur le mot fort et violent \u00ab\u00a0m\u00e9diocrit\u00e9\u00a0\u00bb ou celui, encourageant et porteur d&rsquo;espoir \u00ab\u00a0satisfaisants\u00a0\u00bb. Je n&rsquo;ai pas tranch\u00e9 mais force est de constater que cela n&rsquo;a pas alt\u00e9r\u00e9 mon d\u00e9sir d&rsquo;\u00e9criture, qui n&rsquo;existait pas forc\u00e9ment \u00e0 cette \u00e9poque d&rsquo;ailleurs, m\u00eame si la formule a travers\u00e9 les d\u00e9cades comme un saint sacrement. J&rsquo;ai cru l&rsquo;avoir crois\u00e9e dans la rue il y a quelques mois. En blonde. Fausse. C&rsquo;\u00e9tait tr\u00e8s furtif et je n&rsquo;ai pas cherch\u00e9 \u00e0 v\u00e9rifier. Que lui aurais-je dit ? \u00ab\u00a0Vous vous souvenez, je suis la fille au fran\u00e7ais m\u00e9diocre mais aux travaux de plus en plus satisfaisants ?\u00a0\u00bb. Je me demande ce qu&rsquo;elle penserait en apprenant que le verbe est devenu mon quotidien. Je pourrais m\u00eame pousser un peu plus loin et me demander en quoi ce d\u00e9fi qu&rsquo;elle me lan\u00e7ait \u00e0 travers cette phrase sibylline n&rsquo;a-t-il pas \u00e9t\u00e9 le catalyseur de cette n\u00e9cessit\u00e9 d&rsquo;\u00e9crire, mieux.<\/p>\n<p style=\"text-align: justify;\">La remarque de mon professeur de dessin m&rsquo;a plong\u00e9e dans une perplexit\u00e9 toute diff\u00e9rente, \u00e0 tel point, qu&rsquo;aujourd&rsquo;hui, je doute encore de l&rsquo;avoir bien entendue. Son ton cat\u00e9gorique \u00e0 l&rsquo;\u00e9poque avait \u00f4t\u00e9 toute vell\u00e9it\u00e9 de contradiction m\u00eame si je n&rsquo;en pensais pas moins. Notre salle d&rsquo;arts plastiques \u00e9tait perch\u00e9e au dernier \u00e9tage du lyc\u00e9e, avec une belle hauteur sous plafond, partiellement des verri\u00e8res. Un vrai atelier d&rsquo;artiste avec ses t\u00e2ches de peintures sur le parquet. Il y avait des ombres sur le dessin que je lui pr\u00e9sentais pour un retour \u00e9clair\u00e9. Des ombres \u00e0 la tonalit\u00e9 diff\u00e9rente. En clair, des ombres plus sombres que d&rsquo;autres. Parce qu&rsquo;il y avait plusieurs \u00e9clairages. Logique. M\u00eame plus que \u00e7a, optique. Un peu rieur, il m&rsquo;avait alors dit que les ombres ne s&rsquo;additionnaient pas. Une ombre n&rsquo;\u00e9tait qu&rsquo;une ombre, toujours fid\u00e8le \u00e0 elle-m\u00eame. Et pourtant, quand on voit la multi-projection de cet escabeau sur le b\u00e9ton, force est de constater que l&rsquo;ombre est loin d&rsquo;\u00eatre si monotone&#8230;<\/p>\n<div id=\"iLikeThis-10954\" class=\"iLikeThis\"><span class=\"counter\"><a onclick=\"likeThis(10954);\" class=\"image\">8<\/a><\/span><\/div>\n<p><a href=\"http:\/\/www.facebook.com\/share.php?u=http%3A%2F%2Fwww.loucamino.com%2F%3Fp%3D10954&amp;t=Les%20nuances%20de%20l%27ombre\" id=\"facebook_share_both_10954\" style=\"font-size:11px; line-height:13px; font-family:'lucida grande',tahoma,verdana,arial,sans-serif; text-decoration:none; padding:2px 0 0 20px; height:16px; background:url(http:\/\/b.static.ak.fbcdn.net\/images\/share\/facebook_share_icon.gif) no-repeat top left;\">Share on Facebook<\/a><br \/>\n\t<script type=\"text\/javascript\">\n\t<!--\n\tvar button = document.getElementById('facebook_share_link_10954') || document.getElementById('facebook_share_icon_10954') || document.getElementById('facebook_share_both_10954') || document.getElementById('facebook_share_button_10954');\n\tif (button) {\n\t\tbutton.onclick = function(e) {\n\t\t\tvar url = this.href.replace(\/share\\.php\/, 'sharer.php');\n\t\t\twindow.open(url,'sharer','toolbar=0,status=0,width=626,height=436');\n\t\t\treturn false;\n\t\t}\n\t\n\t\tif (button.id === 'facebook_share_button_10954') {\n\t\t\tbutton.onmouseover = function(){\n\t\t\t\tthis.style.color='#fff';\n\t\t\t\tthis.style.borderColor = '#295582';\n\t\t\t\tthis.style.backgroundColor = '#3b5998';\n\t\t\t}\n\t\t\tbutton.onmouseout = function(){\n\t\t\t\tthis.style.color = '#3b5998';\n\t\t\t\tthis.style.borderColor = '#d8dfea';\n\t\t\t\tthis.style.backgroundColor = '#fff';\n\t\t\t}\n\t\t}\n\t}\n\t-->\n\t<\/script><\/p>\n","protected":false},"excerpt":{"rendered":"<p>Prendre cette photo m&rsquo;a rappel\u00e9 une remarque de mon professeur de dessin au lyc\u00e9e. Il y a quelques phrases d&rsquo;enseignants, comme cela, qui m&rsquo;ont marqu\u00e9e, sans qu&rsquo;elles aient toujours de lien direct avec le contenu de leurs cours. En la mati\u00e8re, c&rsquo;est une appr\u00e9ciation de ma professeur de fran\u00e7ais de 1re qui gagne, haut la [&hellip;]<\/p>\n<a href=\"http:\/\/www.facebook.com\/share.php?u=http%3A%2F%2Fwww.loucamino.com%2F%3Fp%3D10954&amp;t=Les%20nuances%20de%20l%27ombre\" id=\"facebook_share_both_10954\" style=\"font-size:11px; line-height:13px; font-family:'lucida grande',tahoma,verdana,arial,sans-serif; text-decoration:none; padding:2px 0 0 20px; height:16px; background:url(http:\/\/b.static.ak.fbcdn.net\/images\/share\/facebook_share_icon.gif) no-repeat top left;\">Share on Facebook<\/a>\r\n\t<script type=\"text\/javascript\">\r\n\t<!--\r\n\tvar button = document.getElementById('facebook_share_link_10954') || document.getElementById('facebook_share_icon_10954') || document.getElementById('facebook_share_both_10954') || document.getElementById('facebook_share_button_10954');\r\n\tif (button) {\r\n\t\tbutton.onclick = function(e) {\r\n\t\t\tvar url = this.href.replace(\/share\\.php\/, 'sharer.php');\r\n\t\t\twindow.open(url,'sharer','toolbar=0,status=0,width=626,height=436');\r\n\t\t\treturn false;\r\n\t\t}\r\n\t\r\n\t\tif (button.id === 'facebook_share_button_10954') {\r\n\t\t\tbutton.onmouseover = function(){\r\n\t\t\t\tthis.style.color='#fff';\r\n\t\t\t\tthis.style.borderColor = '#295582';\r\n\t\t\t\tthis.style.backgroundColor = '#3b5998';\r\n\t\t\t}\r\n\t\t\tbutton.onmouseout = function(){\r\n\t\t\t\tthis.style.color = '#3b5998';\r\n\t\t\t\tthis.style.borderColor = '#d8dfea';\r\n\t\t\t\tthis.style.backgroundColor = '#fff';\r\n\t\t\t}\r\n\t\t}\r\n\t}\r\n\t-->\r\n\t<\/script>\r\n\t","protected":false},"author":1,"featured_media":0,"comment_status":"open","ping_status":"closed","sticky":false,"template":"","format":"standard","meta":{"ngg_post_thumbnail":0},"categories":[1],"tags":[320,277,318,292,350,35,2096,1181],"_links":{"self":[{"href":"http:\/\/www.loucamino.com\/index.php?rest_route=\/wp\/v2\/posts\/10954"}],"collection":[{"href":"http:\/\/www.loucamino.com\/index.php?rest_route=\/wp\/v2\/posts"}],"about":[{"href":"http:\/\/www.loucamino.com\/index.php?rest_route=\/wp\/v2\/types\/post"}],"author":[{"embeddable":true,"href":"http:\/\/www.loucamino.com\/index.php?rest_route=\/wp\/v2\/users\/1"}],"replies":[{"embeddable":true,"href":"http:\/\/www.loucamino.com\/index.php?rest_route=%2Fwp%2Fv2%2Fcomments&post=10954"}],"version-history":[{"count":9,"href":"http:\/\/www.loucamino.com\/index.php?rest_route=\/wp\/v2\/posts\/10954\/revisions"}],"predecessor-version":[{"id":10964,"href":"http:\/\/www.loucamino.com\/index.php?rest_route=\/wp\/v2\/posts\/10954\/revisions\/10964"}],"wp:attachment":[{"href":"http:\/\/www.loucamino.com\/index.php?rest_route=%2Fwp%2Fv2%2Fmedia&parent=10954"}],"wp:term":[{"taxonomy":"category","embeddable":true,"href":"http:\/\/www.loucamino.com\/index.php?rest_route=%2Fwp%2Fv2%2Fcategories&post=10954"},{"taxonomy":"post_tag","embeddable":true,"href":"http:\/\/www.loucamino.com\/index.php?rest_route=%2Fwp%2Fv2%2Ftags&post=10954"}],"curies":[{"name":"wp","href":"https:\/\/api.w.org\/{rel}","templated":true}]}}