{"id":10427,"date":"2012-08-19T17:19:11","date_gmt":"2012-08-19T15:19:11","guid":{"rendered":"http:\/\/www.loucamino.com\/?p=10427"},"modified":"2012-08-19T17:19:48","modified_gmt":"2012-08-19T15:19:48","slug":"les-vacances-5_la-fin","status":"publish","type":"post","link":"http:\/\/www.loucamino.com\/?p=10427","title":{"rendered":"Les vacances # 5_La fin des vacances"},"content":{"rendered":"<ul class=\"wpsocialite social-buttons large\"><\/ul><p><a href=\"http:\/\/www.loucamino.com\/wp-content\/uploads\/2012\/08\/P1440451-1_72.jpg\"><img loading=\"lazy\" class=\"aligncenter size-full wp-image-10428\" title=\"P1440451-1_72\" src=\"http:\/\/www.loucamino.com\/wp-content\/uploads\/2012\/08\/P1440451-1_72.jpg\" alt=\"\" width=\"369\" height=\"550\" srcset=\"http:\/\/www.loucamino.com\/wp-content\/uploads\/2012\/08\/P1440451-1_72.jpg 369w, http:\/\/www.loucamino.com\/wp-content\/uploads\/2012\/08\/P1440451-1_72-201x300.jpg 201w\" sizes=\"(max-width: 369px) 100vw, 369px\" \/><\/a><\/p>\n<p style=\"text-align: justify;\">La fin des vacances, c&rsquo;est quand on troque les tongs dans lesquelles on a gliss\u00e9 ses pieds pendant 15 jours pour des chaussures ferm\u00e9es ; la fin des vacances, c&rsquo;est quand on se met \u00e0 penser \u00e0 la fa\u00e7on dont on va organiser sa premi\u00e8re journ\u00e9e de travail ; la fin des vacances, c&rsquo;est quand on remise sa petite robe au fin fond du placard en lui disant \u00ab\u00a0\u00e0 l&rsquo;ann\u00e9e prochaine !\u00a0\u00bb ; la fin des vacances, c&rsquo;est quand on s&rsquo;interroge sur la temp\u00e9rature qu&rsquo;il fait l\u00e0 o\u00f9 on vit en pensant, \u00e0 tort, qu&rsquo;il y fera forc\u00e9ment un sale temps ; la fin des vacances, c&rsquo;est quand on commence \u00e0 regarder un coucher de soleil depuis la route avec une vraie nostalgie ; la fin des vacances, c&rsquo;est quand on se d\u00e9p\u00eache d&rsquo;\u00e9crire les cartes postales achet\u00e9es en d\u00e9but de s\u00e9jour alors que l&rsquo;on pensait avoir le temps ; la fin des vacances, c&rsquo;est justement quand on se dit que le temps a pass\u00e9 vite ; la fin des vacances, c&rsquo;est quand on se met en t\u00eate de prendre de bonnes r\u00e9solutions, un peu comme au passage de la nouvelle ann\u00e9e &#8211; au retour, je prends un abonnement \u00e0 la piscine ! &#8211; ; la fin des vacances, c&rsquo;est quand on fait le tour des pi\u00e8ces qui nous ont accueillis les bras ouverts en v\u00e9rifiant que l&rsquo;on n&rsquo;y a rien oubli\u00e9 (en particulier sous le lit, m\u00eame si, en soi, cette attention est un acte \u00e9trange supposant que des objets plac\u00e9s sur des fauteuils, des bancs, des meubles peuvent non seulement se d\u00e9placer mais en plus se cacher) ; la fin des vacances, c&rsquo;est quand on se rem\u00e9more ses pr\u00e9c\u00e9dentes vacances en se disant : \u00ab\u00a0c&rsquo;est bien, quand m\u00eame, les vacances\u00a0\u00bb (ce qui sous-entend que, pendant l&rsquo;ann\u00e9e, on l&rsquo;oublie presque) ; la fin des vacances, c&rsquo;est quand on \u00e9crit un texte sur la fin des vacances \u00e0 l&rsquo;a\u00e9roport en attendant d&#8217;embarquer avec une heure de retard parce que c&rsquo;est comme \u00e7a et que \u00e7a fait durer le plaisir&#8230; Bref, la fin des vacances, c&rsquo;est nul !<\/p>\n<div id=\"iLikeThis-10427\" class=\"iLikeThis\"><span class=\"counter\"><a onclick=\"likeThis(10427);\" class=\"image\">7<\/a><\/span><\/div>\n<p><a href=\"http:\/\/www.facebook.com\/share.php?u=http%3A%2F%2Fwww.loucamino.com%2F%3Fp%3D10427&amp;t=Les%20vacances%20%23%205_La%20fin%20des%20vacances\" id=\"facebook_share_both_10427\" style=\"font-size:11px; line-height:13px; font-family:'lucida grande',tahoma,verdana,arial,sans-serif; text-decoration:none; padding:2px 0 0 20px; height:16px; background:url(http:\/\/b.static.ak.fbcdn.net\/images\/share\/facebook_share_icon.gif) no-repeat top left;\">Share on Facebook<\/a><br \/>\n\t<script type=\"text\/javascript\">\n\t<!--\n\tvar button = document.getElementById('facebook_share_link_10427') || document.getElementById('facebook_share_icon_10427') || document.getElementById('facebook_share_both_10427') || document.getElementById('facebook_share_button_10427');\n\tif (button) {\n\t\tbutton.onclick = function(e) {\n\t\t\tvar url = this.href.replace(\/share\\.php\/, 'sharer.php');\n\t\t\twindow.open(url,'sharer','toolbar=0,status=0,width=626,height=436');\n\t\t\treturn false;\n\t\t}\n\t\n\t\tif (button.id === 'facebook_share_button_10427') {\n\t\t\tbutton.onmouseover = function(){\n\t\t\t\tthis.style.color='#fff';\n\t\t\t\tthis.style.borderColor = '#295582';\n\t\t\t\tthis.style.backgroundColor = '#3b5998';\n\t\t\t}\n\t\t\tbutton.onmouseout = function(){\n\t\t\t\tthis.style.color = '#3b5998';\n\t\t\t\tthis.style.borderColor = '#d8dfea';\n\t\t\t\tthis.style.backgroundColor = '#fff';\n\t\t\t}\n\t\t}\n\t}\n\t-->\n\t<\/script><\/p>\n","protected":false},"excerpt":{"rendered":"<p>La fin des vacances, c&rsquo;est quand on troque les tongs dans lesquelles on a gliss\u00e9 ses pieds pendant 15 jours pour des chaussures ferm\u00e9es ; la fin des vacances, c&rsquo;est quand on se met \u00e0 penser \u00e0 la fa\u00e7on dont on va organiser sa premi\u00e8re journ\u00e9e de travail ; la fin des vacances, c&rsquo;est quand [&hellip;]<\/p>\n<a href=\"http:\/\/www.facebook.com\/share.php?u=http%3A%2F%2Fwww.loucamino.com%2F%3Fp%3D10427&amp;t=Les%20vacances%20%23%205_La%20fin%20des%20vacances\" id=\"facebook_share_both_10427\" style=\"font-size:11px; line-height:13px; font-family:'lucida grande',tahoma,verdana,arial,sans-serif; text-decoration:none; padding:2px 0 0 20px; height:16px; background:url(http:\/\/b.static.ak.fbcdn.net\/images\/share\/facebook_share_icon.gif) no-repeat top left;\">Share on Facebook<\/a>\r\n\t<script type=\"text\/javascript\">\r\n\t<!--\r\n\tvar button = document.getElementById('facebook_share_link_10427') || document.getElementById('facebook_share_icon_10427') || document.getElementById('facebook_share_both_10427') || document.getElementById('facebook_share_button_10427');\r\n\tif (button) {\r\n\t\tbutton.onclick = function(e) {\r\n\t\t\tvar url = this.href.replace(\/share\\.php\/, 'sharer.php');\r\n\t\t\twindow.open(url,'sharer','toolbar=0,status=0,width=626,height=436');\r\n\t\t\treturn false;\r\n\t\t}\r\n\t\r\n\t\tif (button.id === 'facebook_share_button_10427') {\r\n\t\t\tbutton.onmouseover = function(){\r\n\t\t\t\tthis.style.color='#fff';\r\n\t\t\t\tthis.style.borderColor = '#295582';\r\n\t\t\t\tthis.style.backgroundColor = '#3b5998';\r\n\t\t\t}\r\n\t\t\tbutton.onmouseout = function(){\r\n\t\t\t\tthis.style.color = '#3b5998';\r\n\t\t\t\tthis.style.borderColor = '#d8dfea';\r\n\t\t\t\tthis.style.backgroundColor = '#fff';\r\n\t\t\t}\r\n\t\t}\r\n\t}\r\n\t-->\r\n\t<\/script>\r\n\t","protected":false},"author":1,"featured_media":0,"comment_status":"open","ping_status":"closed","sticky":false,"template":"","format":"standard","meta":{"ngg_post_thumbnail":0},"categories":[1],"tags":[845,31,1056,132,12,4224,617,77,295,78,79,1147,131],"_links":{"self":[{"href":"http:\/\/www.loucamino.com\/index.php?rest_route=\/wp\/v2\/posts\/10427"}],"collection":[{"href":"http:\/\/www.loucamino.com\/index.php?rest_route=\/wp\/v2\/posts"}],"about":[{"href":"http:\/\/www.loucamino.com\/index.php?rest_route=\/wp\/v2\/types\/post"}],"author":[{"embeddable":true,"href":"http:\/\/www.loucamino.com\/index.php?rest_route=\/wp\/v2\/users\/1"}],"replies":[{"embeddable":true,"href":"http:\/\/www.loucamino.com\/index.php?rest_route=%2Fwp%2Fv2%2Fcomments&post=10427"}],"version-history":[{"count":2,"href":"http:\/\/www.loucamino.com\/index.php?rest_route=\/wp\/v2\/posts\/10427\/revisions"}],"predecessor-version":[{"id":10430,"href":"http:\/\/www.loucamino.com\/index.php?rest_route=\/wp\/v2\/posts\/10427\/revisions\/10430"}],"wp:attachment":[{"href":"http:\/\/www.loucamino.com\/index.php?rest_route=%2Fwp%2Fv2%2Fmedia&parent=10427"}],"wp:term":[{"taxonomy":"category","embeddable":true,"href":"http:\/\/www.loucamino.com\/index.php?rest_route=%2Fwp%2Fv2%2Fcategories&post=10427"},{"taxonomy":"post_tag","embeddable":true,"href":"http:\/\/www.loucamino.com\/index.php?rest_route=%2Fwp%2Fv2%2Ftags&post=10427"}],"curies":[{"name":"wp","href":"https:\/\/api.w.org\/{rel}","templated":true}]}}